{"id":93521,"date":"2016-06-24T15:05:12","date_gmt":"2016-06-24T18:05:12","guid":{"rendered":"http:\/\/senoticias.com.br\/se\/?p=93521"},"modified":"2016-06-24T15:10:23","modified_gmt":"2016-06-24T18:10:23","slug":"tribunal-de-contas-aprova-rateio-de-icms-da-vale-entre-18-municipios","status":"publish","type":"post","link":"https:\/\/senoticias.com.br\/se\/tribunal-de-contas-aprova-rateio-de-icms-da-vale-entre-18-municipios\/","title":{"rendered":"Tribunal de Contas aprova rateio de ICMS da Vale entre 18 munic\u00edpios"},"content":{"rendered":"<p style=\"text-align: justify;\">O Tribunal de Contas do Estado (TCE\/SE) aprovou no Pleno desta quinta-feira, 23, os \u00edndices percentuais provis\u00f3rios de ICMS pertencentes aos munic\u00edpios sergipanos para o ano de 2017. Logo que forem publicados no Di\u00e1rio Oficial do Estado, os munic\u00edpios ter\u00e3o o prazo de 30 dias para apresentar impugna\u00e7\u00e3o, desde que devidamente comprovada alguma incorre\u00e7\u00e3o nas informa\u00e7\u00f5es prestadas pelos contribuintes.<\/p>\n<div id=\"attachment_93523\" style=\"width: 609px\" class=\"wp-caption aligncenter\"><a href=\"http:\/\/senoticias.com.br\/se\/wp-content\/uploads\/2016\/06\/c633d679c98d2f9a3fc741921cd4d8a4-e1466791633261.jpg\"><img loading=\"lazy\" decoding=\"async\" aria-describedby=\"caption-attachment-93523\" class=\"size-full wp-image-93523\" alt=\"A vice-presidente do TCE, conselheira Susana Azevedo (Foto: Cleverton Ribeiro)\" src=\"http:\/\/senoticias.com.br\/se\/wp-content\/uploads\/2016\/06\/c633d679c98d2f9a3fc741921cd4d8a4-e1466791633261.jpg\" width=\"599\" height=\"400\" \/><\/a><p id=\"caption-attachment-93523\" class=\"wp-caption-text\">Vice-presidente do TCE, conselheira Susana Azevedo (Foto: Cleverton Ribeiro)<\/p><\/div>\n<p style=\"text-align: justify;\">Relatora da mat\u00e9ria, a conselheira Susana Azevedo, vice-presidente do TCE, citou como maior novidade o rateio do Valor Adicionado Fiscal (VAF) da empresa Vale Fertilizantes S\/A entre os munic\u00edpios de Ros\u00e1rio do Catete, Capela, Carm\u00f3polis, Maruim, Santo Amaro das Brotas, Nossa Senhora das Dores, Riachuelo, Santa Rosa de Lima, Siriri, Pirambu, Nossa Senhora da Gl\u00f3ria, Divina Pastora, General Maynard, Barra dos Coqueiros, Japaratuba, Japoat\u00e3, Malhador, Moita Bonita.<\/p>\n<p style=\"text-align: justify;\">O posicionamento da relatora segue entendimento da Secretaria da Fazenda, que remete ao Regulamento do ICMS\/SE, segundo o qual &#8220;Em rela\u00e7\u00e3o \u00e0 produ\u00e7\u00e3o de subst\u00e2ncias minerais, quando a \u00e1rea da jazida se estender por mais de um Munic\u00edpio, a apura\u00e7\u00e3o ser\u00e1 feita proporcionalmente, levando-se em considera\u00e7\u00e3o a \u00e1rea correspondente a cada Munic\u00edpio, conforme concess\u00e3o de lavra expedida pelo \u00f3rg\u00e3o competente&#8221;.<\/p>\n<p style=\"text-align: justify;\">Sob a \u00f3tica anterior, o VAF deveria beneficiar somente o munic\u00edpio onde se encontra a chamada \u201cboca da mina\u201d, ou seja, Ros\u00e1rio do Catete.<\/p>\n<p style=\"text-align: justify;\">No entanto, a conselheira lembrou que a atividade desempenhada pela empresa se d\u00e1 em v\u00e1rios munic\u00edpios, embora a comercializa\u00e7\u00e3o do produto se realize em uma \u00fanica unidade geogr\u00e1fica. &#8220;Atrelar o fato gerador \u00e0 escolha de um local para a sua comercializa\u00e7\u00e3o \u00e9 limitar, desarrazoadamente, o direito dos demais Munic\u00edpios, atingidos pela atividade econ\u00f4mica, de obter o retorno pela utiliza\u00e7\u00e3o do meio ambiente que lhe \u00e9 atribu\u00eddo a administra\u00e7\u00e3o&#8221;, observou.<\/p>\n<p style=\"text-align: justify;\">Para a relatora, &#8220;se a popula\u00e7\u00e3o de 18 munic\u00edpios pode eventualmente sofrer as consequ\u00eancias negativas ambientais pela extra\u00e7\u00e3o do min\u00e9rio em seus territ\u00f3rios, justo \u00e9 que experimente tamb\u00e9m as consequ\u00eancias positivas na distribui\u00e7\u00e3o do VAF do ICMS&#8221;.<\/p>\n<p style=\"text-align: justify;\"><strong>ICMS e VAF<\/strong><\/p>\n<p style=\"text-align: justify;\">O ICMS \u00e9 um tributo cuja arrecada\u00e7\u00e3o \u00e9 do Estado de Sergipe, mas, por mandamento legal, parte do produto dessa arrecada\u00e7\u00e3o \u00e9 entregue aos Munic\u00edpios sergipanos, proporcionalmente \u00e0 participa\u00e7\u00e3o de cada um no movimento geral das opera\u00e7\u00f5es de entrada e sa\u00edda realizadas em todo Estado, observada a legisla\u00e7\u00e3o espec\u00edfica vigente.<\/p>\n<p style=\"text-align: justify;\">Dessa forma, os munic\u00edpios, em que se efetuam opera\u00e7\u00f5es que geram um maior volume econ\u00f4mico, tendem a ser contemplados com uma participa\u00e7\u00e3o mais significativa no produto de sua arrecada\u00e7\u00e3o, ou seja, quanto maior for o seu Valor Adicionado Fiscal, maior ser\u00e1 essa participa\u00e7\u00e3o.<\/p>\n<p style=\"text-align: justify;\">Em s\u00edntese, 25% do montante arrecadado com o ICMS pelo Estado de Sergipe \u00e9 repassado aos seus Munic\u00edpios, sabendo que \u00be destes 25% ser\u00e3o destinados na propor\u00e7\u00e3o do Valor Adicionado entre todos os entes municipais, enquanto que \u00bc ser\u00e1 rateado em partes iguais entre os 75 munic\u00edpios.<\/p>\n<p style=\"text-align: justify;\"><a href=\"http:\/\/senoticias.com.br\/se\/wp-content\/uploads\/2016\/06\/Logo-fone.jpg\"><img loading=\"lazy\" decoding=\"async\" class=\"aligncenter size-full wp-image-93338\" alt=\"Logo fone\" src=\"http:\/\/senoticias.com.br\/se\/wp-content\/uploads\/2016\/06\/Logo-fone.jpg\" width=\"599\" height=\"78\" srcset=\"https:\/\/senoticias.com.br\/se\/wp-content\/uploads\/2016\/06\/Logo-fone.jpg 599w, https:\/\/senoticias.com.br\/se\/wp-content\/uploads\/2016\/06\/Logo-fone-300x39.jpg 300w, https:\/\/senoticias.com.br\/se\/wp-content\/uploads\/2016\/06\/Logo-fone-342x44.jpg 342w\" sizes=\"(max-width: 599px) 100vw, 599px\" \/><\/a><\/p>\n<p style=\"text-align: justify;\"><em><strong>Acompanhe tamb\u00e9m o SE Not\u00edcias no\u00a0<a href=\"https:\/\/twitter.com\/Senoticias\" target=\"_blank\">Twitter<\/a>,\u00a0<a href=\"https:\/\/www.facebook.com\/senoticias1\" target=\"_blank\">Facebook<\/a>\u00a0e no\u00a0<a href=\"https:\/\/www.instagram.com\/senoticias\/\" target=\"_blank\">Instagram<\/a><\/strong><\/em><\/p>\n<p style=\"text-align: justify;\"><em><strong>Informa\u00e7\u00f5es do TCE\/SE<\/strong><\/em><\/p>\n","protected":false},"excerpt":{"rendered":"<p>O Tribunal de Contas do Estado (TCE\/SE) aprovou no Pleno desta quinta-feira, 23, os \u00edndices percentuais provis\u00f3rios de ICMS pertencentes aos munic\u00edpios sergipanos para o ano de 2017. Logo que forem publicados no Di\u00e1rio Oficial do Estado, os munic\u00edpios ter\u00e3o o prazo de 30 dias para apresentar impugna\u00e7\u00e3o, desde que devidamente comprovada alguma incorre\u00e7\u00e3o nas [&hellip;]<\/p>\n","protected":false},"author":1,"featured_media":93523,"comment_status":"closed","ping_status":"closed","sticky":false,"template":"","format":"standard","meta":{"footnotes":""},"categories":[6,1],"tags":[528,1044,1043,1042,565],"class_list":{"0":"post-93521","1":"post","2":"type-post","3":"status-publish","4":"format-standard","5":"has-post-thumbnail","7":"category-politica","8":"category-sem-categoria","9":"tag-clovis-barbosa","10":"tag-conselheira-susana-azevedo","11":"tag-susana-azevedo","12":"tag-tce-se","13":"tag-tribunal-de-contas-do-estado"},"_links":{"self":[{"href":"https:\/\/senoticias.com.br\/se\/wp-json\/wp\/v2\/posts\/93521"}],"collection":[{"href":"https:\/\/senoticias.com.br\/se\/wp-json\/wp\/v2\/posts"}],"about":[{"href":"https:\/\/senoticias.com.br\/se\/wp-json\/wp\/v2\/types\/post"}],"author":[{"embeddable":true,"href":"https:\/\/senoticias.com.br\/se\/wp-json\/wp\/v2\/users\/1"}],"replies":[{"embeddable":true,"href":"https:\/\/senoticias.com.br\/se\/wp-json\/wp\/v2\/comments?post=93521"}],"version-history":[{"count":0,"href":"https:\/\/senoticias.com.br\/se\/wp-json\/wp\/v2\/posts\/93521\/revisions"}],"wp:featuredmedia":[{"embeddable":true,"href":"https:\/\/senoticias.com.br\/se\/wp-json\/wp\/v2\/media\/93523"}],"wp:attachment":[{"href":"https:\/\/senoticias.com.br\/se\/wp-json\/wp\/v2\/media?parent=93521"}],"wp:term":[{"taxonomy":"category","embeddable":true,"href":"https:\/\/senoticias.com.br\/se\/wp-json\/wp\/v2\/categories?post=93521"},{"taxonomy":"post_tag","embeddable":true,"href":"https:\/\/senoticias.com.br\/se\/wp-json\/wp\/v2\/tags?post=93521"}],"curies":[{"name":"wp","href":"https:\/\/api.w.org\/{rel}","templated":true}]}}