{"id":93342,"date":"2016-06-19T21:48:38","date_gmt":"2016-06-20T00:48:38","guid":{"rendered":"http:\/\/senoticias.com.br\/se\/?p=93342"},"modified":"2016-06-19T21:51:27","modified_gmt":"2016-06-20T00:51:27","slug":"capela-divulga-novas-atracoes-para-o-sao-pedro","status":"publish","type":"post","link":"https:\/\/senoticias.com.br\/se\/capela-divulga-novas-atracoes-para-o-sao-pedro\/","title":{"rendered":"Capela divulga novas atra\u00e7\u00f5es para o S\u00e3o Pedro"},"content":{"rendered":"<p>A Prefeitura de Capela divulgou a programa\u00e7\u00e3o completa da festa que acontece entre os dias 30 de junho, 1\u00ba, 2 e 3 de julho.<\/p>\n<div id=\"attachment_93343\" style=\"width: 609px\" class=\"wp-caption aligncenter\"><a href=\"http:\/\/senoticias.com.br\/se\/wp-content\/uploads\/2016\/06\/Marilia-Mendonca-SENoticias-e1466383695836.jpg\"><img loading=\"lazy\" decoding=\"async\" aria-describedby=\"caption-attachment-93343\" class=\"size-full wp-image-93343\" alt=\"Mar\u00edlia Mendon\u00e7a ser\u00e1 uma das atra\u00e7\u00f5es (Foto: arquivo\/pessoal) \" src=\"http:\/\/senoticias.com.br\/se\/wp-content\/uploads\/2016\/06\/Marilia-Mendonca-SENoticias-e1466383695836.jpg\" width=\"599\" height=\"398\" \/><\/a><p id=\"caption-attachment-93343\" class=\"wp-caption-text\">Mar\u00edlia Mendon\u00e7a ser\u00e1 uma das atra\u00e7\u00f5es (Foto: arquivo\/pessoal)<\/p><\/div>\n<p><strong>Confira a programa\u00e7\u00e3o completa:<\/strong><\/p>\n<p><strong>Quinta 30\/06<\/strong><\/p>\n<p>19h30 \u2013 Missa do Fogueteiro \u2013Igreja Matriz<\/p>\n<p>Calcinha Preta<br \/>\nSiddy Pop<br \/>\nMar\u00edlia Mendon\u00e7a<br \/>\nNineia Oliveira<\/p>\n<p><strong>Sexta-feira 01\/07<\/strong><\/p>\n<p>Saga dos Vaqueiros<br \/>\nPedrinho Pega\u00e7\u00e3o<br \/>\nPablo<br \/>\nAlexandre Barreto<\/p>\n<p><strong>S\u00e1bado 02\/07<\/strong><\/p>\n<p>15h \u2013 Acompanhamento da Baiana \u2013 ruas da cidade<br \/>\nJonas Esticado<br \/>\nSaia Rodada<br \/>\nDanielzinho<br \/>\nSamyra Show<\/p>\n<p><strong>Domingo 03\/07<\/strong><\/p>\n<p>07h \u2013Busca do Mastro \u2013 Concentra\u00e7\u00e3o na Prefeitura<br \/>\n11h \u2013 Cortejo do Mastro com Banda Seeway na Mata do Junco<br \/>\n19h \u2013 Queima do Mastro \u2013 pr\u00f3ximo da Pra\u00e7a S\u00e3o Pedro<br \/>\nCorreia dos Oito Baixos<br \/>\nFogo na Saia<br \/>\nMano Walter<br \/>\nAnjinho do Arrocha<\/p>\n<p><a href=\"http:\/\/senoticias.com.br\/se\/wp-content\/uploads\/2016\/06\/Logo-fone.jpg\"><img loading=\"lazy\" decoding=\"async\" class=\"aligncenter size-full wp-image-93338\" alt=\"Logo fone\" src=\"http:\/\/senoticias.com.br\/se\/wp-content\/uploads\/2016\/06\/Logo-fone.jpg\" width=\"599\" height=\"78\" srcset=\"https:\/\/senoticias.com.br\/se\/wp-content\/uploads\/2016\/06\/Logo-fone.jpg 599w, https:\/\/senoticias.com.br\/se\/wp-content\/uploads\/2016\/06\/Logo-fone-300x39.jpg 300w, https:\/\/senoticias.com.br\/se\/wp-content\/uploads\/2016\/06\/Logo-fone-342x44.jpg 342w\" sizes=\"(max-width: 599px) 100vw, 599px\" \/><\/a><\/p>\n<p><strong>Acompanhe tamb\u00e9m o SE not\u00edcias no\u00a0<a href=\"https:\/\/twitter.com\/Senoticias\" target=\"_blank\">Twitter<\/a>,\u00a0<a href=\"https:\/\/www.facebook.com\/senoticias1\" target=\"_blank\">Facebook<\/a>\u00a0e no<a href=\"https:\/\/www.instagram.com\/senoticias\/\" target=\"_blank\">\u00a0Instagram<\/a><\/strong><\/p>\n","protected":false},"excerpt":{"rendered":"<p>A Prefeitura de Capela divulgou a programa\u00e7\u00e3o completa da festa que acontece entre os dias 30 de junho, 1\u00ba, 2 e 3 de julho. Confira a programa\u00e7\u00e3o completa: Quinta 30\/06 19h30 \u2013 Missa do Fogueteiro \u2013Igreja Matriz Calcinha Preta Siddy Pop Mar\u00edlia Mendon\u00e7a Nineia Oliveira Sexta-feira 01\/07 Saga dos Vaqueiros Pedrinho Pega\u00e7\u00e3o Pablo Alexandre Barreto [&hellip;]<\/p>\n","protected":false},"author":3,"featured_media":93343,"comment_status":"closed","ping_status":"closed","sticky":false,"template":"","format":"standard","meta":{"footnotes":""},"categories":[38,1],"tags":[1006,1007,1005,1008,1004],"class_list":{"0":"post-93342","1":"post","2":"type-post","3":"status-publish","4":"format-standard","5":"has-post-thumbnail","7":"category-municipios","8":"category-sem-categoria","9":"tag-prefeitura-de-capela","10":"tag-sao-joao","11":"tag-sao-pedro","12":"tag-sao-pedro-2016","13":"tag-sao-pedro-de-capela"},"_links":{"self":[{"href":"https:\/\/senoticias.com.br\/se\/wp-json\/wp\/v2\/posts\/93342"}],"collection":[{"href":"https:\/\/senoticias.com.br\/se\/wp-json\/wp\/v2\/posts"}],"about":[{"href":"https:\/\/senoticias.com.br\/se\/wp-json\/wp\/v2\/types\/post"}],"author":[{"embeddable":true,"href":"https:\/\/senoticias.com.br\/se\/wp-json\/wp\/v2\/users\/3"}],"replies":[{"embeddable":true,"href":"https:\/\/senoticias.com.br\/se\/wp-json\/wp\/v2\/comments?post=93342"}],"version-history":[{"count":0,"href":"https:\/\/senoticias.com.br\/se\/wp-json\/wp\/v2\/posts\/93342\/revisions"}],"wp:featuredmedia":[{"embeddable":true,"href":"https:\/\/senoticias.com.br\/se\/wp-json\/wp\/v2\/media\/93343"}],"wp:attachment":[{"href":"https:\/\/senoticias.com.br\/se\/wp-json\/wp\/v2\/media?parent=93342"}],"wp:term":[{"taxonomy":"category","embeddable":true,"href":"https:\/\/senoticias.com.br\/se\/wp-json\/wp\/v2\/categories?post=93342"},{"taxonomy":"post_tag","embeddable":true,"href":"https:\/\/senoticias.com.br\/se\/wp-json\/wp\/v2\/tags?post=93342"}],"curies":[{"name":"wp","href":"https:\/\/api.w.org\/{rel}","templated":true}]}}