{"id":93212,"date":"2016-06-15T17:12:40","date_gmt":"2016-06-15T20:12:40","guid":{"rendered":"http:\/\/senoticias.com.br\/se\/?p=93212"},"modified":"2016-06-15T17:12:40","modified_gmt":"2016-06-15T20:12:40","slug":"janot-afirma-que-cunha-continua-usando-mandato-em-beneficio-proprio","status":"publish","type":"post","link":"https:\/\/senoticias.com.br\/se\/janot-afirma-que-cunha-continua-usando-mandato-em-beneficio-proprio\/","title":{"rendered":"Janot afirma que Cunha continua usando mandato em benef\u00edcio pr\u00f3prio."},"content":{"rendered":"<p>O procurador-geral da Rep\u00fablica, Rodrigo Janot, disse ao Supremo Tribunal Federal (STF) que o presidente afastado da C\u00e2mara dos Deputados, Eduardo Cunha (PMDB-RJ), continua usando \u201cseu mandato e poder pol\u00edtico\u201d em benef\u00edcio pr\u00f3prio. As conclus\u00f5es de Janot est\u00e3o no pedido de pris\u00e3o de Cunha, enviado \u00e0 Corte no dia 23 de maio.<\/p>\n<div id=\"attachment_92634\" style=\"width: 607px\" class=\"wp-caption aligncenter\"><a href=\"http:\/\/senoticias.com.br\/se\/wp-content\/uploads\/2016\/06\/Janot-pede-ao-Supremo-continuidade-de-inquerito-contra-Aecio-Neves-SE-Noticias-e1464831048144.jpg\"><img loading=\"lazy\" decoding=\"async\" aria-describedby=\"caption-attachment-92634\" class=\"size-full wp-image-92634\" alt=\"Foto: Arquivo\" src=\"http:\/\/senoticias.com.br\/se\/wp-content\/uploads\/2016\/06\/Janot-pede-ao-Supremo-continuidade-de-inquerito-contra-Aecio-Neves-SE-Noticias-e1464831048144.jpg\" width=\"597\" height=\"391\" \/><\/a><p id=\"caption-attachment-92634\" class=\"wp-caption-text\">Foto: Arquivo<\/p><\/div>\n<p style=\"text-align: justify;\">Ontem (14), o ministro do Supremo Teori Zavascki concedeu prazo de cinco dias para que a defesa de Cunha se manifeste sobre o pedido de pris\u00e3o. A medida foi tomada ap\u00f3s o vazamento do pedido. Na mesma decis\u00e3o, o ministro determinou a retirada do sigilo do pedido de pris\u00e3o.<\/p>\n<p style=\"text-align: justify;\">De acordo com o procurador, mesmo ap\u00f3s ser afastado do cargo de presidente da C\u00e2mara e do mandato de deputado federal pelo STF, Eduardo Cunha continua atuando em benef\u00edcio pr\u00f3prio. Janot cita a decis\u00e3o da Mesa Diretora que manteve as prorrogativas do parlamentar, como autoriza\u00e7\u00e3o para continuar na resid\u00eancia oficial, uso de avi\u00f5es da For\u00e7a A\u00e9rea Brasileira (FAB), e declara\u00e7\u00f5es dele \u00e0 imprensa, nas quais diz que vai continuar frequentando a Casa e seu gabinete. Para Janot, Cunha tenta ainda influenciar na indica\u00e7\u00e3o de integrantes do governo do presidente interino, Michel Temer.<\/p>\n<p style=\"text-align: justify;\">Al\u00e9m da pris\u00e3o, Janot pediu ao ministro Teori Zavascki que Cunha seja proibido de frequentar a Casa, obrigado a cumprir recolhimento domiciliar durante o per\u00edodo de funcionamento das atividades da C\u00e2mara e proibido de manter contato com outros parlamentares e investigados na opera\u00e7\u00e3o.<\/p>\n<p style=\"text-align: justify;\">\n<p style=\"text-align: justify;\"><strong>Acompanhe tamb\u00e9m o SE Not\u00edcias no <a href=\"https:\/\/twitter.com\/Senoticias\" target=\"_blank\">Twitter<\/a>, <a href=\"https:\/\/www.facebook.com\/senoticias1\" target=\"_blank\">Facebook<\/a> e no <a href=\"https:\/\/www.instagram.com\/senoticias\/\" target=\"_blank\">Instagram<\/a>.<\/strong><\/p>\n<p style=\"text-align: justify;\"><strong>\u00a0<a href=\"http:\/\/senoticias.com.br\/se\/wp-content\/uploads\/2016\/06\/13382123_972758916172913_912132334_n.jpg\"><img loading=\"lazy\" decoding=\"async\" class=\"aligncenter size-full wp-image-92696\" alt=\"13382123_972758916172913_912132334_n\" src=\"http:\/\/senoticias.com.br\/se\/wp-content\/uploads\/2016\/06\/13382123_972758916172913_912132334_n.jpg\" width=\"599\" height=\"78\" srcset=\"https:\/\/senoticias.com.br\/se\/wp-content\/uploads\/2016\/06\/13382123_972758916172913_912132334_n.jpg 599w, https:\/\/senoticias.com.br\/se\/wp-content\/uploads\/2016\/06\/13382123_972758916172913_912132334_n-300x39.jpg 300w, https:\/\/senoticias.com.br\/se\/wp-content\/uploads\/2016\/06\/13382123_972758916172913_912132334_n-342x44.jpg 342w\" sizes=\"(max-width: 599px) 100vw, 599px\" \/><\/a><\/strong><\/p>\n<p style=\"text-align: justify;\">\n<strong>Mat\u00e9ria extra\u00edda do Portal <a href=\"http:\/\/agenciabrasil.ebc.com.br\/politica\/noticia\/2016-06\/janot-afirma-que-cunha-continua-usando-mandato-em-beneficio-proprio\" target=\"_blank\">Ag\u00eancia Brasil de Noticias<\/a>.<\/strong><\/p>\n","protected":false},"excerpt":{"rendered":"<p>O procurador-geral da Rep\u00fablica, Rodrigo Janot, disse ao Supremo Tribunal Federal (STF) que o presidente afastado da C\u00e2mara dos Deputados, Eduardo Cunha (PMDB-RJ), continua usando \u201cseu mandato e poder pol\u00edtico\u201d em benef\u00edcio pr\u00f3prio. As conclus\u00f5es de Janot est\u00e3o no pedido de pris\u00e3o de Cunha, enviado \u00e0 Corte no dia 23 de maio. Ontem (14), o [&hellip;]<\/p>\n","protected":false},"author":3,"featured_media":92634,"comment_status":"closed","ping_status":"closed","sticky":false,"template":"","format":"standard","meta":{"footnotes":""},"categories":[6],"tags":[991],"class_list":{"0":"post-93212","1":"post","2":"type-post","3":"status-publish","4":"format-standard","5":"has-post-thumbnail","7":"category-politica","8":"tag-janot-afirma-que-cunha-continua-usando-mandato-em-beneficio-proprio"},"_links":{"self":[{"href":"https:\/\/senoticias.com.br\/se\/wp-json\/wp\/v2\/posts\/93212"}],"collection":[{"href":"https:\/\/senoticias.com.br\/se\/wp-json\/wp\/v2\/posts"}],"about":[{"href":"https:\/\/senoticias.com.br\/se\/wp-json\/wp\/v2\/types\/post"}],"author":[{"embeddable":true,"href":"https:\/\/senoticias.com.br\/se\/wp-json\/wp\/v2\/users\/3"}],"replies":[{"embeddable":true,"href":"https:\/\/senoticias.com.br\/se\/wp-json\/wp\/v2\/comments?post=93212"}],"version-history":[{"count":0,"href":"https:\/\/senoticias.com.br\/se\/wp-json\/wp\/v2\/posts\/93212\/revisions"}],"wp:featuredmedia":[{"embeddable":true,"href":"https:\/\/senoticias.com.br\/se\/wp-json\/wp\/v2\/media\/92634"}],"wp:attachment":[{"href":"https:\/\/senoticias.com.br\/se\/wp-json\/wp\/v2\/media?parent=93212"}],"wp:term":[{"taxonomy":"category","embeddable":true,"href":"https:\/\/senoticias.com.br\/se\/wp-json\/wp\/v2\/categories?post=93212"},{"taxonomy":"post_tag","embeddable":true,"href":"https:\/\/senoticias.com.br\/se\/wp-json\/wp\/v2\/tags?post=93212"}],"curies":[{"name":"wp","href":"https:\/\/api.w.org\/{rel}","templated":true}]}}