{"id":93209,"date":"2016-06-15T15:01:48","date_gmt":"2016-06-15T18:01:48","guid":{"rendered":"http:\/\/senoticias.com.br\/se\/?p=93209"},"modified":"2016-06-16T13:44:07","modified_gmt":"2016-06-16T16:44:07","slug":"denuncia-anonima-leva-a-policia-a-prender-traficante-de-associacao-criminosa","status":"publish","type":"post","link":"https:\/\/senoticias.com.br\/se\/denuncia-anonima-leva-a-policia-a-prender-traficante-de-associacao-criminosa\/","title":{"rendered":"Den\u00fancia an\u00f4nima leva a pol\u00edcia a prender suspeito de tr\u00e1fico e associa\u00e7\u00e3o criminosa"},"content":{"rendered":"<p style=\"text-align: justify;\">No final da tarde dessa ter\u00e7a-feira, 14, ap\u00f3s den\u00fancia an\u00f4nima, policiais civis da Delegacia Regional de Est\u00e2ncia prenderam em flagrante Iago Marcel Pereira Santos, 22 anos, pelo crime de tr\u00e1fico e associa\u00e7\u00e3o para o tr\u00e1fico de drogas, nesse munic\u00edpio.<\/p>\n<div id=\"attachment_93211\" style=\"width: 609px\" class=\"wp-caption aligncenter\"><a href=\"http:\/\/senoticias.com.br\/se\/wp-content\/uploads\/2016\/06\/Suspeito-15062016-SE-Noticias-e1466013871444.jpg\"><img loading=\"lazy\" decoding=\"async\" aria-describedby=\"caption-attachment-93211\" class=\"size-full wp-image-93211\" alt=\"Marcel Pereira Santos, 22 anos, pelo crime de tr\u00e1fico e associa\u00e7\u00e3o para o tr\u00e1fico de drogas, nesse munic\u00edpio.\" src=\"http:\/\/senoticias.com.br\/se\/wp-content\/uploads\/2016\/06\/Suspeito-15062016-SE-Noticias-e1466013871444.jpg\" width=\"599\" height=\"468\" \/><\/a><p id=\"caption-attachment-93211\" class=\"wp-caption-text\">Marcel Pereira Santos, 22 anos, \u00e9 suspeito de tr\u00e1fico e associa\u00e7\u00e3o para o tr\u00e1fico de drogas. \u00a0(Foto: SSP\/SE)<\/p><\/div>\n<p style=\"text-align: justify;\">Os agentes foram em dilig\u00eancias ao local indicado e confirmaram a informa\u00e7\u00e3o. &#8220;Na casa de Iago, situada no Bairro Porto D&#8217;areia, foram apreendidos diversos tabletes de maconha prensada, somando 5 quilos dessa droga; 25 pinos cheios de coca\u00edna e 400 gramas de crack. Foram encontrados tamb\u00e9m 150 pinos vazios, uma balan\u00e7a de precis\u00e3o, uma faca e um bisturi empregados no corte e embalagem das drogas&#8221;, explicou o delegado Allan Faustino.<\/p>\n<p style=\"text-align: justify;\">Segundo o diretor do Departamento de Narc\u00f3ticos (Denarc) de Est\u00e2ncia, delegado Hugo Leonardo, o suspeito j\u00e1 vinha sendo investigado h\u00e1 meses. &#8220;Descobrimos que ele integra uma associa\u00e7\u00e3o criminosa para o tr\u00e1fico de drogas aqui na cidade. Diversos membros do grupo foram presos anteriormente e outros envolvidos ser\u00e3o presos dentro de pouco tempo&#8221; afirmou.<\/p>\n<p style=\"text-align: justify;\">Iago, que j\u00e1 foi preso no ano de 2014 pelo mesmo crime, ser\u00e1 novamente indiciado por tr\u00e1fico e associa\u00e7\u00e3o para o tr\u00e1fico de drogas, crimes com penas m\u00e1ximas de 15 e 10 anos de reclus\u00e3o, respectivamente.<\/p>\n<p style=\"text-align: justify;\"><em><strong>Informa\u00e7\u00f5es da SSP\/SE<\/strong><\/em><\/p>\n<p style=\"text-align: justify;\"><a href=\"http:\/\/senoticias.com.br\/se\/wp-content\/uploads\/2016\/06\/13382123_972758916172913_912132334_n.jpg\"><img loading=\"lazy\" decoding=\"async\" class=\"aligncenter size-full wp-image-92696\" alt=\"13382123_972758916172913_912132334_n\" src=\"http:\/\/senoticias.com.br\/se\/wp-content\/uploads\/2016\/06\/13382123_972758916172913_912132334_n.jpg\" width=\"599\" height=\"78\" srcset=\"https:\/\/senoticias.com.br\/se\/wp-content\/uploads\/2016\/06\/13382123_972758916172913_912132334_n.jpg 599w, https:\/\/senoticias.com.br\/se\/wp-content\/uploads\/2016\/06\/13382123_972758916172913_912132334_n-300x39.jpg 300w, https:\/\/senoticias.com.br\/se\/wp-content\/uploads\/2016\/06\/13382123_972758916172913_912132334_n-342x44.jpg 342w\" sizes=\"(max-width: 599px) 100vw, 599px\" \/><\/a><\/p>\n<p style=\"text-align: justify;\"><strong><em>Acompanhe tamb\u00e9m o SE not\u00edcias no\u00a0<a href=\"https:\/\/twitter.com\/Senoticias\" target=\"_blank\">Twitter<\/a>,\u00a0<a href=\"https:\/\/www.facebook.com\/senoticias1\" target=\"_blank\">Facebook\u00a0<\/a>e no\u00a0<a href=\"https:\/\/www.instagram.com\/senoticias\/\" target=\"_blank\">Instagram<\/a><\/em><\/strong><\/p>\n","protected":false},"excerpt":{"rendered":"<p>No final da tarde dessa ter\u00e7a-feira, 14, ap\u00f3s den\u00fancia an\u00f4nima, policiais civis da Delegacia Regional de Est\u00e2ncia prenderam em flagrante Iago Marcel Pereira Santos, 22 anos, pelo crime de tr\u00e1fico e associa\u00e7\u00e3o para o tr\u00e1fico de drogas, nesse munic\u00edpio. Os agentes foram em dilig\u00eancias ao local indicado e confirmaram a informa\u00e7\u00e3o. &#8220;Na casa de Iago, [&hellip;]<\/p>\n","protected":false},"author":1,"featured_media":93211,"comment_status":"closed","ping_status":"closed","sticky":false,"template":"","format":"standard","meta":{"footnotes":""},"categories":[7],"tags":[],"class_list":{"0":"post-93209","1":"post","2":"type-post","3":"status-publish","4":"format-standard","5":"has-post-thumbnail","7":"category-policia"},"_links":{"self":[{"href":"https:\/\/senoticias.com.br\/se\/wp-json\/wp\/v2\/posts\/93209"}],"collection":[{"href":"https:\/\/senoticias.com.br\/se\/wp-json\/wp\/v2\/posts"}],"about":[{"href":"https:\/\/senoticias.com.br\/se\/wp-json\/wp\/v2\/types\/post"}],"author":[{"embeddable":true,"href":"https:\/\/senoticias.com.br\/se\/wp-json\/wp\/v2\/users\/1"}],"replies":[{"embeddable":true,"href":"https:\/\/senoticias.com.br\/se\/wp-json\/wp\/v2\/comments?post=93209"}],"version-history":[{"count":0,"href":"https:\/\/senoticias.com.br\/se\/wp-json\/wp\/v2\/posts\/93209\/revisions"}],"wp:featuredmedia":[{"embeddable":true,"href":"https:\/\/senoticias.com.br\/se\/wp-json\/wp\/v2\/media\/93211"}],"wp:attachment":[{"href":"https:\/\/senoticias.com.br\/se\/wp-json\/wp\/v2\/media?parent=93209"}],"wp:term":[{"taxonomy":"category","embeddable":true,"href":"https:\/\/senoticias.com.br\/se\/wp-json\/wp\/v2\/categories?post=93209"},{"taxonomy":"post_tag","embeddable":true,"href":"https:\/\/senoticias.com.br\/se\/wp-json\/wp\/v2\/tags?post=93209"}],"curies":[{"name":"wp","href":"https:\/\/api.w.org\/{rel}","templated":true}]}}