{"id":93206,"date":"2016-06-15T14:25:47","date_gmt":"2016-06-15T17:25:47","guid":{"rendered":"http:\/\/senoticias.com.br\/se\/?p=93206"},"modified":"2016-06-15T14:35:40","modified_gmt":"2016-06-15T17:35:40","slug":"encontro-nordestino-de-cultura-arraia-do-povo-tera-inicio-nesta-quinta-feira","status":"publish","type":"post","link":"https:\/\/senoticias.com.br\/se\/encontro-nordestino-de-cultura-arraia-do-povo-tera-inicio-nesta-quinta-feira\/","title":{"rendered":"Encontro Nordestino de Cultura Arrai\u00e1 do Povo ter\u00e1 in\u00edcio nesta quinta-feira"},"content":{"rendered":"<div>\n<p style=\"text-align: justify;\">Bandeirinhas, comidas t\u00edpicas e muito forr\u00f3 de raiz marcam a programa\u00e7\u00e3o do II Encontro Nordestino de Cultura\u00a0<strong>Arrai\u00e1 do Povo que come\u00e7a nesta\u00a0<\/strong>quinta-feira, 16 de junho. Considerado um dos maiores festivais de forr\u00f3 do pa\u00eds, o Arrai\u00e1 do Povo acontece na Pra\u00e7a de Eventos da Orla de Atalaia e no Espa\u00e7o Gonzag\u00e3o, no Augusto Franco, promovido pelo Governo de Sergipe atrav\u00e9s da Secretaria de Estado da Cultura.<\/p>\n<div id=\"attachment_93208\" style=\"width: 609px\" class=\"wp-caption aligncenter\"><a href=\"http:\/\/senoticias.com.br\/se\/wp-content\/uploads\/2016\/06\/Abertura-do-Encontro-Nordestino-de-Cultura-e1466011876516.jpg\"><img loading=\"lazy\" decoding=\"async\" aria-describedby=\"caption-attachment-93208\" class=\"size-full wp-image-93208\" alt=\"Encontro Nordestino de Cultura Arrai\u00e1 do Povo ter\u00e1 in\u00edcio nesta quinta-feira\" src=\"http:\/\/senoticias.com.br\/se\/wp-content\/uploads\/2016\/06\/Abertura-do-Encontro-Nordestino-de-Cultura-e1466011876516.jpg\" width=\"599\" height=\"400\" \/><\/a><p id=\"caption-attachment-93208\" class=\"wp-caption-text\">Encontro Nordestino de Cultura Arrai\u00e1 do Povo ter\u00e1 in\u00edcio nesta quinta-feira.(Foto<\/p><\/div>\n<p style=\"text-align: justify;\">A abertura do evento acontece nesta quinta-feira, 16, no Espa\u00e7o Gonzag\u00e3o com a apresenta\u00e7\u00e3o do Trio Cear\u00e1, Quadrilha Balan\u00e7a mais n\u00e3o cai, Ca\u00e7ula do Forr\u00f3 e Iracema do Forr\u00f3 e Trio Bom de Mais.\u00a0\u00a0J\u00e1 na Orla de Atalaia, a programa\u00e7\u00e3o abre na sexta-feira, 17, com apresenta\u00e7\u00e3o da Orquestra Sanf\u00f4nica de Aracaju, Zezinho do Acordeon,\u00a0\u00a0Vem Vem do Nordeste e Jo\u00e3o Bezerra, Raulzinho do Acordeon, al\u00e9m do Trio Lourinho do Forr\u00f3, Caceteira de Mestre Rindu e as quadrilhas juninas Rosa Dourada e Cangaceiros de boa.<\/p>\n<p style=\"text-align: justify;\">Ao todo, ser\u00e3o 117 atra\u00e7\u00f5es art\u00edsticas sendo 13 nacionais e as demais de artistas de Sergipe, que ir\u00e3o compor a programa\u00e7\u00e3o entre os dias 16 e 30 de junho. Al\u00e9m das apresenta\u00e7\u00f5es no Palco Clemilda e no tablado Ari Soares, o p\u00fablico tamb\u00e9m poder\u00e1 assistir \u00e0s apresenta\u00e7\u00f5es no Coreto Ismar Barreto e grupos de cultura popular circulando pela\u00a0<strong>Cidade do Forr\u00f3 Cantor Rog\u00e9rio.<\/strong><\/p>\n<p style=\"text-align: justify;\"><b>Edital de Sele\u00e7\u00e3o<\/b><\/p>\n<p style=\"text-align: justify;\">Este ano, 117 atra\u00e7\u00f5es art\u00edsticas foram selecionadas democraticamente atrav\u00e9s de edital, avaliado por uma comiss\u00e3o especial. O processo seletivo foi dividido em nove categorias entre bandas, m\u00fasicos, grupos musicais, trios, grupos de dan\u00e7a, m\u00fasica e teatro, violas, repentistas e quadrilhas juninas. O valor total de investimento para o cach\u00ea ser\u00e1 de R$ 920mil distribu\u00eddos entre atra\u00e7\u00f5es art\u00edsticas, culturais, bandas e quadrilhas juninas. Este valor representa cerca de R$ 300 mil a mais do que o investido no ano passado.<\/p>\n<p style=\"text-align: justify;\" align=\"center\"><b>PROGRAMA\u00c7\u00c3O ENCONTRO NORDETINO DE CULTURA \u2013 ARRAI\u00c1 DO POVO 2016<\/b><\/p>\n<p style=\"text-align: justify;\"><b>DIA 16\/06 (QUINTA-FEIRA)<br \/>\nLOCAL: GONZAG\u00c3O<br \/>\n<\/b>20h \u2013 Trio Cear\u00e1<br \/>\n21h30 \u2013 Quadrilha Balan\u00e7a mais n\u00e3o cai<br \/>\n22h \u2013 Ca\u00e7ula do Forr\u00f3<br \/>\n00h \u2013 Iracema do Forr\u00f3 e Trio Bom de Mais<\/p>\n<p style=\"text-align: justify;\"><b>DIA 17\/06 (SEXTA-FEIRA)<br \/>\nLOCAL: ARRAI\u00c1 DO POVO \u2013 ORLA DE ATALAIA<br \/>\n<\/b>19h30 \u2013 Trio Lourinho do Forr\u00f3 (Coreto Ismar Barreto)<br \/>\n20h00 \u2013 Caceteira de Mestre Rindu (Circulando e Tablado Ari Soares)<br \/>\n20h00 \u2013 Quadrilha Rosa Dourada (Tablado Ari Soares)<br \/>\n20h30 \u2013 Vem Vem do Nordeste e Jo\u00e3o Bezerra (Palco Clemilda)<br \/>\n21h30 \u2013 Quadrilha Cangaceiros da Boa (Tablado Ari Soares)<br \/>\n21h30 \u2013 Raulzinho do Acordeon (Coreto Ismar Barreto)<br \/>\n22h00 \u2013 Orquestra Sanf\u00f4nica de Aracaju (Palco Clemilda)<br \/>\n00h00 \u2013 Zezinho do Acordeon (Palco Clemilda)<\/p>\n<p style=\"text-align: justify;\"><b>DIA 18\/06 (S\u00c1BADO)<\/b><\/p>\n<p style=\"text-align: justify;\"><b>LOCAL: ARRAI\u00c1 DO POVO \u2013 ORLA DE ATALAIA<\/b><\/p>\n<p style=\"text-align: justify;\">19h00 \u2013 Trio Vassoural (Coreto Ismar Barreto)<\/p>\n<p style=\"text-align: justify;\">19h00 \u2013 Batalh\u00e3o 1\u00ba S\u00e3o Jo\u00e3o\/Laranjeiras (Circulando e Tablado Ari Soares)<\/p>\n<p style=\"text-align: justify;\">19h30 \u2013 Quadrilha Laranjeirense (Tablado Ari Soares)<\/p>\n<p style=\"text-align: justify;\">20h00 \u2013 Tu\u00edca e a Boneca Sebastiana (Circulando)<\/p>\n<p style=\"text-align: justify;\">20h00 \u2013 Os Tr\u00eas Moleques (Palco Clemilda)<\/p>\n<p style=\"text-align: justify;\">21h00 \u2013 Odir Caius (Coreto Ismar Barreto)<\/p>\n<p style=\"text-align: justify;\">21h30 \u2013 Quadrilha Forr\u00f3 do Milho (Tablado Ari Soares)<\/p>\n<p style=\"text-align: justify;\">22h00 \u2013 Edgar do Acordeom (Palco Clemilda)<\/p>\n<p style=\"text-align: justify;\">00h00 \u2013 Adelm\u00e1rio Coelho (Palco Clemilda)<\/p>\n<p style=\"text-align: justify;\"><b>DIA 19\/06 (DOMINGO)<\/b><\/p>\n<p style=\"text-align: justify;\"><b>LOCAL: ARRAI\u00c1 DO POVO \u2013 ORLA DE ATALAIA<\/b><\/p>\n<p style=\"text-align: justify;\">18h00 \u2013 Batalh\u00e3o Tradi\u00e7\u00e3o\/Laranjeiras (Circulando e Tablado Ari Soares)<\/p>\n<p style=\"text-align: justify;\">18h00 \u2013 Menina Mi\u00fada\/A Tua Lona (Tablado Ari Soares)<\/p>\n<p style=\"text-align: justify;\">18h30 \u2013 Gilson do Acordeon (Coreto Ismar Barreto)<\/p>\n<p style=\"text-align: justify;\">19h00 \u2013 Quadrilha Chamego Bom (Tablado Ari Soares)<\/p>\n<p style=\"text-align: justify;\">19h30 \u2013 Coisas da Terra (Grupo de Dan\u00e7a\/UNIT) (Tablado Ari Soares)<\/p>\n<p style=\"text-align: justify;\">20h30 \u2013 Odir Caius (Coreto Ismar Barreto)<\/p>\n<p style=\"text-align: justify;\">20h00 \u2013 Heribas do Forr\u00f3 (Palco Clemilda)<\/p>\n<p style=\"text-align: justify;\">21h30 \u2013 Quadrilha Meu Sert\u00e3o (Tablado Ari Soares)<\/p>\n<p style=\"text-align: justify;\">22h00 \u2013 Erivaldo de Carira (Palco Clemilda)<\/p>\n<p style=\"text-align: justify;\">00h00\u2013 Gennaro e Banda (Palco Clemilda)<\/p>\n<p style=\"text-align: justify;\"><b>DIA 20\/06 (SEGUNDA-FEIRA)<\/b><\/p>\n<p style=\"text-align: justify;\"><b>LOCAL: ARRAI\u00c1 DO POVO \u2013 ORLA DE ATALAIA<\/b><\/p>\n<p style=\"text-align: justify;\">19h00 \u2013 Trio Assanhadinho (Coreto Ismar Barreto)<\/p>\n<p style=\"text-align: justify;\">19h00 \u2013 Batista do Acordeom (Palco Clemilda)<\/p>\n<p style=\"text-align: justify;\">20h30 \u2013 Quadrilha Retirantes do Sert\u00e3o (Tablado Ari Soares)<\/p>\n<p style=\"text-align: justify;\">21h00 \u2013 Abeladio de Souza e C\u00edcero Vieira Paraibano (Coreto Ismar Barreto)<\/p>\n<p style=\"text-align: justify;\">21h00 \u2013 Quadrilha Unidos em Asa Branca (Tablado Ari Soares)<\/p>\n<p style=\"text-align: justify;\">22h00 \u2013 Trio Itapo\u00e3 (Coreto Ismar Barreto)<\/p>\n<p style=\"text-align: justify;\">22h00 \u2013 Eliezer Setton (Palco Clemilda)<\/p>\n<p style=\"text-align: justify;\">00h00 \u2013 Nando Cordel (Palco Clemilda)<\/p>\n<p style=\"text-align: justify;\"><b>DIA 21\/06 (TER\u00c7A-FEIRA)<\/b><\/p>\n<p style=\"text-align: justify;\"><b>LOCAL: ARRAI\u00c1 DO POVO \u2013 ORLA DE ATALAIA<\/b><\/p>\n<p style=\"text-align: justify;\">19h00 \u2013 Ataide do Acordeom (Coreto Ismar Barreto)<\/p>\n<p style=\"text-align: justify;\">19h00 \u2013 Evanilson do Acordeom (Palco Clemilda)<\/p>\n<p style=\"text-align: justify;\">20h00 \u2013 Tu\u00edca e a Boneca Sebastiana (Circulando)<\/p>\n<p style=\"text-align: justify;\">21h00 \u2013 Odir Caius (Coreto Ismar Barreto)<\/p>\n<p style=\"text-align: justify;\">21h00 \u2013 Quadrilha Caprichosos (Tablado Ari Soares)<\/p>\n<p style=\"text-align: justify;\">21h30 \u2013 Quadrilha S\u00e9culo XX (Tablado Ari Soares)<\/p>\n<p style=\"text-align: justify;\">22h00 \u2013 Forr\u00f3 Maturi (Palco Clemilda)<\/p>\n<p style=\"text-align: justify;\">00h00 \u2013 Falamansa (Palco Clemilda)<\/p>\n<p style=\"text-align: justify;\"><b>\u00a0<\/b><\/p>\n<p style=\"text-align: justify;\"><b>DIA 22\/06 (QUARTA-FEIRA)<\/b><\/p>\n<p style=\"text-align: justify;\"><b>LOCAL: ARRAI\u00c1 DO POVO \u2013 ORLA DE ATALAIA<\/b><\/p>\n<p style=\"text-align: justify;\">19h00 \u2013 Ravengar do Acordeom (Coreto Ismar Barreto)<\/p>\n<p style=\"text-align: justify;\">19h00 \u2013 Quadrilha Forr\u00f3 do Maranh\u00e3o (Tablado Ari Soares)<\/p>\n<p style=\"text-align: justify;\">19h30 \u2013 Correia dos Oito Baixos (Palco Clemilda)<\/p>\n<p style=\"text-align: justify;\">21h00 \u2013 Banda Fecho de Lenha (Coreto Ismar Barreto)<\/p>\n<p style=\"text-align: justify;\">21h30 \u2013 Quadrilha Assum Preto (Tablado Ari Soares)<\/p>\n<p style=\"text-align: justify;\">22h00 \u2013 Sena e o Forr\u00f3 da Ro\u00e7a (Palco Clemilda)<\/p>\n<p style=\"text-align: justify;\">00h00 \u2013 Casaca de Couro (Palco Clemilda)<\/p>\n<p style=\"text-align: justify;\"><b>\u00a0<\/b><\/p>\n<p style=\"text-align: justify;\"><b>DIA 23\/06 (QUINTA-FEIRA)<\/b><\/p>\n<p style=\"text-align: justify;\"><b>LOCAL: ARRAI\u00c1 DO POVO \u2013 ORLA DE ATALAIA<\/b><\/p>\n<p style=\"text-align: justify;\">18h00 \u2013 Lucas Campelo e Trio Farrapapa (Palco Clemilda)<\/p>\n<p style=\"text-align: justify;\">19h00 \u2013 Odir Caius (Coreto Ismar Barreto)<\/p>\n<p style=\"text-align: justify;\">20h00 \u2013 Quadrilha Renascer (Tablado Ari Soares)<\/p>\n<p style=\"text-align: justify;\">20h30 \u2013 Quadrilha Pioneiros da Ro\u00e7a (Tablado Ari Soares)<\/p>\n<p style=\"text-align: justify;\">20h30 \u2013 Banda de Pifano Esquenta Mui\u00e9 (Coreto Ismar Barreto e Circulando)<\/p>\n<p style=\"text-align: justify;\">22h00 \u2013 Jacar\u00e9 e Trio Pantanal (Coreto Ismar Barreto)<\/p>\n<p style=\"text-align: justify;\">21h00 \u2013 Valtinho do Acordeon (Palco Clemilda)<\/p>\n<p style=\"text-align: justify;\">23h00 \u2013 Silv\u00e9rio Pessoa (Palco Clemilda)<\/p>\n<p style=\"text-align: justify;\">01h00 \u2013 Jo\u00e3o da Passarada (Palco Clemilda)<\/p>\n<p style=\"text-align: justify;\"><b>DIA 24\/06 (SEXTA-FEIRA)<\/b><\/p>\n<p style=\"text-align: justify;\"><b>LOCAL: ARRAI\u00c1 DO POVO \u2013 ORLA DE ATALAIA<\/b><\/p>\n<p style=\"text-align: justify;\">19h00 \u2013 Osman do Acordeon (Coreto Ismar Barreto)<\/p>\n<p style=\"text-align: justify;\">19h00 \u2013 Samba de Coco da Barra dos Coqueiros (Circulando e Tablado Ari Soares)<\/p>\n<p style=\"text-align: justify;\">19h \u2013 Quadrilha Cora\u00e7\u00e3o Nordestino (Tablado Ari Soares)<\/p>\n<p style=\"text-align: justify;\">19h30 \u2013 Pavio do Forr\u00f3 (Palco Clemilda)<\/p>\n<p style=\"text-align: justify;\">20h00 \u2013 Tu\u00edca e a Boneca Sebastiana (Circulando)<\/p>\n<p style=\"text-align: justify;\">21h00 \u2013 Odir Caius (Coreto Ismar Barreto)<\/p>\n<p style=\"text-align: justify;\">21h30 \u2013 Quadrilha Arriba a Saia (Tablado Ari Soares)<\/p>\n<p style=\"text-align: justify;\">22h30 \u2013 Trio Forr\u00f3 Op\u00e7\u00e3o (Coreto Ismar Barreto)<\/p>\n<p style=\"text-align: justify;\">22h00 \u2013 Jo\u00e9sia Ramos e o Forr\u00f3 da Rabeca (Palco Clemilda)<\/p>\n<p style=\"text-align: justify;\">00h00 \u2013 Z\u00e9 Tramela (Palco Clemilda)<\/p>\n<p style=\"text-align: justify;\"><b>\u00a0<\/b><\/p>\n<p style=\"text-align: justify;\"><b>DIA 25\/06 (S\u00c1BADO)<\/b><\/p>\n<p style=\"text-align: justify;\"><b>LOCAL: ARRAI\u00c1 DO POVO \u2013 ORLA DE ATALAIA<\/b><\/p>\n<p style=\"text-align: justify;\">19h00 \u2013 Trio Cultural Som do Meu Sert\u00e3o (Coreto Ismar Barreto)<\/p>\n<p style=\"text-align: justify;\">19h00 \u2013 Samba de Pareia \/ Laranjeiras (Circulando e Tablado Ari Soares)<\/p>\n<p style=\"text-align: justify;\">19h00 \u2013 Quadrilha Amor Caipira (Tablado Ari Soares)<\/p>\n<p style=\"text-align: justify;\">19h30 \u2013 Loucurarte (Tablado Ari Soares)<\/p>\n<p style=\"text-align: justify;\">21h00 \u2013 Odir Caius (Coreto Ismar Barreto)<\/p>\n<p style=\"text-align: justify;\">20h00 \u2013 Nino Karvan (Palco Clemilda)<\/p>\n<p style=\"text-align: justify;\">21h30 \u2013 Homenagem Mestre Euclides (Grupo de Dan\u00e7a\/UNIT) (Tablado Ari Soares)<\/p>\n<p style=\"text-align: justify;\">22h00 \u2013 Quadrilha Xod\u00f3 da Vila (Tablado Ari Soares)<\/p>\n<p style=\"text-align: justify;\">22h30 \u2013 Robertinho dos Oito Baixo (Palco Clemilda)<\/p>\n<p style=\"text-align: justify;\">00h30 \u2013 Banda Xote Bai\u00e3o (Palco Clemilda)<\/p>\n<p style=\"text-align: justify;\"><b>DIA 26\/06 (DOMINGO)<\/b><\/p>\n<p style=\"text-align: justify;\"><b>LOCAL: ARRAI\u00c1 DO POVO \u2013 ORLA DE ATALAIA<\/b><\/p>\n<p style=\"text-align: justify;\">17h30 \u2013 O Bandido e o Cabeleira \u2013 Teatro (Tablado Ari Soares)<\/p>\n<p style=\"text-align: justify;\">18h00 \u2013 Coquistas Carlito e Dami\u00e3o (Coreto Ismar Barreto)<\/p>\n<p style=\"text-align: justify;\">18h30 \u2013 Batalh\u00e3o 1\u00b0 de S\u00e3o Jo\u00e3o\/Lagarto (Circulando)<\/p>\n<p style=\"text-align: justify;\">18h30 \u2013 Tu\u00edca e a Boneca Sebastiana (Circulando)<\/p>\n<p style=\"text-align: justify;\">18h30 \u2013 SOFIVA Bai\u00f5es (Palco Clemilda)<\/p>\n<p style=\"text-align: justify;\">20h00 \u2013 Trio Gera\u00e7\u00e3o (Coreto Ismar Barreto)<\/p>\n<p style=\"text-align: justify;\">19h00 \u2013 Quadrilha Balan\u00e7o do Nordeste (Tablado Ari Soares)<\/p>\n<p style=\"text-align: justify;\">20h00 \u2013 Glaubert do Acordeom (Palco Clemilda)<\/p>\n<p style=\"text-align: justify;\">21h30 \u2013 Quadrilha Tradi\u00e7\u00e3o Junina (Tablado Ari Soares)<\/p>\n<p style=\"text-align: justify;\">22h00 \u2013 Trio Virgulino (Palco Clemilda)<\/p>\n<p style=\"text-align: justify;\">00h00 \u2013 Cezzinha (Palco Clemilda)<\/p>\n<p style=\"text-align: justify;\"><b>\u00a0<\/b><\/p>\n<p style=\"text-align: justify;\"><b>DIA 27\/06 (SEGUNDA-FEIRA)<\/b><\/p>\n<p style=\"text-align: justify;\"><b>LOCAL: ARRAI\u00c1 DO POVO \u2013 ORLA DE ATALAIA<\/b><\/p>\n<p style=\"text-align: justify;\">19h00 \u2013 Grilo do Forr\u00f3 (Palco Clemilda)<\/p>\n<p style=\"text-align: justify;\">20h00 \u2013 Leonardo e Manoel Alves (Coreto Ismar Barreto)<\/p>\n<p style=\"text-align: justify;\">21h00 \u2013 Trio Fala S\u00e9rio (Coreto Ismar Barreto)<\/p>\n<p style=\"text-align: justify;\">21h00 \u2013 Quadrilha Asa Branca (Tablado Ari Soares)<\/p>\n<p style=\"text-align: justify;\">21h30 \u2013 Quadrilha Buscap\u00e9 (Tablado Ari Soares)<\/p>\n<p style=\"text-align: justify;\">22h00 \u2013 Fernando Crate\u00fas (Palco Clemilda)<\/p>\n<p style=\"text-align: justify;\">00h00 \u2013 Bicho do P\u00e9 (Palco Clemilda)<\/p>\n<p style=\"text-align: justify;\"><b>\u00a0<\/b><\/p>\n<p style=\"text-align: justify;\"><b>DIA 28\/06 (TER\u00c7A-FEIRA)<\/b><\/p>\n<p style=\"text-align: justify;\"><b>LOCAL: ARRAI\u00c1 DO POVO \u2013 ORLA DE ATALAIA<\/b><\/p>\n<p style=\"text-align: justify;\">19h00 \u2013 Odir Caius (Coreto Ismar Barreto)<\/p>\n<p style=\"text-align: justify;\">19h00 \u2013 Samba de Coco S\u00e3o Benidito \u2013 Santo Amaro das Brotas (Circulando)<\/p>\n<p style=\"text-align: justify;\">19h00 \u2013 Quadrilha Xote Bai\u00e3o (Tablado Ari Soares)<\/p>\n<p style=\"text-align: justify;\">19h00 \u2013 Cassiano e Banda S\u00f3 Forr\u00f3 (Palco Clemilda)<\/p>\n<p style=\"text-align: justify;\">20h30 \u2013 Batucada Buscap\u00e9\/Est\u00e2ncia (Circulando)<\/p>\n<p style=\"text-align: justify;\">21h00 \u2013 Quadrilha Apague a Fogueira (Tablado Ari Soares)<\/p>\n<p style=\"text-align: justify;\">21h00 \u2013 Trio Forr\u00f3 Simpatia do Nordeste (Coreto Ismar Barreto)<\/p>\n<p style=\"text-align: justify;\">21h30 \u2013 Luiz Rodrigues e Retalhos Nordestinos (Palco Clemilda)<\/p>\n<p style=\"text-align: justify;\">23h00 \u2013 Bebero da Para\u00edba (Coreto Ismar Barreto)<\/p>\n<p style=\"text-align: justify;\">23h00 \u2013 Balan\u00e7a Eu (Palco Clemilda)<\/p>\n<p style=\"text-align: justify;\">01h00 \u2013 Os Gonzagas (Palco Clemilda)<\/p>\n<p style=\"text-align: justify;\"><b>DIA 29\/06 (QUARTA-FEIRA)<\/b><\/p>\n<p style=\"text-align: justify;\"><b>LOCAL: ARRAI\u00c1 DO POVO \u2013 ORLA DE ATALAIA<\/b><\/p>\n<p style=\"text-align: justify;\">19h00 \u2013 Trio Cora\u00e7\u00e3o do Nordeste e Josivan do Forr\u00f3 (Coreto Ismar Barreto)<\/p>\n<p style=\"text-align: justify;\">19h00 \u2013 Pisa P\u00f3lvora \u2013 Est\u00e2ncia (Circulando)<\/p>\n<p style=\"text-align: justify;\">19h00 \u2013 Quadrilha Pisa na Brasa (Tablado Ari Soares)<\/p>\n<p style=\"text-align: justify;\">19h30 \u2013 Ant\u00f4nio Carlos Du Aracaju (Palco Clemilda)<\/p>\n<p style=\"text-align: justify;\">21h00 \u2013 Odir Caius (Coreto Ismar Barreto)<\/p>\n<p style=\"text-align: justify;\">21h00 \u2013 Quadrilha Xique \u2013 Xique (Tablado Ari Soares)<\/p>\n<p style=\"text-align: justify;\">21h30 \u2013 Sergival (Palco Clemilda)<\/p>\n<p style=\"text-align: justify;\">00h00 \u2013 Geraldinho Lins (Palco Clemilda)<\/p>\n<p style=\"text-align: justify;\"><b>DIA 30\/06 (QUINTA-FEIRA)<\/b><\/p>\n<p style=\"text-align: justify;\"><b>LOCAL: ARRAI\u00c1 DO POVO \u2013 ORLA DE ATALAIA<\/b><\/p>\n<p style=\"text-align: justify;\">19h00 \u2013 Rildo e Forr\u00f3 Triangado (Coreto Ismar Barreto)<\/p>\n<p style=\"text-align: justify;\">19h00 \u2013 Fl\u00e1via Martins (Palco Clemilda)<\/p>\n<p style=\"text-align: justify;\">20h30 \u2013 Quadrilha Meu Xod\u00f3 (Tablado Ari Soares)<\/p>\n<p style=\"text-align: justify;\">21h00 \u2013 Quadrilha Poerinha do Sert\u00e3o (Palco Clemilda)<\/p>\n<p style=\"text-align: justify;\">21h00 \u2013 J\u00f4nias do Acordeom e Trio Quentes da Vaquejada (Coreto Ismar Barreto)<\/p>\n<p style=\"text-align: justify;\">21h30 \u2013 Bobinhos do Forr\u00f3 (Coreto Ismar Barreto)<\/p>\n<p style=\"text-align: justify;\">21h30 \u2013 Quadrilha Mandacaru (Tablado Ari Soares)<\/p>\n<p style=\"text-align: justify;\">22h00 \u2013 Cobra Verde (Palco Clemilda)<\/p>\n<p style=\"text-align: justify;\">00h00 \u2013 Quinteto Violado (Palco Clemilda)<\/p>\n<p style=\"text-align: justify;\"><em><strong>Acompanhe tamb\u00e9m o SE Not\u00edcias no\u00a0<a href=\"https:\/\/twitter.com\/Senoticias\" target=\"_blank\">Twitter<\/a>,\u00a0<a href=\"https:\/\/www.facebook.com\/senoticias1\" target=\"_blank\">Facebook<\/a>\u00a0e no\u00a0<a href=\"https:\/\/www.instagram.com\/senoticias\/\" target=\"_blank\">Instagram<\/a><\/strong><\/em><\/p>\n<p>Ascom \/ Sec. de Estado da Cultura<\/p>\n<\/div>\n<p>&nbsp;<\/p>\n<div><\/div>\n","protected":false},"excerpt":{"rendered":"<p>Bandeirinhas, comidas t\u00edpicas e muito forr\u00f3 de raiz marcam a programa\u00e7\u00e3o do II Encontro Nordestino de Cultura\u00a0Arrai\u00e1 do Povo que come\u00e7a nesta\u00a0quinta-feira, 16 de junho. Considerado um dos maiores festivais de forr\u00f3 do pa\u00eds, o Arrai\u00e1 do Povo acontece na Pra\u00e7a de Eventos da Orla de Atalaia e no Espa\u00e7o Gonzag\u00e3o, no Augusto Franco, promovido [&hellip;]<\/p>\n","protected":false},"author":1,"featured_media":93208,"comment_status":"closed","ping_status":"closed","sticky":false,"template":"","format":"standard","meta":{"footnotes":""},"categories":[15,1],"tags":[],"class_list":{"0":"post-93206","1":"post","2":"type-post","3":"status-publish","4":"format-standard","5":"has-post-thumbnail","7":"category-destaques","8":"category-sem-categoria"},"_links":{"self":[{"href":"https:\/\/senoticias.com.br\/se\/wp-json\/wp\/v2\/posts\/93206"}],"collection":[{"href":"https:\/\/senoticias.com.br\/se\/wp-json\/wp\/v2\/posts"}],"about":[{"href":"https:\/\/senoticias.com.br\/se\/wp-json\/wp\/v2\/types\/post"}],"author":[{"embeddable":true,"href":"https:\/\/senoticias.com.br\/se\/wp-json\/wp\/v2\/users\/1"}],"replies":[{"embeddable":true,"href":"https:\/\/senoticias.com.br\/se\/wp-json\/wp\/v2\/comments?post=93206"}],"version-history":[{"count":0,"href":"https:\/\/senoticias.com.br\/se\/wp-json\/wp\/v2\/posts\/93206\/revisions"}],"wp:featuredmedia":[{"embeddable":true,"href":"https:\/\/senoticias.com.br\/se\/wp-json\/wp\/v2\/media\/93208"}],"wp:attachment":[{"href":"https:\/\/senoticias.com.br\/se\/wp-json\/wp\/v2\/media?parent=93206"}],"wp:term":[{"taxonomy":"category","embeddable":true,"href":"https:\/\/senoticias.com.br\/se\/wp-json\/wp\/v2\/categories?post=93206"},{"taxonomy":"post_tag","embeddable":true,"href":"https:\/\/senoticias.com.br\/se\/wp-json\/wp\/v2\/tags?post=93206"}],"curies":[{"name":"wp","href":"https:\/\/api.w.org\/{rel}","templated":true}]}}