{"id":93191,"date":"2016-06-15T09:52:11","date_gmt":"2016-06-15T12:52:11","guid":{"rendered":"http:\/\/senoticias.com.br\/se\/?p=93191"},"modified":"2016-06-16T11:58:33","modified_gmt":"2016-06-16T14:58:33","slug":"operacao-ostentacao-prende-13-por-associacao-criminosa-e-estelionato","status":"publish","type":"post","link":"https:\/\/senoticias.com.br\/se\/operacao-ostentacao-prende-13-por-associacao-criminosa-e-estelionato\/","title":{"rendered":"Opera\u00e7\u00e3o &#8216;Ostenta\u00e7\u00e3o&#8217; prende 13 por associa\u00e7\u00e3o criminosa e estelionato"},"content":{"rendered":"<p style=\"text-align: justify;\" align=\"left\">O Departamento de Defrauda\u00e7\u00f5es da Pol\u00edcia Civil deflagrou nas primeiras horas da manh\u00e3 desta quarta-feira (15) a Opera\u00e7\u00e3o denominada \u201cOstenta\u00e7\u00e3o\u201d. O trabalho da pol\u00edcia teve como alvo 14 pessoas envolvidas com uma associa\u00e7\u00e3o criminosa respons\u00e1vel por diversos estelionatos praticados em Aracaju e interior do\u00a0Estado.<\/p>\n<div id=\"attachment_93193\" style=\"width: 609px\" class=\"wp-caption aligncenter\"><a href=\"http:\/\/senoticias.com.br\/se\/wp-content\/uploads\/2016\/06\/Delegada-Rosana-Freitas-SE-Noticias-e1465995608494.jpg\"><img loading=\"lazy\" decoding=\"async\" aria-describedby=\"caption-attachment-93193\" class=\"size-full wp-image-93193\" alt=\"A opera\u00e7\u00e3o foi coordenada pela delegada Rosana Freitas. (Foto: arquivo\/SSP\/SE)\" src=\"http:\/\/senoticias.com.br\/se\/wp-content\/uploads\/2016\/06\/Delegada-Rosana-Freitas-SE-Noticias-e1465995608494.jpg\" width=\"599\" height=\"398\" \/><\/a><p id=\"caption-attachment-93193\" class=\"wp-caption-text\">A opera\u00e7\u00e3o foi coordenada pela delegada Rosana Freitas. (Foto: arquivo\/SSP\/SE)<\/p><\/div>\n<p style=\"text-align: justify;\" align=\"left\">A investiga\u00e7\u00e3o foi coordenada pela delegada Rosana Freitas, diretora do Departamento de Defrauda\u00e7\u00f5es. Cerca de 80 policiais civis foram mobilizados para cumprir sete mandados de pris\u00e3o tempor\u00e1ria e outros sete de pris\u00e3o preventiva, al\u00e9m de um mandado de busca.<\/p>\n<p style=\"text-align: justify;\">Os trabalhos tamb\u00e9m foram acompanhados pela Divis\u00e3o de Intelig\u00eancia e Planejamento Policial (Dipol). Diversas unidades metropolitanas e especializadas da Pol\u00edcia Civil deram suporte ao cumprimento dos mandados. Durante todo o dia, as equipes do Departamento de Defrauda\u00e7\u00f5es colher\u00e3o depoimentos dos acusados e levantar\u00e3o mais informa\u00e7\u00f5es.<\/p>\n<p style=\"text-align: justify;\">Detalhes, ap\u00f3s os trabalhos da Pol\u00edcia Civil at\u00e9 o final do dia, ser\u00e3o relatados em coletiva de imprensa, que acontece \u00e0s 8h desta quinta-feira (16), na sala de imprensa radialista J\u00falio C\u00e9sar, na sede da Secretaria da Seguran\u00e7a P\u00fablica (SSP).<\/p>\n<p style=\"text-align: justify;\"><a href=\"http:\/\/senoticias.com.br\/se\/wp-content\/uploads\/2016\/06\/13382123_972758916172913_912132334_n.jpg\"><img loading=\"lazy\" decoding=\"async\" class=\"aligncenter size-full wp-image-92696\" alt=\"13382123_972758916172913_912132334_n\" src=\"http:\/\/senoticias.com.br\/se\/wp-content\/uploads\/2016\/06\/13382123_972758916172913_912132334_n.jpg\" width=\"599\" height=\"78\" srcset=\"https:\/\/senoticias.com.br\/se\/wp-content\/uploads\/2016\/06\/13382123_972758916172913_912132334_n.jpg 599w, https:\/\/senoticias.com.br\/se\/wp-content\/uploads\/2016\/06\/13382123_972758916172913_912132334_n-300x39.jpg 300w, https:\/\/senoticias.com.br\/se\/wp-content\/uploads\/2016\/06\/13382123_972758916172913_912132334_n-342x44.jpg 342w\" sizes=\"(max-width: 599px) 100vw, 599px\" \/><\/a><\/p>\n<p style=\"text-align: justify;\"><em><strong>Acompanhe tamb\u00e9m o SE Not\u00edcias no\u00a0<a href=\"https:\/\/twitter.com\/Senoticias\" target=\"_blank\">Twitter<\/a>,\u00a0<a href=\"https:\/\/www.facebook.com\/senoticias1\" target=\"_blank\">Facebook<\/a>\u00a0e no\u00a0<a href=\"https:\/\/www.instagram.com\/senoticias\/\" target=\"_blank\">Instagram<\/a><\/strong><\/em><\/p>\n<p style=\"text-align: justify;\"><em><strong>Informa\u00e7\u00f5es da SSP\/SE<\/strong><\/em><\/p>\n","protected":false},"excerpt":{"rendered":"<p>O Departamento de Defrauda\u00e7\u00f5es da Pol\u00edcia Civil deflagrou nas primeiras horas da manh\u00e3 desta quarta-feira (15) a Opera\u00e7\u00e3o denominada \u201cOstenta\u00e7\u00e3o\u201d. O trabalho da pol\u00edcia teve como alvo 14 pessoas envolvidas com uma associa\u00e7\u00e3o criminosa respons\u00e1vel por diversos estelionatos praticados em Aracaju e interior do\u00a0Estado. A investiga\u00e7\u00e3o foi coordenada pela delegada Rosana Freitas, diretora do Departamento [&hellip;]<\/p>\n","protected":false},"author":1,"featured_media":93193,"comment_status":"closed","ping_status":"closed","sticky":false,"template":"","format":"standard","meta":{"footnotes":""},"categories":[7],"tags":[],"class_list":{"0":"post-93191","1":"post","2":"type-post","3":"status-publish","4":"format-standard","5":"has-post-thumbnail","7":"category-policia"},"_links":{"self":[{"href":"https:\/\/senoticias.com.br\/se\/wp-json\/wp\/v2\/posts\/93191"}],"collection":[{"href":"https:\/\/senoticias.com.br\/se\/wp-json\/wp\/v2\/posts"}],"about":[{"href":"https:\/\/senoticias.com.br\/se\/wp-json\/wp\/v2\/types\/post"}],"author":[{"embeddable":true,"href":"https:\/\/senoticias.com.br\/se\/wp-json\/wp\/v2\/users\/1"}],"replies":[{"embeddable":true,"href":"https:\/\/senoticias.com.br\/se\/wp-json\/wp\/v2\/comments?post=93191"}],"version-history":[{"count":0,"href":"https:\/\/senoticias.com.br\/se\/wp-json\/wp\/v2\/posts\/93191\/revisions"}],"wp:featuredmedia":[{"embeddable":true,"href":"https:\/\/senoticias.com.br\/se\/wp-json\/wp\/v2\/media\/93193"}],"wp:attachment":[{"href":"https:\/\/senoticias.com.br\/se\/wp-json\/wp\/v2\/media?parent=93191"}],"wp:term":[{"taxonomy":"category","embeddable":true,"href":"https:\/\/senoticias.com.br\/se\/wp-json\/wp\/v2\/categories?post=93191"},{"taxonomy":"post_tag","embeddable":true,"href":"https:\/\/senoticias.com.br\/se\/wp-json\/wp\/v2\/tags?post=93191"}],"curies":[{"name":"wp","href":"https:\/\/api.w.org\/{rel}","templated":true}]}}