{"id":93188,"date":"2016-06-15T07:35:51","date_gmt":"2016-06-15T10:35:51","guid":{"rendered":"http:\/\/senoticias.com.br\/se\/?p=93188"},"modified":"2016-06-15T07:41:47","modified_gmt":"2016-06-15T10:41:47","slug":"em-brasilia-presidente-da-fames-se-reune-com-presidente-da-caixa-economica","status":"publish","type":"post","link":"https:\/\/senoticias.com.br\/se\/em-brasilia-presidente-da-fames-se-reune-com-presidente-da-caixa-economica\/","title":{"rendered":"Em Bras\u00edlia, presidente da FAMES se re\u00fane com presidente da Caixa Econ\u00f4mica"},"content":{"rendered":"<p>&nbsp;<\/p>\n<div>\n<div data-smartmail=\"gmail_signature\">\n<div>\n<p dir=\"ltr\" style=\"text-align: justify;\">O presidente da Federa\u00e7\u00e3o dos Munic\u00edpios do Estado de Sergipe (FAMES), Marcos Jos\u00e9 Barreto (Marcos da Acau\u00e3), esteve em Bras\u00edlia nesta ter\u00e7a-feira (14), onde participou de reuni\u00e3o com o presidente da Caixa Econ\u00f4mica Federal, Gilberto Occhi, e o presidente da Associa\u00e7\u00e3o Sergipana dos Empres\u00e1rios de Obras P\u00fablicas e Privadas (Asseop), Luciano Barreto. Na oportunidade, o l\u00edder municipalista discutiu a retomada das obras paralisadas do Programa Nacional de Habita\u00e7\u00e3o Rural e do Minha Casa, Minha Vida.<\/p>\n<div id=\"attachment_93190\" style=\"width: 609px\" class=\"wp-caption aligncenter\"><a href=\"http:\/\/senoticias.com.br\/se\/wp-content\/uploads\/2016\/06\/Fames-SE-Noticias-e1465987097664.jpg\"><img loading=\"lazy\" decoding=\"async\" aria-describedby=\"caption-attachment-93190\" class=\"size-full wp-image-93190\" alt=\"Presidente da FAMES se re\u00fane com presidente da Caixa Econ\u00f4mica. (Foto: Ascom\/Fames)\" src=\"http:\/\/senoticias.com.br\/se\/wp-content\/uploads\/2016\/06\/Fames-SE-Noticias-e1465987097664.jpg\" width=\"599\" height=\"449\" \/><\/a><p id=\"caption-attachment-93190\" class=\"wp-caption-text\">Presidente da FAMES se re\u00fane com presidente da Caixa Econ\u00f4mica. (Foto: Ascom\/Fames)<\/p><\/div>\n<p dir=\"ltr\" style=\"text-align: justify;\">&#8220;Muitas obras est\u00e3o paralisadas e o governo quer que elas sejam retomadas o mais r\u00e1pido poss\u00edvel, mas os munic\u00edpios n\u00e3o possuem condi\u00e7\u00f5es fazer aditivo para pagar uma obra. Os gestores t\u00eam feito sacrif\u00edcio para pagar o sal\u00e1rio do servidor em dia e, mesmo assim, fazendo todos os cortes poss\u00edveis, muitos n\u00e3o conseguem arcar com suas contas. Dessa forma, fica dif\u00edcil dar continuidade \u00e0s obras. Por este motivo, est\u00e1 em estudo um projeto de contrato direto com a Caixa, se houver necessidade do munic\u00edpio. Assim, o prefeito recebe a obra, mas sem precisar entrar com recurso da prefeitura&#8221;, explica Marcos Jos\u00e9.<\/p>\n<p dir=\"ltr\" style=\"text-align: justify;\">Ainda de acordo com presidente da FAMES, os prefeitos sergipanos poder\u00e3o se inteirar sobre o assunto durante o encontro promovido pela entidade que dever\u00e1 acontecer em breve, com a presen\u00e7a do presidente da Caixa. &#8220;Aproveitei a reuni\u00e3o para convidar Gilberto Occhi a realizar uma palestra para todos os prefeitos. Para que os gestores municipais possam tirar suas d\u00favidas sobre o tema. Tamb\u00e9m participar\u00e1 Luciano Barreto, como quem estou discutindo qual ser\u00e1 a melhor data para o evento&#8221;, concluiu.<\/p>\n<p dir=\"ltr\" style=\"text-align: justify;\"><em><strong>Acompanhe tamb\u00e9m o SE not\u00edcias no\u00a0<a href=\"https:\/\/twitter.com\/Senoticias\" target=\"_blank\">Twitter<\/a>,\u00a0<a href=\"https:\/\/www.facebook.com\/senoticias1\" target=\"_blank\">Facebook<\/a>\u00a0e no\u00a0<a href=\"https:\/\/www.instagram.com\/senoticias\/\" target=\"_blank\">Instagram<\/a><\/strong><\/em><\/p>\n<p dir=\"ltr\" style=\"text-align: justify;\"><a href=\"http:\/\/senoticias.com.br\/se\/wp-content\/uploads\/2016\/06\/13382123_972758916172913_912132334_n.jpg\"><img loading=\"lazy\" decoding=\"async\" class=\"aligncenter size-full wp-image-92696\" alt=\"13382123_972758916172913_912132334_n\" src=\"http:\/\/senoticias.com.br\/se\/wp-content\/uploads\/2016\/06\/13382123_972758916172913_912132334_n.jpg\" width=\"599\" height=\"78\" srcset=\"https:\/\/senoticias.com.br\/se\/wp-content\/uploads\/2016\/06\/13382123_972758916172913_912132334_n.jpg 599w, https:\/\/senoticias.com.br\/se\/wp-content\/uploads\/2016\/06\/13382123_972758916172913_912132334_n-300x39.jpg 300w, https:\/\/senoticias.com.br\/se\/wp-content\/uploads\/2016\/06\/13382123_972758916172913_912132334_n-342x44.jpg 342w\" sizes=\"(max-width: 599px) 100vw, 599px\" \/><\/a><\/p>\n<p dir=\"ltr\" style=\"text-align: justify;\"><em><strong>Ascom\/Fames<\/strong><\/em><\/p>\n<p style=\"text-align: justify;\">\n<\/div>\n<\/div>\n<\/div>\n","protected":false},"excerpt":{"rendered":"<p>&nbsp; O presidente da Federa\u00e7\u00e3o dos Munic\u00edpios do Estado de Sergipe (FAMES), Marcos Jos\u00e9 Barreto (Marcos da Acau\u00e3), esteve em Bras\u00edlia nesta ter\u00e7a-feira (14), onde participou de reuni\u00e3o com o presidente da Caixa Econ\u00f4mica Federal, Gilberto Occhi, e o presidente da Associa\u00e7\u00e3o Sergipana dos Empres\u00e1rios de Obras P\u00fablicas e Privadas (Asseop), Luciano Barreto. Na oportunidade, [&hellip;]<\/p>\n","protected":false},"author":1,"featured_media":93190,"comment_status":"closed","ping_status":"closed","sticky":false,"template":"","format":"standard","meta":{"footnotes":""},"categories":[38,1],"tags":[],"class_list":{"0":"post-93188","1":"post","2":"type-post","3":"status-publish","4":"format-standard","5":"has-post-thumbnail","7":"category-municipios","8":"category-sem-categoria"},"_links":{"self":[{"href":"https:\/\/senoticias.com.br\/se\/wp-json\/wp\/v2\/posts\/93188"}],"collection":[{"href":"https:\/\/senoticias.com.br\/se\/wp-json\/wp\/v2\/posts"}],"about":[{"href":"https:\/\/senoticias.com.br\/se\/wp-json\/wp\/v2\/types\/post"}],"author":[{"embeddable":true,"href":"https:\/\/senoticias.com.br\/se\/wp-json\/wp\/v2\/users\/1"}],"replies":[{"embeddable":true,"href":"https:\/\/senoticias.com.br\/se\/wp-json\/wp\/v2\/comments?post=93188"}],"version-history":[{"count":0,"href":"https:\/\/senoticias.com.br\/se\/wp-json\/wp\/v2\/posts\/93188\/revisions"}],"wp:featuredmedia":[{"embeddable":true,"href":"https:\/\/senoticias.com.br\/se\/wp-json\/wp\/v2\/media\/93190"}],"wp:attachment":[{"href":"https:\/\/senoticias.com.br\/se\/wp-json\/wp\/v2\/media?parent=93188"}],"wp:term":[{"taxonomy":"category","embeddable":true,"href":"https:\/\/senoticias.com.br\/se\/wp-json\/wp\/v2\/categories?post=93188"},{"taxonomy":"post_tag","embeddable":true,"href":"https:\/\/senoticias.com.br\/se\/wp-json\/wp\/v2\/tags?post=93188"}],"curies":[{"name":"wp","href":"https:\/\/api.w.org\/{rel}","templated":true}]}}