{"id":93183,"date":"2016-06-14T21:49:49","date_gmt":"2016-06-15T00:49:49","guid":{"rendered":"http:\/\/senoticias.com.br\/se\/?p=93183"},"modified":"2016-06-14T22:08:04","modified_gmt":"2016-06-15T01:08:04","slug":"fim-do-mais-medicos-pode-provocar-mortes-e-a-culpa-sera-de-temer","status":"publish","type":"post","link":"https:\/\/senoticias.com.br\/se\/fim-do-mais-medicos-pode-provocar-mortes-e-a-culpa-sera-de-temer\/","title":{"rendered":"\u201cFIM DO MAIS M\u00c9DICOS PODE PROVOCAR MORTES E A CULPA SER\u00c1 DE TEMER\u201d"},"content":{"rendered":"<p style=\"text-align: justify;\">247 &#8211; O senador Randolfe Rodrigues (Rede-AP) responsabilizou o presidente Michel Temer e o ministro Ricardo Barros por mortes eventualmente causadas pelo fim prematuro do Programa Mais M\u00e9dicos.<\/p>\n<div id=\"attachment_93184\" style=\"width: 607px\" class=\"wp-caption aligncenter\"><a href=\"http:\/\/senoticias.com.br\/se\/wp-content\/uploads\/2016\/06\/FIM-DO-MAIS-MEDICOS-PODE-PROVOCAR-MORTES-E-A-CULPA-SERA-DE-TEMER-SE-Noticias-e1465951747684.jpg\"><img loading=\"lazy\" decoding=\"async\" aria-describedby=\"caption-attachment-93184\" class=\"size-full wp-image-93184\" alt=\"Foto: Divulga\u00e7\u00e3o\/Brasil247\" src=\"http:\/\/senoticias.com.br\/se\/wp-content\/uploads\/2016\/06\/FIM-DO-MAIS-MEDICOS-PODE-PROVOCAR-MORTES-E-A-CULPA-SERA-DE-TEMER-SE-Noticias-e1465951747684.jpg\" width=\"597\" height=\"213\" \/><\/a><p id=\"caption-attachment-93184\" class=\"wp-caption-text\">Foto: Divulga\u00e7\u00e3o\/Brasil247<\/p><\/div>\n<p style=\"text-align: justify;\">O l\u00edder do Rede no Senado anunciou que vai denunciar o risco de genoc\u00eddio \u00e0 Comiss\u00e3o de Direitos Humanos da Organiza\u00e7\u00e3o dos Estados Americanos (OEA), juntamente com o senador Cristovam Buarque (PPS-DF).<\/p>\n<p style=\"text-align: justify;\">Randolfe apresentou uma quest\u00e3o de ordem ao presidente do Senado, Renan Calheiros, para instalar imediatamente a comiss\u00e3o especial para aprovar a MP 723 que prorroga o Programa Mais M\u00e9dicos.<\/p>\n<p style=\"text-align: justify;\">Dias antes de ser afastada, a presidente Dilma Rousseff editou a MP que renovaria o programa. Se a MP n\u00e3o for aprovada at\u00e9 2 de julho, o Mais M\u00e9dicos ser\u00e1 simplesmente extinto. \u201cN\u00e3o cometa mais este crime, presidente Temer!\u201d, apelou Randolfe.<\/p>\n<p style=\"text-align: justify;\">Baseado nas afirma\u00e7\u00f5es do ministro da Sa\u00fade, Ricardo Barros, de que poder\u00e1 reduzir drasticamente o n\u00famero de m\u00e9dicos estrangeiros do programa \u2014 de 13 mil para apenas 3 mil \u2014, Randolfe atacou: \u201cS\u00f3 uma vis\u00e3o obtusa, fria e economicista poderia banir do Brasil um programa dedicado, essencialmente, a atender brasileiros nunca antes assistidos ou alcan\u00e7ados pelo Estado nos rinc\u00f5es mais remotos da P\u00e1tria\u201d.<\/p>\n<p style=\"text-align: justify;\">O l\u00edder do Rede lembrou que o programa hoje atua em 4.058 cidades, 73% dos munic\u00edpios brasileiros, e em 34 distritos dedicados \u00e0s comunidades ind\u00edgenas, hoje atendidas por 300 m\u00e9dicos do programa. Pesquisas independentes, segundo o senador, mostram que a maioria de 86% dos entrevistados afirma que a qualidade da aten\u00e7\u00e3o melhorou ap\u00f3s a chegada dos profissionais do Mais M\u00e9dicos e 60% destacaram a presen\u00e7a constante do m\u00e9dico e o cumprimento da carga hor\u00e1ria.<\/p>\n<p style=\"text-align: justify;\">O senador destacou ainda que mais de 11% dos quase 25 milh\u00f5es de brasileiros atendidos pelo programa Farm\u00e1cia Popular, entre 2013 e 2015, trazem receitas m\u00e9dicas firmadas por profissionais do Mais M\u00e9dico. \u201cDessa multid\u00e3o, mais de um milh\u00e3o de brasileiros receberam medicamentos pela primeira vez. Prova de que o atendimento e o acompanhamento dos pacientes ampliou o acesso \u00e0 sa\u00fade. Sa\u00fade salva vidas. Sem ela, vidas s\u00e3o condenadas \u00e0 morte\u201d, disse.<\/p>\n<p style=\"text-align: justify;\">Randolfe lembrou que, gra\u00e7as ao Mais M\u00e9dicos, \u201c63 milh\u00f5es de brasileiros, os mais pobres e os mais desamparados, enfurnados nos cantos mais remotos do Pa\u00eds, tiveram pela primeira vez um atendimento m\u00e9dico constante\u201d.<\/p>\n<p style=\"text-align: justify;\">O senador disse que um dos fatos marcantes do trabalho dos m\u00e9dicos cubanos \u00e9 o resgate da Medicina Tradicional, baseado na utiliza\u00e7\u00e3o de plantas e ervas da grande floresta: \u201cNa aldeia Kumen\u00ea, no munic\u00edpio do Oiapoque, no Amap\u00e1, extremo norte do Brasil, o m\u00e9dico Javier Lopez Salazar, p\u00f3s-graduado em Medicina Tradicional, trabalha para recuperar a sabedoria local na utiliza\u00e7\u00e3o de plantas e ervas medicinais, abandonada por imposi\u00e7\u00e3o de seitas religiosas que tentam sufocar suas tradi\u00e7\u00f5es tribais\u201d.<\/p>\n<p style=\"text-align: justify;\">Ele denunciaou o \u2018vi\u00e9s de desassist\u00eancia contra o povo\u201d que se percebe \u201ccom a chegada da tropa insens\u00edvel de Michel Temer ao poder\u201d. \u201cN\u00e3o ceda, n\u00e3o retroceda em nenhuma medida de amparo social e de prote\u00e7\u00e3o aos brasileiros. Nada ser\u00e1 mais tr\u00e1gico, mais criminoso, mais funesto do que o fim anunciado do Programa Mais M\u00e9dicos. Se algu\u00e9m morrer, ser\u00e1 responsabilidade do presidente Temer e do ministro Barros\u201d, refor\u00e7ou.<\/p>\n<p style=\"text-align: justify;\"><strong>Acompanhe tamb\u00e9m o SE Not\u00edcias no <a href=\"https:\/\/twitter.com\/Senoticias\" target=\"_blank\">Twitter<\/a>, <a href=\"https:\/\/www.facebook.com\/senoticias1\" target=\"_blank\">Facebook<\/a> e no <a href=\"https:\/\/www.instagram.com\/senoticias\/\" target=\"_blank\">Instagram<\/a>.<\/strong><\/p>\n<p style=\"text-align: justify;\"><strong>\u00a0<a href=\"http:\/\/senoticias.com.br\/se\/wp-content\/uploads\/2016\/06\/13382123_972758916172913_912132334_n.jpg\"><img loading=\"lazy\" decoding=\"async\" class=\"aligncenter size-full wp-image-92696\" alt=\"13382123_972758916172913_912132334_n\" src=\"http:\/\/senoticias.com.br\/se\/wp-content\/uploads\/2016\/06\/13382123_972758916172913_912132334_n.jpg\" width=\"599\" height=\"78\" srcset=\"https:\/\/senoticias.com.br\/se\/wp-content\/uploads\/2016\/06\/13382123_972758916172913_912132334_n.jpg 599w, https:\/\/senoticias.com.br\/se\/wp-content\/uploads\/2016\/06\/13382123_972758916172913_912132334_n-300x39.jpg 300w, https:\/\/senoticias.com.br\/se\/wp-content\/uploads\/2016\/06\/13382123_972758916172913_912132334_n-342x44.jpg 342w\" sizes=\"(max-width: 599px) 100vw, 599px\" \/><\/a><\/strong><\/p>\n<p style=\"text-align: justify;\"><strong>Mat\u00e9ria extra\u00edda do Portal do<a href=\"http:\/\/www.brasil247.com\/pt\/247\/brasil\/238252\/%E2%80%9CFim-do-Mais-M%C3%A9dicos-pode-provocar-mortes-e-a-culpa-ser%C3%A1-de-Temer%E2%80%9D.htm\" target=\"_blank\">\u00a0Brasil 247<\/a><br \/>\n<\/strong><\/p>\n","protected":false},"excerpt":{"rendered":"<p>247 &#8211; O senador Randolfe Rodrigues (Rede-AP) responsabilizou o presidente Michel Temer e o ministro Ricardo Barros por mortes eventualmente causadas pelo fim prematuro do Programa Mais M\u00e9dicos. O l\u00edder do Rede no Senado anunciou que vai denunciar o risco de genoc\u00eddio \u00e0 Comiss\u00e3o de Direitos Humanos da Organiza\u00e7\u00e3o dos Estados Americanos (OEA), juntamente com [&hellip;]<\/p>\n","protected":false},"author":3,"featured_media":93184,"comment_status":"closed","ping_status":"closed","sticky":false,"template":"","format":"standard","meta":{"footnotes":""},"categories":[6,20,8],"tags":[987],"class_list":{"0":"post-93183","1":"post","2":"type-post","3":"status-publish","4":"format-standard","5":"has-post-thumbnail","7":"category-politica","8":"category-saude","9":"category-esporte-e-cultura","10":"tag-fim-do-mais-medicos-pode-provocar-mortes-e-a-culpa-sera-de-temer"},"_links":{"self":[{"href":"https:\/\/senoticias.com.br\/se\/wp-json\/wp\/v2\/posts\/93183"}],"collection":[{"href":"https:\/\/senoticias.com.br\/se\/wp-json\/wp\/v2\/posts"}],"about":[{"href":"https:\/\/senoticias.com.br\/se\/wp-json\/wp\/v2\/types\/post"}],"author":[{"embeddable":true,"href":"https:\/\/senoticias.com.br\/se\/wp-json\/wp\/v2\/users\/3"}],"replies":[{"embeddable":true,"href":"https:\/\/senoticias.com.br\/se\/wp-json\/wp\/v2\/comments?post=93183"}],"version-history":[{"count":0,"href":"https:\/\/senoticias.com.br\/se\/wp-json\/wp\/v2\/posts\/93183\/revisions"}],"wp:featuredmedia":[{"embeddable":true,"href":"https:\/\/senoticias.com.br\/se\/wp-json\/wp\/v2\/media\/93184"}],"wp:attachment":[{"href":"https:\/\/senoticias.com.br\/se\/wp-json\/wp\/v2\/media?parent=93183"}],"wp:term":[{"taxonomy":"category","embeddable":true,"href":"https:\/\/senoticias.com.br\/se\/wp-json\/wp\/v2\/categories?post=93183"},{"taxonomy":"post_tag","embeddable":true,"href":"https:\/\/senoticias.com.br\/se\/wp-json\/wp\/v2\/tags?post=93183"}],"curies":[{"name":"wp","href":"https:\/\/api.w.org\/{rel}","templated":true}]}}