{"id":93182,"date":"2016-06-15T07:07:32","date_gmt":"2016-06-15T10:07:32","guid":{"rendered":"http:\/\/senoticias.com.br\/se\/?p=93182"},"modified":"2016-06-16T12:35:18","modified_gmt":"2016-06-16T15:35:18","slug":"fecomercio-realiza-exposicao-de-unidades-moveis-para-a-sociedade","status":"publish","type":"post","link":"https:\/\/senoticias.com.br\/se\/fecomercio-realiza-exposicao-de-unidades-moveis-para-a-sociedade\/","title":{"rendered":"Fecom\u00e9rcio realiza exposi\u00e7\u00e3o de unidades m\u00f3veis para a sociedade"},"content":{"rendered":"<p style=\"text-align: justify;\">O Sistema Fecom\u00e9rcio\/Sesc\/Senac de Sergipe est\u00e1 promovendo uma exposi\u00e7\u00e3o de parte da estrutura m\u00f3vel de atendimento em Sergipe. Aracaju recebeu na manh\u00e3 da segunda-feira (13), cinco unidades que est\u00e3o expostas na pra\u00e7a General Valad\u00e3o, no Centro de Aracaju, para visita\u00e7\u00e3o p\u00fablica. As carretas que ofertam servi\u00e7os gratuitos de educa\u00e7\u00e3o, sa\u00fade e capacita\u00e7\u00e3o t\u00e9cnico-profissionalizante prestam servi\u00e7os nas cidades do interior sergipano.<\/p>\n<p style=\"text-align: justify;\">Na abertura do evento, o presidente do Sistema Fecom\u00e9rcio, La\u00e9rcio Oliveira, entregou duas novas unidades para a popula\u00e7\u00e3o. Foram apresentadas uma nova unidade do OdontoSesc, uma carreta composta por consult\u00f3rios odontol\u00f3gicos com toda a estrutura de de atendimento itinerante, voltada para a popula\u00e7\u00e3o de baixa renda de Sergipe, com realiza\u00e7\u00e3o de tratamentos cl\u00ednicos, cir\u00fargicos e preventivos da sa\u00fade bucal.<\/p>\n<p>&nbsp;<\/p>\n<div id=\"attachment_93187\" style=\"width: 609px\" class=\"wp-caption aligncenter\"><a href=\"http:\/\/senoticias.com.br\/se\/wp-content\/uploads\/2016\/06\/Laercio-Oliveira-SE-Noticias-e1465985388593.jpg\"><img loading=\"lazy\" decoding=\"async\" aria-describedby=\"caption-attachment-93187\" class=\"size-full wp-image-93187\" alt=\"Na abertura do evento, o presidente do Sistema Fecom\u00e9rcio, La\u00e9rcio Oliveira, entregou duas novas unidades para a popula\u00e7\u00e3o. (Foto: M\u00e1rcio Rocha)\" src=\"http:\/\/senoticias.com.br\/se\/wp-content\/uploads\/2016\/06\/Laercio-Oliveira-SE-Noticias-e1465985388593.jpg\" width=\"599\" height=\"400\" \/><\/a><p id=\"caption-attachment-93187\" class=\"wp-caption-text\">Na abertura do evento, o presidente do Sistema Fecom\u00e9rcio, La\u00e9rcio Oliveira, entregou duas novas unidades para a popula\u00e7\u00e3o. (Foto: M\u00e1rcio Rocha)<\/p><\/div>\n<p style=\"text-align: justify;\">Tamb\u00e9m foi entregue uma nova unidade m\u00f3vel do Sesc Sa\u00fade Mulher, que conta com um consult\u00f3rio m\u00f3vel, al\u00e9m de estrutura para realiza\u00e7\u00e3o de exames complexos, como mamografia, para preven\u00e7\u00e3o do c\u00e2ncer de mama, e exames citopatol\u00f3gicos. Bem a realiza\u00e7\u00e3o de exames preventivos contra o c\u00e2ncer de colo do \u00fatero. Os exames realizados pela unidade Sesc Sa\u00fade Mulher s\u00e3o enviados do local onde a unidade esteja para o Hospital do C\u00e2ncer de Barretos, em uma parceria que promove o acesso a an\u00e1lises detalhadas e de alta precis\u00e3o dos exames.<\/p>\n<p style=\"text-align: justify;\">O presidente La\u00e9rcio Oliveira, destacou que as a\u00e7\u00f5es do Sistema Fecom\u00e9rcio n\u00e3o se resumem apenas \u00e0s suas unidades f\u00edsicas fixas, tamb\u00e9m se estendem para toda a popula\u00e7\u00e3o, por meio das unidades m\u00f3veis, que v\u00e3o at\u00e9 os locais mais long\u00ednquos para atender a popula\u00e7\u00e3o mais carente de Sergipe.<\/p>\n<p style=\"text-align: justify;\">\u201cN\u00e3o estamos restritos apenas \u00e0s nossas unidades f\u00edsicas. Naquilo que n\u00e3o conseguimos alcan\u00e7ar atrav\u00e9s de um pr\u00e9dio f\u00edsico, chegamos \u00e0 popula\u00e7\u00e3o por meio das unidades m\u00f3veis. Colocamos nossas unidades m\u00f3veis na estrada para poder atender a popula\u00e7\u00e3o de todo Sergipe. Esse \u00e9 o nosso papel. Trazemos o al\u00edvio para as pessoas, levando at\u00e9 elas a solu\u00e7\u00e3o de problemas que podemos ajudar a melhorar. As unidades v\u00e3o viajar o estado todo, pois \u00e9 um compromisso do sistema Fecom\u00e9rcio\/Sesc\/Senac. As unidades permanecem por 60 dias em cada munic\u00edpio, para poder atender melhor os moradores do interior do estado\u201d, disse La\u00e9rcio.<\/p>\n<p>&nbsp;<\/p>\n<p>O governador de Sergipe, Jackson Barreto, destacou a import\u00e2ncia do Sistema Fecom\u00e9rcio para Sergipe, por meio de suas a\u00e7\u00f5es que atenderam mais de 85 mil sergipanos, no ano de 2015. O governador disse que os servi\u00e7os prestados pelo Sistema Fecom\u00e9rcio s\u00e3o de grande valor para o povo sergipano.<\/p>\n<p>&nbsp;<\/p>\n<p style=\"text-align: justify;\">\u201cEstou aqui em nome do Estado prestigiando o trabalho da Federa\u00e7\u00e3o do Com\u00e9rcio porque eu vejo no sistema uma ferramenta importante de trabalho para ajudar o Estado e a popula\u00e7\u00e3o. Eu vejo nisso um gesto de amor, de compreens\u00e3o da Fecom\u00e9rcio, atrav\u00e9s de La\u00e9rcio, para entender que as solu\u00e7\u00f5es dos problemas da popula\u00e7\u00e3o n\u00e3o dependem apenas do poder p\u00fablico, mas tamb\u00e9m do setor privado. Com esse trabalho, \u00e9 evidente que h\u00e1 um ganho muito grande para a popula\u00e7\u00e3o e o Governo do Estado s\u00f3 vem reconhecer e agradecer. No momento em que o Sesc e o Senac completam 70 anos de servi\u00e7o, vejo esses carros que atuam na \u00e1rea cultural, como a biblioteca, importante para levar cultura, despertar para a leitura e uma unidade m\u00f3vel que vai prevenir o c\u00e2ncer uterino e da mama, na sa\u00fade odontol\u00f3gica e forma\u00e7\u00e3o profissional. Isso \u00e9 importante para o povo sergipano\u201d, destacou o governador Jackson Barreto.<\/p>\n<p style=\"text-align: justify;\">Est\u00e3o expostas para visita\u00e7\u00e3o al\u00e9m da OdontoSesc e Sesc Sa\u00fade Mulher, as unidades BiblioSesc, que cont\u00e9m mais de tr\u00eas mil t\u00edtulos para leitura dos mais variados g\u00eaneros liter\u00e1rios, com objetivo de promover acesso \u00e0 informa\u00e7\u00e3o e forma\u00e7\u00e3o cultural das crian\u00e7as, jovens e adultos, e Sesc Brincando Com Arte, unidade m\u00f3vel composta por material educativo de desenvolvimento l\u00fadico e atividades recreativas. O Senac est\u00e1 expondo a unidade educacional carreta-escola de Turismo e Hotelaria, na qual s\u00e3o ofertados cursos de ensino t\u00e9cnico pedag\u00f3gico, com finalidade de prepara\u00e7\u00e3o profissionalizante para o mercado de trabalho.<\/p>\n<p style=\"text-align: justify;\">A exposi\u00e7\u00e3o das unidades m\u00f3veis do Sistema Fecom\u00e9rcio\/Sesc\/Senac permanecer\u00e1 at\u00e9 a sexta-feira (17), quando as unidades seguir\u00e3o de volta para os munic\u00edpios do interior sergipano.<\/p>\n<p style=\"text-align: justify;\"><em><strong>Acompanhe tamb\u00e9m o SE not\u00edcias no\u00a0<a href=\"https:\/\/twitter.com\/Senoticias\" target=\"_blank\">Twitter<\/a>,\u00a0<a href=\"https:\/\/www.facebook.com\/senoticias1\" target=\"_blank\">Facebook<\/a>\u00a0e no\u00a0<a href=\"https:\/\/www.instagram.com\/senoticias\/\" target=\"_blank\">Instagram<\/a><\/strong><\/em><\/p>\n<p style=\"text-align: justify;\"><a href=\"http:\/\/senoticias.com.br\/se\/wp-content\/uploads\/2016\/06\/WhatsApp-Image-20160602-e1464878028548.jpg\"><img loading=\"lazy\" decoding=\"async\" class=\"aligncenter size-full wp-image-92649\" alt=\"WhatsApp-Image-20160602\" src=\"http:\/\/senoticias.com.br\/se\/wp-content\/uploads\/2016\/06\/WhatsApp-Image-20160602-e1464878028548.jpg\" width=\"599\" height=\"78\" \/><\/a><\/p>\n<p>&nbsp;<\/p>\n","protected":false},"excerpt":{"rendered":"<p>O Sistema Fecom\u00e9rcio\/Sesc\/Senac de Sergipe est\u00e1 promovendo uma exposi\u00e7\u00e3o de parte da estrutura m\u00f3vel de atendimento em Sergipe. Aracaju recebeu na manh\u00e3 da segunda-feira (13), cinco unidades que est\u00e3o expostas na pra\u00e7a General Valad\u00e3o, no Centro de Aracaju, para visita\u00e7\u00e3o p\u00fablica. As carretas que ofertam servi\u00e7os gratuitos de educa\u00e7\u00e3o, sa\u00fade e capacita\u00e7\u00e3o t\u00e9cnico-profissionalizante prestam servi\u00e7os [&hellip;]<\/p>\n","protected":false},"author":1,"featured_media":93187,"comment_status":"closed","ping_status":"closed","sticky":false,"template":"","format":"standard","meta":{"footnotes":""},"categories":[6,1],"tags":[],"class_list":{"0":"post-93182","1":"post","2":"type-post","3":"status-publish","4":"format-standard","5":"has-post-thumbnail","7":"category-politica","8":"category-sem-categoria"},"_links":{"self":[{"href":"https:\/\/senoticias.com.br\/se\/wp-json\/wp\/v2\/posts\/93182"}],"collection":[{"href":"https:\/\/senoticias.com.br\/se\/wp-json\/wp\/v2\/posts"}],"about":[{"href":"https:\/\/senoticias.com.br\/se\/wp-json\/wp\/v2\/types\/post"}],"author":[{"embeddable":true,"href":"https:\/\/senoticias.com.br\/se\/wp-json\/wp\/v2\/users\/1"}],"replies":[{"embeddable":true,"href":"https:\/\/senoticias.com.br\/se\/wp-json\/wp\/v2\/comments?post=93182"}],"version-history":[{"count":0,"href":"https:\/\/senoticias.com.br\/se\/wp-json\/wp\/v2\/posts\/93182\/revisions"}],"wp:featuredmedia":[{"embeddable":true,"href":"https:\/\/senoticias.com.br\/se\/wp-json\/wp\/v2\/media\/93187"}],"wp:attachment":[{"href":"https:\/\/senoticias.com.br\/se\/wp-json\/wp\/v2\/media?parent=93182"}],"wp:term":[{"taxonomy":"category","embeddable":true,"href":"https:\/\/senoticias.com.br\/se\/wp-json\/wp\/v2\/categories?post=93182"},{"taxonomy":"post_tag","embeddable":true,"href":"https:\/\/senoticias.com.br\/se\/wp-json\/wp\/v2\/tags?post=93182"}],"curies":[{"name":"wp","href":"https:\/\/api.w.org\/{rel}","templated":true}]}}