{"id":92816,"date":"2016-06-06T10:16:53","date_gmt":"2016-06-06T13:16:53","guid":{"rendered":"http:\/\/senoticias.com.br\/se\/?p=92816"},"modified":"2016-06-06T10:17:37","modified_gmt":"2016-06-06T13:17:37","slug":"impeachment-e-votacao-sobre-cunha-dominam-semana-no-congresso","status":"publish","type":"post","link":"https:\/\/senoticias.com.br\/se\/impeachment-e-votacao-sobre-cunha-dominam-semana-no-congresso\/","title":{"rendered":"Impeachment e vota\u00e7\u00e3o sobre Cunha dominam semana no Congresso"},"content":{"rendered":"<p style=\"text-align: justify;\">A semana na pol\u00edtica em Bras\u00edlia ser\u00e1 movimentada pela Conselho de \u00c9tica da C\u00e2mara, que deve discutir e votar o parecer pela cassa\u00e7\u00e3o de Eduardo Cunha (PMDB-RJ), presidente afastado da Casa, e pelos debates na comiss\u00e3o do impeachment no Senado, que se reunir\u00e1 para definir o cronograma sobre o processo da presidente afastada Dilma Rousseff.<\/p>\n<div id=\"attachment_92817\" style=\"width: 609px\" class=\"wp-caption aligncenter\"><a href=\"http:\/\/senoticias.com.br\/se\/wp-content\/uploads\/2016\/06\/SENot\u00edcias-img20150213192346698261.jpg\"><img loading=\"lazy\" decoding=\"async\" aria-describedby=\"caption-attachment-92817\" class=\"size-full wp-image-92817\" alt=\"Plen\u00e1rio do Congresso Nacional (Foto: Edilson Rodrigues \/ Ag\u00eancia Senado) \" src=\"http:\/\/senoticias.com.br\/se\/wp-content\/uploads\/2016\/06\/SENot\u00edcias-img20150213192346698261.jpg\" width=\"599\" height=\"399\" srcset=\"https:\/\/senoticias.com.br\/se\/wp-content\/uploads\/2016\/06\/SENot\u00edcias-img20150213192346698261.jpg 599w, https:\/\/senoticias.com.br\/se\/wp-content\/uploads\/2016\/06\/SENot\u00edcias-img20150213192346698261-300x199.jpg 300w, https:\/\/senoticias.com.br\/se\/wp-content\/uploads\/2016\/06\/SENot\u00edcias-img20150213192346698261-342x227.jpg 342w\" sizes=\"(max-width: 599px) 100vw, 599px\" \/><\/a><p id=\"caption-attachment-92817\" class=\"wp-caption-text\">Plen\u00e1rio do Congresso Nacional (Foto: Edilson Rodrigues \/ Ag\u00eancia Senado)<\/p><\/div>\n<p style=\"text-align: justify;\">Para esta semana, ainda est\u00e1 prevista a sabatina de Ilan Goldfajn no Senado. Indicado para presidir o Banco Central, ele precisar\u00e1 ter o nome aprovado pela Comiss\u00e3o de Assuntos Econ\u00f4micos do Senado e pelo plen\u00e1rio da Casa.<\/p>\n<p style=\"text-align: justify;\"><strong>Conselho de \u00c9tica<\/strong><\/p>\n<p style=\"text-align: justify;\">Na semana passada, o relator do Conselho de \u00c9tica da C\u00e2mara, deputado Marcos Rog\u00e9rio (DEM-RO), apresentou relat\u00f3rio no qual defende a perda de mandato de Cunha por quebra de decoro. Foi concedido pedido de vista coletivo, o que garante prazo extra de dois dias \u00fateis para os deputados analisarem o parecer. Uma sess\u00e3o foi marcada para esta ter\u00e7a-feira (7). Se n\u00e3o der tempo de encerrar a discuss\u00e3o, a vota\u00e7\u00e3o poder\u00e1 ficar para quarta (8).<\/p>\n<p style=\"text-align: justify;\">Cunha \u00e9 acusado de manter contas secretas no exterior e de ter mentido sobre a exist\u00eancia delas em depoimento \u00e0 CPI da Petrobras no ano passado. Ele nega e afirma ser o benefici\u00e1rio de fundos geridos por trustes (entidades jur\u00eddicas formadas para administrar bens e recursos).<\/p>\n<p style=\"text-align: justify;\"><strong>Comiss\u00e3o do impeachment<\/strong><\/p>\n<p style=\"text-align: justify;\">No Senado, com a decis\u00e3o do presidente da comiss\u00e3o especial do impeachment, Raimundo Lira (PMDB-PB), de acatar uma quest\u00e3o de ordem e reduzir em 20 dias o tempo para as alega\u00e7\u00f5es da defesa e da acusa\u00e7\u00e3o, houve um impasse, e a defini\u00e7\u00e3o de um cronograma do processo ficou para esta semana.<\/p>\n<p style=\"text-align: justify;\">Uma reuni\u00e3o foi marcada para a tarde desta segunda-feira (6) para tentar votar o calend\u00e1rio apresentado pelo relator, senador Antonio Anastasia (PSDB-MG).<\/p>\n<p style=\"text-align: justify;\">No entanto, a defesa de Dilma recorreu ao presidente do Supremo Tribunal Federal (STF), Ricardo Lewandoeski, contra a redu\u00e7\u00e3o do prazo para apresentar alega\u00e7\u00f5es finais. O colegiado n\u00e3o poder\u00e1, portanto, decidir o cronograma antes de sair uma decis\u00e3o de Lewandowski, o que deve ocorrer nesta segunda.<\/p>\n<p style=\"text-align: justify;\"><strong>Sabatina<\/strong><\/p>\n<p style=\"text-align: justify;\">Na ter\u00e7a-feira, a Comiss\u00e3o de Assuntos Econ\u00f4micos (CAE) do Senado vai sabatinar Ilan Goldfajn, indicado pelo ministro da Fazenda, Henrique Meirelles, para o comando do Banco Central. A vota\u00e7\u00e3o no Plen\u00e1rio do Senado poder\u00e1 ocorrer no mesmo dia, conforme sinalizou o presidente da Casa, Renan Calheiros (PMDB-AL).<\/p>\n<p style=\"text-align: justify;\">Ilan Goldfajn j\u00e1 foi diretor de Pol\u00edtica Econ\u00f4mica do pr\u00f3prio BC no mandato do presidente Fernando Henrique Cardoso e no in\u00edcio do governo Luiz In\u00e1cio Lula da Silva, entre 2000 e 2003. Antes de ser indicado para o Banco Central, ele era economista-chefe e s\u00f3cio do Ita\u00fa Unibanco.<\/p>\n<p style=\"text-align: justify;\">Na semana passada, o senador Raimundo Lira (PMDB-PB) leu relat\u00f3rio favor\u00e1vel \u00e0 mensagem da Presid\u00eancia da Rep\u00fablica que oficializa a indica\u00e7\u00e3o de Goldfajn, mas foi concedida vista coletiva.<\/p>\n<p style=\"text-align: justify;\">Aliados do governo queriam ouvi-lo j\u00e1 na semana passada, a fim de viabilizar a participa\u00e7\u00e3o de Goldfajn na pr\u00f3xima reuni\u00e3o do Comit\u00ea de Pol\u00edtica Monet\u00e1ria (Copom), marcada para 7 e 8 de junho, quando ser\u00e1 definida a taxa b\u00e1sica de juros, a Selic. Por\u00e9m, n\u00e3o houve acordo com a oposi\u00e7\u00e3o.<\/p>\n<p style=\"text-align: justify;\"><strong>Vota\u00e7\u00f5es<\/strong><\/p>\n<p style=\"text-align: justify;\">No plen\u00e1rio da C\u00e2mara, poder\u00e3o ser votadas propostas como a que regulamenta as medidas de seguran\u00e7a e fiscaliza\u00e7\u00e3o das casas noturnas.<\/p>\n<p style=\"text-align: justify;\">Entre as propostas de emenda \u00e0 Constitui\u00e7\u00e3o, est\u00e1 na pauta o segundo turno da PEC que aumenta o piso de recursos federais direcionados \u00e0 sa\u00fade p\u00fablica anualmente. Em rela\u00e7\u00e3o aos projetos de reajuste do funcionalismo p\u00fablico, ficou pendente a proposta que estrutura carreiras da Defensoria P\u00fablica da Uni\u00e3o.<\/p>\n<p style=\"text-align: justify;\">No Senado, o plen\u00e1rio poder\u00e1 votar o projeto de lei que incrementa a Lei de Responsabilidade Fiscal (LRF), com normas para execu\u00e7\u00e3o or\u00e7ament\u00e1ria, planejamento e controle no setor p\u00fablico.<\/p>\n<p style=\"text-align: justify;\">Al\u00e9m disso, os senadores podem apreciar projetos destinados a combater a viol\u00eancia contra a mulher e devem concluir a vota\u00e7\u00e3o da PEC dos Precat\u00f3rios (que trata das d\u00edvidas que o governo tem com cidad\u00e3o ou empresa que ganhou processo judicial transitado em julgado).<\/p>\n<p style=\"text-align: justify;\"><strong>Acompanhe tamb\u00e9m o SENot\u00edcias no <a href=\"https:\/\/twitter.com\/Senoticias\" target=\"_blank\">Twitter<\/a>, <a href=\"https:\/\/www.facebook.com\/PortalSENoticias\/\" target=\"_blank\">Facebook <\/a>e no <a href=\"https:\/\/www.instagram.com\/senoticias\/\" target=\"_blank\">Instagram<\/a><\/strong><\/p>\n<p><a href=\"http:\/\/senoticias.com.br\/se\/wp-content\/uploads\/2016\/06\/13382123_972758916172913_912132334_n.jpg\"><img loading=\"lazy\" decoding=\"async\" class=\"aligncenter size-full wp-image-92696\" alt=\"13382123_972758916172913_912132334_n\" src=\"http:\/\/senoticias.com.br\/se\/wp-content\/uploads\/2016\/06\/13382123_972758916172913_912132334_n.jpg\" width=\"599\" height=\"78\" srcset=\"https:\/\/senoticias.com.br\/se\/wp-content\/uploads\/2016\/06\/13382123_972758916172913_912132334_n.jpg 599w, https:\/\/senoticias.com.br\/se\/wp-content\/uploads\/2016\/06\/13382123_972758916172913_912132334_n-300x39.jpg 300w, https:\/\/senoticias.com.br\/se\/wp-content\/uploads\/2016\/06\/13382123_972758916172913_912132334_n-342x44.jpg 342w\" sizes=\"(max-width: 599px) 100vw, 599px\" \/><\/a><\/p>\n<p><strong>Mat\u00e9ria extra\u00edda do Portal de Not\u00edcias <a href=\"http:\/\/g1.globo.com\/politica\/processo-de-impeachment-de-dilma\/noticia\/2016\/06\/impeachment-e-votacao-sobre-cunha-dominam-semana-no-congresso.html\" target=\"_blank\">G1, Bras\u00edlia<\/a><\/strong><\/p>\n","protected":false},"excerpt":{"rendered":"<p>A semana na pol\u00edtica em Bras\u00edlia ser\u00e1 movimentada pela Conselho de \u00c9tica da C\u00e2mara, que deve discutir e votar o parecer pela cassa\u00e7\u00e3o de Eduardo Cunha (PMDB-RJ), presidente afastado da Casa, e pelos debates na comiss\u00e3o do impeachment no Senado, que se reunir\u00e1 para definir o cronograma sobre o processo da presidente afastada Dilma Rousseff. [&hellip;]<\/p>\n","protected":false},"author":1,"featured_media":92817,"comment_status":"closed","ping_status":"closed","sticky":false,"template":"","format":"standard","meta":{"footnotes":""},"categories":[6],"tags":[],"class_list":{"0":"post-92816","1":"post","2":"type-post","3":"status-publish","4":"format-standard","5":"has-post-thumbnail","7":"category-politica"},"_links":{"self":[{"href":"https:\/\/senoticias.com.br\/se\/wp-json\/wp\/v2\/posts\/92816"}],"collection":[{"href":"https:\/\/senoticias.com.br\/se\/wp-json\/wp\/v2\/posts"}],"about":[{"href":"https:\/\/senoticias.com.br\/se\/wp-json\/wp\/v2\/types\/post"}],"author":[{"embeddable":true,"href":"https:\/\/senoticias.com.br\/se\/wp-json\/wp\/v2\/users\/1"}],"replies":[{"embeddable":true,"href":"https:\/\/senoticias.com.br\/se\/wp-json\/wp\/v2\/comments?post=92816"}],"version-history":[{"count":0,"href":"https:\/\/senoticias.com.br\/se\/wp-json\/wp\/v2\/posts\/92816\/revisions"}],"wp:featuredmedia":[{"embeddable":true,"href":"https:\/\/senoticias.com.br\/se\/wp-json\/wp\/v2\/media\/92817"}],"wp:attachment":[{"href":"https:\/\/senoticias.com.br\/se\/wp-json\/wp\/v2\/media?parent=92816"}],"wp:term":[{"taxonomy":"category","embeddable":true,"href":"https:\/\/senoticias.com.br\/se\/wp-json\/wp\/v2\/categories?post=92816"},{"taxonomy":"post_tag","embeddable":true,"href":"https:\/\/senoticias.com.br\/se\/wp-json\/wp\/v2\/tags?post=92816"}],"curies":[{"name":"wp","href":"https:\/\/api.w.org\/{rel}","templated":true}]}}