{"id":92811,"date":"2016-06-06T09:39:17","date_gmt":"2016-06-06T12:39:17","guid":{"rendered":"http:\/\/senoticias.com.br\/se\/?p=92811"},"modified":"2016-06-06T09:41:39","modified_gmt":"2016-06-06T12:41:39","slug":"briga-de-torcidas-marca-jogo-entre-flamengo-e-palmeiras-em-brasilia","status":"publish","type":"post","link":"https:\/\/senoticias.com.br\/se\/briga-de-torcidas-marca-jogo-entre-flamengo-e-palmeiras-em-brasilia\/","title":{"rendered":"Briga de torcidas marca jogo entre Flamengo e Palmeiras em Bras\u00edlia."},"content":{"rendered":"<p style=\"text-align: justify;\">O jogo entre Flamengo e Palmeiras no Est\u00e1dio Man\u00e9 Garricha, em Bras\u00edlia, pela sexta rodada do Campeonato Brasileiro, neste domingo (5) teve momentos de tens\u00e3o. Uma briga entre torcedores dos dois times no intervalo da partida atrasou em 15 minutos o in\u00edcio do segundo tempo.<\/p>\n<div id=\"attachment_92812\" style=\"width: 560px\" class=\"wp-caption aligncenter\"><a href=\"http:\/\/senoticias.com.br\/se\/wp-content\/uploads\/2016\/06\/Briga-de-torcidas-marca-jogo-entre-Flamengo-e-Palmeiras-em-Brasilia-SE-Noticias.jpg\"><img loading=\"lazy\" decoding=\"async\" aria-describedby=\"caption-attachment-92812\" class=\"size-full wp-image-92812\" alt=\"Foto: Divulga\u00e7\u00e3o\" src=\"http:\/\/senoticias.com.br\/se\/wp-content\/uploads\/2016\/06\/Briga-de-torcidas-marca-jogo-entre-Flamengo-e-Palmeiras-em-Brasilia-SE-Noticias.jpg\" width=\"550\" height=\"309\" srcset=\"https:\/\/senoticias.com.br\/se\/wp-content\/uploads\/2016\/06\/Briga-de-torcidas-marca-jogo-entre-Flamengo-e-Palmeiras-em-Brasilia-SE-Noticias.jpg 550w, https:\/\/senoticias.com.br\/se\/wp-content\/uploads\/2016\/06\/Briga-de-torcidas-marca-jogo-entre-Flamengo-e-Palmeiras-em-Brasilia-SE-Noticias-300x168.jpg 300w, https:\/\/senoticias.com.br\/se\/wp-content\/uploads\/2016\/06\/Briga-de-torcidas-marca-jogo-entre-Flamengo-e-Palmeiras-em-Brasilia-SE-Noticias-342x192.jpg 342w\" sizes=\"(max-width: 550px) 100vw, 550px\" \/><\/a><p id=\"caption-attachment-92812\" class=\"wp-caption-text\">Foto: Divulga\u00e7\u00e3o<\/p><\/div>\n<p style=\"text-align: justify;\">Segundo a assessoria de comunica\u00e7\u00e3o da Pol\u00edcia Miliar do Distrito Federal, integrantes da Mancha Verde, torcida organizada palmeirense iniciaram a briga na \u00e1rea de bares e banheiros do anel inferior do est\u00e1dio. Os palmeirenses estavam tentando ir para o lado flamenguista e chegaram a arrancar cadeiras do est\u00e1dio para atacar os advers\u00e1rios. Cerca de 30 torcedores do Palmeiras foram encaminhados \u00e0 5\u00aa Delegacia de Pol\u00edcia e um policial ficou ferido.<\/p>\n<p style=\"text-align: justify;\">Tamb\u00e9m houve confronto do lado fora da arena. Nos dois momentos, os policiais usaram spray de pimenta para conter os torcedores. Com o vento, o g\u00e1s tamb\u00e9m atingiu alguns jogadores no campo.<\/p>\n<p style=\"text-align: justify;\">Depois da confus\u00e3o, a partida seguiu normalmente e terminou em vit\u00f3ria do Palmeiras por 2 a 1, com gols de Gabriel Jesus e Jean, para o Palmeiras, e de Alan Patrick, para o Flamengo. Para evitar novos confrontos, as duas torcidas sa\u00edram do est\u00e1dio escoltadas por grupos t\u00e1ticos da Pol\u00edcia Militar.<\/p>\n<p style=\"text-align: justify;\"><strong>Acompanhe tamb\u00e9m o SEnot\u00edcias no <a href=\"https:\/\/twitter.com\/Senoticias\" target=\"_blank\">Twitter<\/a>, <a href=\"https:\/\/www.facebook.com\/senoticias1\" target=\"_blank\">Facebook <\/a>e no <a href=\"https:\/\/www.instagram.com\/senoticias\/\" target=\"_blank\">Instagram<\/a><\/strong><\/p>\n<p style=\"text-align: justify;\"><strong>\u00a0<a href=\"http:\/\/senoticias.com.br\/se\/wp-content\/uploads\/2016\/06\/13382123_972758916172913_912132334_n.jpg\"><img loading=\"lazy\" decoding=\"async\" class=\"aligncenter size-full wp-image-92696\" alt=\"13382123_972758916172913_912132334_n\" src=\"http:\/\/senoticias.com.br\/se\/wp-content\/uploads\/2016\/06\/13382123_972758916172913_912132334_n.jpg\" width=\"599\" height=\"78\" srcset=\"https:\/\/senoticias.com.br\/se\/wp-content\/uploads\/2016\/06\/13382123_972758916172913_912132334_n.jpg 599w, https:\/\/senoticias.com.br\/se\/wp-content\/uploads\/2016\/06\/13382123_972758916172913_912132334_n-300x39.jpg 300w, https:\/\/senoticias.com.br\/se\/wp-content\/uploads\/2016\/06\/13382123_972758916172913_912132334_n-342x44.jpg 342w\" sizes=\"(max-width: 599px) 100vw, 599px\" \/><\/a><\/strong><\/p>\n<p style=\"text-align: justify;\"><strong>Mat\u00e9ria extra\u00edda do Portal <a href=\"http:\/\/agenciabrasil.ebc.com.br\/geral\/noticia\/2016-06\/briga-de-torcidas-marca-jogo-entre-flamengo-e-palmeiras-em-brasilia\" target=\"_blank\">Ag\u00eancia Brasil de Noticias<\/a>.<\/strong><\/p>\n","protected":false},"excerpt":{"rendered":"<p>O jogo entre Flamengo e Palmeiras no Est\u00e1dio Man\u00e9 Garricha, em Bras\u00edlia, pela sexta rodada do Campeonato Brasileiro, neste domingo (5) teve momentos de tens\u00e3o. Uma briga entre torcedores dos dois times no intervalo da partida atrasou em 15 minutos o in\u00edcio do segundo tempo. Segundo a assessoria de comunica\u00e7\u00e3o da Pol\u00edcia Miliar do Distrito [&hellip;]<\/p>\n","protected":false},"author":3,"featured_media":92812,"comment_status":"closed","ping_status":"closed","sticky":false,"template":"","format":"standard","meta":{"footnotes":""},"categories":[39,26],"tags":[937,936,392,939,938],"class_list":{"0":"post-92811","1":"post","2":"type-post","3":"status-publish","4":"format-standard","5":"has-post-thumbnail","7":"category-esporte","8":"category-esportes","9":"tag-briga-de-torcidas","10":"tag-briga-de-torcidas-marca-jogo-entre-flamengo-e-palmeiras-em-brasilia","11":"tag-flamengo","12":"tag-flamengo-e-palmeiras-em-brasilia","13":"tag-palmeiras"},"_links":{"self":[{"href":"https:\/\/senoticias.com.br\/se\/wp-json\/wp\/v2\/posts\/92811"}],"collection":[{"href":"https:\/\/senoticias.com.br\/se\/wp-json\/wp\/v2\/posts"}],"about":[{"href":"https:\/\/senoticias.com.br\/se\/wp-json\/wp\/v2\/types\/post"}],"author":[{"embeddable":true,"href":"https:\/\/senoticias.com.br\/se\/wp-json\/wp\/v2\/users\/3"}],"replies":[{"embeddable":true,"href":"https:\/\/senoticias.com.br\/se\/wp-json\/wp\/v2\/comments?post=92811"}],"version-history":[{"count":0,"href":"https:\/\/senoticias.com.br\/se\/wp-json\/wp\/v2\/posts\/92811\/revisions"}],"wp:featuredmedia":[{"embeddable":true,"href":"https:\/\/senoticias.com.br\/se\/wp-json\/wp\/v2\/media\/92812"}],"wp:attachment":[{"href":"https:\/\/senoticias.com.br\/se\/wp-json\/wp\/v2\/media?parent=92811"}],"wp:term":[{"taxonomy":"category","embeddable":true,"href":"https:\/\/senoticias.com.br\/se\/wp-json\/wp\/v2\/categories?post=92811"},{"taxonomy":"post_tag","embeddable":true,"href":"https:\/\/senoticias.com.br\/se\/wp-json\/wp\/v2\/tags?post=92811"}],"curies":[{"name":"wp","href":"https:\/\/api.w.org\/{rel}","templated":true}]}}