{"id":92806,"date":"2016-06-06T09:28:41","date_gmt":"2016-06-06T12:28:41","guid":{"rendered":"http:\/\/senoticias.com.br\/se\/?p=92806"},"modified":"2016-06-06T09:28:41","modified_gmt":"2016-06-06T12:28:41","slug":"publicado-reajuste-maximo-de-1357-para-planos-de-saude","status":"publish","type":"post","link":"https:\/\/senoticias.com.br\/se\/publicado-reajuste-maximo-de-1357-para-planos-de-saude\/","title":{"rendered":"Publicado reajuste m\u00e1ximo de 13,57% para planos de sa\u00fade."},"content":{"rendered":"<p style=\"text-align: justify;\">A Ag\u00eancia Nacional de Sa\u00fade Suplementar (ANS) publicou hoje (6) no Di\u00e1rio Oficial da Uni\u00e3o a decis\u00e3o de fixar em at\u00e9 13,57% o \u00edndice de reajuste m\u00e1ximo a ser aplicado a planos de sa\u00fade m\u00e9dico-hospitalares individuais\/familiares no per\u00edodo compreendido entre maio de 2016 e abril de 2017.<\/p>\n<div id=\"attachment_60799\" style=\"width: 510px\" class=\"wp-caption aligncenter\"><a href=\"http:\/\/senoticias.com.br\/se\/wp-content\/uploads\/2014\/03\/planosdesaude_abr_2208.jpg\"><img loading=\"lazy\" decoding=\"async\" aria-describedby=\"caption-attachment-60799\" class=\"size-full wp-image-60799\" alt=\"Foto: Ag\u00eancia Brasil \" src=\"http:\/\/senoticias.com.br\/se\/wp-content\/uploads\/2014\/03\/planosdesaude_abr_2208.jpg\" width=\"500\" height=\"279\" srcset=\"https:\/\/senoticias.com.br\/se\/wp-content\/uploads\/2014\/03\/planosdesaude_abr_2208.jpg 500w, https:\/\/senoticias.com.br\/se\/wp-content\/uploads\/2014\/03\/planosdesaude_abr_2208-300x167.jpg 300w, https:\/\/senoticias.com.br\/se\/wp-content\/uploads\/2014\/03\/planosdesaude_abr_2208-342x190.jpg 342w\" sizes=\"(max-width: 500px) 100vw, 500px\" \/><\/a><p id=\"caption-attachment-60799\" class=\"wp-caption-text\">Foto: Ag\u00eancia Brasil<\/p><\/div>\n<p style=\"text-align: justify;\">O an\u00fancio do percentual, v\u00e1lido para planos de sa\u00fade contratados a partir de janeiro de 1999 ou adaptados \u00e0 Lei 9.656\/98, foi feito na \u00faltima sexta-feira (3). A mudan\u00e7a atinge cerca de 8,3 milh\u00f5es de benefici\u00e1rios \u2013 17% do total de 48,5 milh\u00f5es de consumidores de planos de assist\u00eancia m\u00e9dica no Brasil.<\/p>\n<p style=\"text-align: justify;\">O \u00edndice de reajuste autorizado pela ANS pode ser aplicado somente a partir da data de anivers\u00e1rio de cada contrato (m\u00eas em que o contrato foi firmado).<\/p>\n<p style=\"text-align: justify;\">Se o m\u00eas de anivers\u00e1rio do contrato \u00e9 maio ou junho, ser\u00e1 permitida cobran\u00e7a retroativa, conforme a RN 171\/2008. Nesses casos, as mensalidades de julho e agosto (se o anivers\u00e1rio do contrato for em maio) ou apenas de julho (se o anivers\u00e1rio do contrato for em junho) ser\u00e3o acrescidas dos valores referentes \u00e0 cobran\u00e7a retroativa.<\/p>\n<p style=\"text-align: justify;\">Para os contratos com anivers\u00e1rio entre os meses de julho de 2016 e abril de 2017, n\u00e3o poder\u00e1 haver cobran\u00e7a retroativa.<\/p>\n<p style=\"text-align: justify;\">De acordo com a ag\u00eancia, dever\u00e3o constar claramente no boleto de pagamento o \u00edndice de reajuste autorizado, o n\u00famero do of\u00edcio de autoriza\u00e7\u00e3o da ag\u00eancia, nome, c\u00f3digo e n\u00famero de registro do plano, bem como o m\u00eas previsto para aplica\u00e7\u00e3o do pr\u00f3ximo reajuste anual.<\/p>\n<p style=\"text-align: justify;\">\u00c9 importante destacar que somente as operadoras autorizadas pela ANS podem aplicar reajustes, conforme determina a Resolu\u00e7\u00e3o Normativa n\u00ba 171\/2008\u201d, destacou o \u00f3rg\u00e3o. Em caso de d\u00favida, os consumidores podem entrar em contato com a ag\u00eancia por meio do Disque ANS (0800 701 9656) ou pela Central de Atendimento ao Consumidor, na p\u00e1gina da ANS.<\/p>\n<p style=\"text-align: justify;\"><a href=\"http:\/\/senoticias.com.br\/se\/wp-content\/uploads\/2016\/06\/tabela-SE-Noticias.png\"><img loading=\"lazy\" decoding=\"async\" class=\"aligncenter size-full wp-image-92808\" alt=\"tabela SE Noticias\" src=\"http:\/\/senoticias.com.br\/se\/wp-content\/uploads\/2016\/06\/tabela-SE-Noticias.png\" width=\"593\" height=\"473\" srcset=\"https:\/\/senoticias.com.br\/se\/wp-content\/uploads\/2016\/06\/tabela-SE-Noticias.png 593w, https:\/\/senoticias.com.br\/se\/wp-content\/uploads\/2016\/06\/tabela-SE-Noticias-300x239.png 300w, https:\/\/senoticias.com.br\/se\/wp-content\/uploads\/2016\/06\/tabela-SE-Noticias-342x272.png 342w\" sizes=\"(max-width: 593px) 100vw, 593px\" \/><\/a><\/p>\n<p style=\"text-align: justify;\"><a href=\"http:\/\/senoticias.com.br\/se\/wp-content\/uploads\/2016\/06\/tabela-reajuste-para-planos-de-saude-SE-Noticias.png\"><img loading=\"lazy\" decoding=\"async\" class=\"aligncenter size-full wp-image-92807\" alt=\"tabela  reajuste para planos de saude SE Noticias\" src=\"http:\/\/senoticias.com.br\/se\/wp-content\/uploads\/2016\/06\/tabela-reajuste-para-planos-de-saude-SE-Noticias.png\" width=\"592\" height=\"318\" srcset=\"https:\/\/senoticias.com.br\/se\/wp-content\/uploads\/2016\/06\/tabela-reajuste-para-planos-de-saude-SE-Noticias.png 592w, https:\/\/senoticias.com.br\/se\/wp-content\/uploads\/2016\/06\/tabela-reajuste-para-planos-de-saude-SE-Noticias-300x161.png 300w, https:\/\/senoticias.com.br\/se\/wp-content\/uploads\/2016\/06\/tabela-reajuste-para-planos-de-saude-SE-Noticias-342x183.png 342w\" sizes=\"(max-width: 592px) 100vw, 592px\" \/><\/a><\/p>\n<p style=\"text-align: justify;\">\n<a href=\"http:\/\/senoticias.com.br\/se\/wp-content\/uploads\/2016\/06\/tabela-3-SE-Noticias.png\"><img loading=\"lazy\" decoding=\"async\" class=\"aligncenter size-full wp-image-92809\" alt=\"tabela 3 SE Noticias\" src=\"http:\/\/senoticias.com.br\/se\/wp-content\/uploads\/2016\/06\/tabela-3-SE-Noticias.png\" width=\"592\" height=\"188\" srcset=\"https:\/\/senoticias.com.br\/se\/wp-content\/uploads\/2016\/06\/tabela-3-SE-Noticias.png 592w, https:\/\/senoticias.com.br\/se\/wp-content\/uploads\/2016\/06\/tabela-3-SE-Noticias-300x95.png 300w, https:\/\/senoticias.com.br\/se\/wp-content\/uploads\/2016\/06\/tabela-3-SE-Noticias-342x108.png 342w\" sizes=\"(max-width: 592px) 100vw, 592px\" \/><\/a><\/p>\n<p style=\"text-align: justify;\"><strong>Acompanhe tamb\u00e9m o SEnot\u00edcias no <a href=\"https:\/\/twitter.com\/Senoticias\" target=\"_blank\">Twitter<\/a>, <a href=\"https:\/\/www.facebook.com\/senoticias1\" target=\"_blank\">Facebook <\/a>e no<a href=\"https:\/\/www.instagram.com\/senoticias\/\" target=\"_blank\"> Instagram<\/a><\/strong><\/p>\n<p style=\"text-align: justify;\"><strong>\u00a0<a href=\"http:\/\/senoticias.com.br\/se\/wp-content\/uploads\/2016\/06\/13382123_972758916172913_912132334_n.jpg\"><img loading=\"lazy\" decoding=\"async\" class=\"aligncenter size-full wp-image-92696\" alt=\"13382123_972758916172913_912132334_n\" src=\"http:\/\/senoticias.com.br\/se\/wp-content\/uploads\/2016\/06\/13382123_972758916172913_912132334_n.jpg\" width=\"599\" height=\"78\" srcset=\"https:\/\/senoticias.com.br\/se\/wp-content\/uploads\/2016\/06\/13382123_972758916172913_912132334_n.jpg 599w, https:\/\/senoticias.com.br\/se\/wp-content\/uploads\/2016\/06\/13382123_972758916172913_912132334_n-300x39.jpg 300w, https:\/\/senoticias.com.br\/se\/wp-content\/uploads\/2016\/06\/13382123_972758916172913_912132334_n-342x44.jpg 342w\" sizes=\"(max-width: 599px) 100vw, 599px\" \/><\/a><\/strong><\/p>\n<p style=\"text-align: justify;\">\n<strong>Mat\u00e9ria extra\u00edda do Portal <a href=\"http:\/\/agenciabrasil.ebc.com.br\/geral\/noticia\/2016-06\/publicado-reajuste-maximo-de-1357-para-planos-de-saude\" target=\"_blank\">Ag\u00eancia Brasil de Noticias<\/a>.<\/strong><\/p>\n<p style=\"text-align: justify;\"><strong>\u00a0<\/strong><\/p>\n","protected":false},"excerpt":{"rendered":"<p>A Ag\u00eancia Nacional de Sa\u00fade Suplementar (ANS) publicou hoje (6) no Di\u00e1rio Oficial da Uni\u00e3o a decis\u00e3o de fixar em at\u00e9 13,57% o \u00edndice de reajuste m\u00e1ximo a ser aplicado a planos de sa\u00fade m\u00e9dico-hospitalares individuais\/familiares no per\u00edodo compreendido entre maio de 2016 e abril de 2017. O an\u00fancio do percentual, v\u00e1lido para planos de [&hellip;]<\/p>\n","protected":false},"author":3,"featured_media":60799,"comment_status":"closed","ping_status":"closed","sticky":false,"template":"","format":"standard","meta":{"footnotes":""},"categories":[20,8],"tags":[934,935,933,1304],"class_list":{"0":"post-92806","1":"post","2":"type-post","3":"status-publish","4":"format-standard","5":"has-post-thumbnail","7":"category-saude","8":"category-esporte-e-cultura","9":"tag-57-para-planos-de-saude","10":"tag-planos-de-saude","11":"tag-publicado-reajuste-maximo-de-13","12":"tag-saude"},"_links":{"self":[{"href":"https:\/\/senoticias.com.br\/se\/wp-json\/wp\/v2\/posts\/92806"}],"collection":[{"href":"https:\/\/senoticias.com.br\/se\/wp-json\/wp\/v2\/posts"}],"about":[{"href":"https:\/\/senoticias.com.br\/se\/wp-json\/wp\/v2\/types\/post"}],"author":[{"embeddable":true,"href":"https:\/\/senoticias.com.br\/se\/wp-json\/wp\/v2\/users\/3"}],"replies":[{"embeddable":true,"href":"https:\/\/senoticias.com.br\/se\/wp-json\/wp\/v2\/comments?post=92806"}],"version-history":[{"count":0,"href":"https:\/\/senoticias.com.br\/se\/wp-json\/wp\/v2\/posts\/92806\/revisions"}],"wp:featuredmedia":[{"embeddable":true,"href":"https:\/\/senoticias.com.br\/se\/wp-json\/wp\/v2\/media\/60799"}],"wp:attachment":[{"href":"https:\/\/senoticias.com.br\/se\/wp-json\/wp\/v2\/media?parent=92806"}],"wp:term":[{"taxonomy":"category","embeddable":true,"href":"https:\/\/senoticias.com.br\/se\/wp-json\/wp\/v2\/categories?post=92806"},{"taxonomy":"post_tag","embeddable":true,"href":"https:\/\/senoticias.com.br\/se\/wp-json\/wp\/v2\/tags?post=92806"}],"curies":[{"name":"wp","href":"https:\/\/api.w.org\/{rel}","templated":true}]}}