{"id":92805,"date":"2016-06-06T10:03:56","date_gmt":"2016-06-06T13:03:56","guid":{"rendered":"http:\/\/senoticias.com.br\/se\/?p=92805"},"modified":"2016-06-06T10:04:35","modified_gmt":"2016-06-06T13:04:35","slug":"ifs-oferta-110-vagas-gratuitas-para-cursos-superiores","status":"publish","type":"post","link":"https:\/\/senoticias.com.br\/se\/ifs-oferta-110-vagas-gratuitas-para-cursos-superiores\/","title":{"rendered":"IFS oferta 110 vagas gratuitas para cursos superiores"},"content":{"rendered":"<p style=\"text-align: justify;\">O Instituto Federal de Sergipe (IFS) Campus Aracaju disponibiliza 110 vagas distribu\u00eddas nos cursos de bacharelado em engenharia civil, licenciatura em qu\u00edmica, licenciatura em matem\u00e1tica, tecnologia em gest\u00e3o de turismo e tecnologia em saneamento ambiental para quem j\u00e1 concluiu o ensino m\u00e9dio ou equivalente.<\/p>\n<div id=\"attachment_53375\" style=\"width: 510px\" class=\"wp-caption aligncenter\"><a href=\"http:\/\/senoticias.com.br\/se\/wp-content\/uploads\/2013\/10\/grande-IFS_281220111.jpg\"><img loading=\"lazy\" decoding=\"async\" aria-describedby=\"caption-attachment-53375\" class=\"size-full wp-image-53375\" alt=\"Sede do IFS (Foto: Divulga\u00e7\u00e3o)\" src=\"http:\/\/senoticias.com.br\/se\/wp-content\/uploads\/2013\/10\/grande-IFS_281220111.jpg\" width=\"500\" height=\"332\" srcset=\"https:\/\/senoticias.com.br\/se\/wp-content\/uploads\/2013\/10\/grande-IFS_281220111.jpg 500w, https:\/\/senoticias.com.br\/se\/wp-content\/uploads\/2013\/10\/grande-IFS_281220111-300x199.jpg 300w, https:\/\/senoticias.com.br\/se\/wp-content\/uploads\/2013\/10\/grande-IFS_281220111-342x227.jpg 342w\" sizes=\"(max-width: 500px) 100vw, 500px\" \/><\/a><p id=\"caption-attachment-53375\" class=\"wp-caption-text\">Sede do IFS (Foto: Divulga\u00e7\u00e3o)<\/p><\/div>\n<p style=\"text-align: justify;\">N\u00e3o haver\u00e1 prova para ingresso nos cinco cursos. A institui\u00e7\u00e3o utilizar\u00e1 o hist\u00f3rico escolar de conclus\u00e3o do ensino m\u00e9dio para classifica\u00e7\u00e3o das vagas.<\/p>\n<p style=\"text-align: justify;\">As inscri\u00e7\u00f5es s\u00e3o gratuitas e o candidato precisa ir ao campus Aracaju, que fica localizado na Avenida Gentil Tavares da Mota, 1166, bairro Get\u00falio Vargas, para se inscrever at\u00e9 o dia 22 de junho. O atendimento est\u00e1 sendo realizado de segunda a sexta-feira, das 8h \u00e0s 11h e das 14h \u00e0s 16h.<\/p>\n<p style=\"text-align: justify;\">No ato de inscri\u00e7\u00e3o o candidato deve apresentar os seguintes documentos: c\u00f3pia e original do RG, CPF , e do Hist\u00f3rico Escolar de conclus\u00e3o do Ensino M\u00e9dio ou equivalente ou declara\u00e7\u00e3o que conste as m\u00e9dias gerais do 2\u00ba e do 3\u00ba ano, ou Certificado do Enem acompanhada das notas; al\u00e9m de preencher formul\u00e1rio de inscri\u00e7\u00e3o.<\/p>\n<p style=\"text-align: justify;\">O resultado final da sele\u00e7\u00e3o ser\u00e1 dia 26 de agosto e a matr\u00edcula da primeira chamada acontecer\u00e1 no per\u00edodo de 30 de agosto a 02 de setembro. Outras informa\u00e7\u00f5es atrav\u00e9s dos n\u00fameros (79) 3711-3107 ou 3711-3176.<\/p>\n<p style=\"text-align: justify;\"><strong>Acompanhe tamb\u00e9m o SENot\u00edcias no <a href=\"https:\/\/twitter.com\/Senoticias\" target=\"_blank\">Twitter<\/a>, <a href=\"https:\/\/www.facebook.com\/PortalSENoticias\/\" target=\"_blank\">Facebook <\/a>e no <a href=\"https:\/\/www.instagram.com\/senoticias\/\" target=\"_blank\">Instagram<\/a><\/strong><\/p>\n<p style=\"text-align: justify;\"><a href=\"http:\/\/senoticias.com.br\/se\/wp-content\/uploads\/2016\/06\/13382123_972758916172913_912132334_n.jpg\"><img loading=\"lazy\" decoding=\"async\" class=\"aligncenter size-full wp-image-92696\" alt=\"13382123_972758916172913_912132334_n\" src=\"http:\/\/senoticias.com.br\/se\/wp-content\/uploads\/2016\/06\/13382123_972758916172913_912132334_n.jpg\" width=\"599\" height=\"78\" srcset=\"https:\/\/senoticias.com.br\/se\/wp-content\/uploads\/2016\/06\/13382123_972758916172913_912132334_n.jpg 599w, https:\/\/senoticias.com.br\/se\/wp-content\/uploads\/2016\/06\/13382123_972758916172913_912132334_n-300x39.jpg 300w, https:\/\/senoticias.com.br\/se\/wp-content\/uploads\/2016\/06\/13382123_972758916172913_912132334_n-342x44.jpg 342w\" sizes=\"(max-width: 599px) 100vw, 599px\" \/><\/a><\/p>\n<p style=\"text-align: justify;\"><strong>Mat\u00e9ria extra\u00edda do Portal de Not\u00edcias <a href=\"http:\/\/g1.globo.com\/se\/sergipe\/noticia\/2016\/06\/ifs-oferta-110-vagas-gratuitas-para-cursos-superiores.html\" target=\"_blank\">G1, Sergipe<\/a><br \/>\n<\/strong><\/p>\n","protected":false},"excerpt":{"rendered":"<p>O Instituto Federal de Sergipe (IFS) Campus Aracaju disponibiliza 110 vagas distribu\u00eddas nos cursos de bacharelado em engenharia civil, licenciatura em qu\u00edmica, licenciatura em matem\u00e1tica, tecnologia em gest\u00e3o de turismo e tecnologia em saneamento ambiental para quem j\u00e1 concluiu o ensino m\u00e9dio ou equivalente. N\u00e3o haver\u00e1 prova para ingresso nos cinco cursos. A institui\u00e7\u00e3o utilizar\u00e1 [&hellip;]<\/p>\n","protected":false},"author":1,"featured_media":53375,"comment_status":"closed","ping_status":"closed","sticky":false,"template":"","format":"standard","meta":{"footnotes":""},"categories":[44],"tags":[],"class_list":{"0":"post-92805","1":"post","2":"type-post","3":"status-publish","4":"format-standard","5":"has-post-thumbnail","7":"category-educacao"},"_links":{"self":[{"href":"https:\/\/senoticias.com.br\/se\/wp-json\/wp\/v2\/posts\/92805"}],"collection":[{"href":"https:\/\/senoticias.com.br\/se\/wp-json\/wp\/v2\/posts"}],"about":[{"href":"https:\/\/senoticias.com.br\/se\/wp-json\/wp\/v2\/types\/post"}],"author":[{"embeddable":true,"href":"https:\/\/senoticias.com.br\/se\/wp-json\/wp\/v2\/users\/1"}],"replies":[{"embeddable":true,"href":"https:\/\/senoticias.com.br\/se\/wp-json\/wp\/v2\/comments?post=92805"}],"version-history":[{"count":0,"href":"https:\/\/senoticias.com.br\/se\/wp-json\/wp\/v2\/posts\/92805\/revisions"}],"wp:featuredmedia":[{"embeddable":true,"href":"https:\/\/senoticias.com.br\/se\/wp-json\/wp\/v2\/media\/53375"}],"wp:attachment":[{"href":"https:\/\/senoticias.com.br\/se\/wp-json\/wp\/v2\/media?parent=92805"}],"wp:term":[{"taxonomy":"category","embeddable":true,"href":"https:\/\/senoticias.com.br\/se\/wp-json\/wp\/v2\/categories?post=92805"},{"taxonomy":"post_tag","embeddable":true,"href":"https:\/\/senoticias.com.br\/se\/wp-json\/wp\/v2\/tags?post=92805"}],"curies":[{"name":"wp","href":"https:\/\/api.w.org\/{rel}","templated":true}]}}