{"id":92802,"date":"2016-06-06T08:05:11","date_gmt":"2016-06-06T11:05:11","guid":{"rendered":"http:\/\/senoticias.com.br\/se\/?p=92802"},"modified":"2016-06-07T06:45:11","modified_gmt":"2016-06-07T09:45:11","slug":"acidente-com-onibus-escolar-na-turquia-mata-14-sendo-6-criancas","status":"publish","type":"post","link":"https:\/\/senoticias.com.br\/se\/acidente-com-onibus-escolar-na-turquia-mata-14-sendo-6-criancas\/","title":{"rendered":"Acidente com \u00f4nibus escolar na Turquia mata 14, sendo 6 crian\u00e7as"},"content":{"rendered":"<div>\n<p><em><strong>Da Ag\u00eancia Efe<\/strong><\/em><\/p>\n<p style=\"text-align: justify;\">\u00a0Quatorze pessoas morreram, entre elas cinco crian\u00e7as e um beb\u00ea, depois que um \u00f4nibus escolar caiu em um canal de irriga\u00e7\u00e3o na prov\u00edncia de Osmaniye, no sudeste da\u00a0Turquia, informaram nesta segunda-feira (6) fontes oficiais.<\/p>\n<\/div>\n<div id=\"attachment_92803\" style=\"width: 609px\" class=\"wp-caption aligncenter\"><a href=\"http:\/\/senoticias.com.br\/se\/wp-content\/uploads\/2016\/06\/Acidente-mata-14-na-Turquia-SE-Noticias-e1465211093857.jpg\"><img loading=\"lazy\" decoding=\"async\" aria-describedby=\"caption-attachment-92803\" class=\"size-full wp-image-92803\" alt=\"Acidente com \u00f4nibus escolar na Turquia matou 14, sendo 6 crian\u00e7as (Foto: DHA\/AP)\" src=\"http:\/\/senoticias.com.br\/se\/wp-content\/uploads\/2016\/06\/Acidente-mata-14-na-Turquia-SE-Noticias-e1465211093857.jpg\" width=\"599\" height=\"398\" \/><\/a><p id=\"caption-attachment-92803\" class=\"wp-caption-text\">Acidente com \u00f4nibus escolar na Turquia matou 14, sendo 6 crian\u00e7as (Foto: DHA\/AP)<\/p><\/div>\n<p style=\"text-align: justify;\">No acidente, ocorrido no domingo \u00e0 noite, ficaram feridas outras 26 pessoas, uma delas em estado grave.<\/p>\n<p style=\"text-align: justify;\">No acidente morreram cinco estudantes, um beb\u00ea, um professor, o motorista do ve\u00edculo e seis pais que acompanhavam as crian\u00e7as, informou Kerem Al, governador de Osmaniye.<\/p>\n<p style=\"text-align: justify;\">O ve\u00edculo transportava no total 40 pessoas e ia para a cidade de Osmaniye, onde os estudantes iam visitar um museu.<\/p>\n<p style=\"text-align: justify;\">Um v\u00eddeo do acidente publicado pela imprensa mostra que o \u00f4nibus bateu em outro ve\u00edculo depois de ultrapassar um caminh\u00e3o e caiu em um canal de irriga\u00e7\u00e3o ao lado da estrada, no qual ficou submerso.<\/p>\n<p style=\"text-align: justify;\"><a href=\"http:\/\/senoticias.com.br\/se\/wp-content\/uploads\/2016\/06\/13382123_972758916172913_912132334_n.jpg\"><img loading=\"lazy\" decoding=\"async\" class=\"aligncenter size-full wp-image-92696\" alt=\"13382123_972758916172913_912132334_n\" src=\"http:\/\/senoticias.com.br\/se\/wp-content\/uploads\/2016\/06\/13382123_972758916172913_912132334_n.jpg\" width=\"599\" height=\"78\" srcset=\"https:\/\/senoticias.com.br\/se\/wp-content\/uploads\/2016\/06\/13382123_972758916172913_912132334_n.jpg 599w, https:\/\/senoticias.com.br\/se\/wp-content\/uploads\/2016\/06\/13382123_972758916172913_912132334_n-300x39.jpg 300w, https:\/\/senoticias.com.br\/se\/wp-content\/uploads\/2016\/06\/13382123_972758916172913_912132334_n-342x44.jpg 342w\" sizes=\"(max-width: 599px) 100vw, 599px\" \/><\/a><\/p>\n<p style=\"text-align: justify;\"><em><strong>Acompanhe tamb\u00e9m o SE Not\u00edcias no<a href=\"https:\/\/twitter.com\/Senoticias\" target=\"_blank\">\u00a0Twitter<\/a>,\u00a0<a href=\"https:\/\/www.facebook.com\/senoticias1\" target=\"_blank\">Facebook\u00a0<\/a>e no\u00a0<a href=\"https:\/\/www.instagram.com\/senoticias\/\" target=\"_blank\">Instagram.<\/a><\/strong><\/em><\/p>\n","protected":false},"excerpt":{"rendered":"<p>Da Ag\u00eancia Efe \u00a0Quatorze pessoas morreram, entre elas cinco crian\u00e7as e um beb\u00ea, depois que um \u00f4nibus escolar caiu em um canal de irriga\u00e7\u00e3o na prov\u00edncia de Osmaniye, no sudeste da\u00a0Turquia, informaram nesta segunda-feira (6) fontes oficiais. No acidente, ocorrido no domingo \u00e0 noite, ficaram feridas outras 26 pessoas, uma delas em estado grave. No [&hellip;]<\/p>\n","protected":false},"author":1,"featured_media":92803,"comment_status":"closed","ping_status":"closed","sticky":false,"template":"","format":"standard","meta":{"footnotes":""},"categories":[310,1],"tags":[],"class_list":{"0":"post-92802","1":"post","2":"type-post","3":"status-publish","4":"format-standard","5":"has-post-thumbnail","7":"category-destaques-da-semana","8":"category-sem-categoria"},"_links":{"self":[{"href":"https:\/\/senoticias.com.br\/se\/wp-json\/wp\/v2\/posts\/92802"}],"collection":[{"href":"https:\/\/senoticias.com.br\/se\/wp-json\/wp\/v2\/posts"}],"about":[{"href":"https:\/\/senoticias.com.br\/se\/wp-json\/wp\/v2\/types\/post"}],"author":[{"embeddable":true,"href":"https:\/\/senoticias.com.br\/se\/wp-json\/wp\/v2\/users\/1"}],"replies":[{"embeddable":true,"href":"https:\/\/senoticias.com.br\/se\/wp-json\/wp\/v2\/comments?post=92802"}],"version-history":[{"count":0,"href":"https:\/\/senoticias.com.br\/se\/wp-json\/wp\/v2\/posts\/92802\/revisions"}],"wp:featuredmedia":[{"embeddable":true,"href":"https:\/\/senoticias.com.br\/se\/wp-json\/wp\/v2\/media\/92803"}],"wp:attachment":[{"href":"https:\/\/senoticias.com.br\/se\/wp-json\/wp\/v2\/media?parent=92802"}],"wp:term":[{"taxonomy":"category","embeddable":true,"href":"https:\/\/senoticias.com.br\/se\/wp-json\/wp\/v2\/categories?post=92802"},{"taxonomy":"post_tag","embeddable":true,"href":"https:\/\/senoticias.com.br\/se\/wp-json\/wp\/v2\/tags?post=92802"}],"curies":[{"name":"wp","href":"https:\/\/api.w.org\/{rel}","templated":true}]}}