{"id":92793,"date":"2016-06-05T21:51:45","date_gmt":"2016-06-06T00:51:45","guid":{"rendered":"http:\/\/senoticias.com.br\/se\/?p=92793"},"modified":"2016-06-05T22:02:34","modified_gmt":"2016-06-06T01:02:34","slug":"ja-estao-abertas-as-inscricoes-para-a-ii-colonia-de-ferias-das-tias-gal-e-mary-em-sao-cristovao-ja-estao-abertas-as-inscricoes-para-a-ii-colonia-de-ferias-das-tias-gal-e-mary-em-sao-cristovao-ja","status":"publish","type":"post","link":"https:\/\/senoticias.com.br\/se\/ja-estao-abertas-as-inscricoes-para-a-ii-colonia-de-ferias-das-tias-gal-e-mary-em-sao-cristovao-ja-estao-abertas-as-inscricoes-para-a-ii-colonia-de-ferias-das-tias-gal-e-mary-em-sao-cristovao-ja\/","title":{"rendered":"J\u00e1 est\u00e3o abertas as inscri\u00e7\u00f5es para a II Col\u00f4nia de F\u00e9rias das tias Gal e Mary, em S\u00e3o Crist\u00f3v\u00e3o"},"content":{"rendered":"<p style=\"text-align: justify;\">As tias Gal e Mary v\u00e3o promover a II col\u00f4nia de f\u00e9rias no per\u00edodo de 20 de junho a 15 de julho no Centro Hist\u00f3rico de S\u00e3o Crist\u00f3v\u00e3o. O cronograma de atividades est\u00e1 sendo preparado com arte, cultura e lazer. A programa\u00e7\u00e3o conta com conta\u00e7\u00e3o de hist\u00f3rias, oficinas, brincadeiras novas e antigas, banho de mangueira, bola, jogos, entre outros. Tudo de acordo com a faixa et\u00e1ria de cada crian\u00e7a.<\/p>\n<p style=\"text-align: justify;\">A faixa et\u00e1ria das crian\u00e7as que podem participar da col\u00f4nia de f\u00e9rias \u00e9 de 4 a 7 anos. Mais informa\u00e7\u00f5es: 9 9989 7762 \/ 9 8802 7368<\/p>\n<p style=\"text-align: justify;\">Endere\u00e7o: Rua Jo\u00e3o Bebe \u00c1gua, 222\u00a0 &#8211; \u00a0Centro Hist\u00f3rico de S\u00e3o Crist\u00f3v\u00e3o (SE).<\/p>\n<div id=\"attachment_92795\" style=\"width: 609px\" class=\"wp-caption aligncenter\"><a href=\"http:\/\/senoticias.com.br\/se\/wp-content\/uploads\/2016\/06\/Colonia-de-Ferias-SE-Noticias-e1465174485992.jpg\"><img loading=\"lazy\" decoding=\"async\" aria-describedby=\"caption-attachment-92795\" class=\"size-full wp-image-92795\" alt=\"As tias Gal e Mary v\u00e3o promover a II col\u00f4nia de f\u00e9rias em S\u00e3o Crist\u00f3v\u00e3o.\" src=\"http:\/\/senoticias.com.br\/se\/wp-content\/uploads\/2016\/06\/Colonia-de-Ferias-SE-Noticias-e1465174485992.jpg\" width=\"599\" height=\"395\" \/><\/a><p id=\"caption-attachment-92795\" class=\"wp-caption-text\">As tias Gal e Mary v\u00e3o promover a II col\u00f4nia de f\u00e9rias, em S\u00e3o Crist\u00f3v\u00e3o. (Foto arte: Divulga\u00e7\u00e3o)<\/p><\/div>\n<p style=\"text-align: justify;\"><a href=\"http:\/\/senoticias.com.br\/se\/wp-content\/uploads\/2016\/06\/13382123_972758916172913_912132334_n.jpg\"><img loading=\"lazy\" decoding=\"async\" class=\"aligncenter size-full wp-image-92696\" alt=\"13382123_972758916172913_912132334_n\" src=\"http:\/\/senoticias.com.br\/se\/wp-content\/uploads\/2016\/06\/13382123_972758916172913_912132334_n.jpg\" width=\"599\" height=\"78\" srcset=\"https:\/\/senoticias.com.br\/se\/wp-content\/uploads\/2016\/06\/13382123_972758916172913_912132334_n.jpg 599w, https:\/\/senoticias.com.br\/se\/wp-content\/uploads\/2016\/06\/13382123_972758916172913_912132334_n-300x39.jpg 300w, https:\/\/senoticias.com.br\/se\/wp-content\/uploads\/2016\/06\/13382123_972758916172913_912132334_n-342x44.jpg 342w\" sizes=\"(max-width: 599px) 100vw, 599px\" \/><\/a><\/p>\n<p style=\"text-align: justify;\"><em><strong>Acompanhe tamb\u00e9m o SE Not\u00edcias no<a href=\"https:\/\/twitter.com\/Senoticias\" target=\"_blank\">\u00a0Twitter<\/a>,\u00a0<a href=\"https:\/\/www.facebook.com\/senoticias1\" target=\"_blank\">Facebook\u00a0<\/a>e no\u00a0<a href=\"https:\/\/www.instagram.com\/senoticias\/\" target=\"_blank\">Instagram<\/a><\/strong><\/em><\/p>\n","protected":false},"excerpt":{"rendered":"<p>As tias Gal e Mary v\u00e3o promover a II col\u00f4nia de f\u00e9rias no per\u00edodo de 20 de junho a 15 de julho no Centro Hist\u00f3rico de S\u00e3o Crist\u00f3v\u00e3o. O cronograma de atividades est\u00e1 sendo preparado com arte, cultura e lazer. A programa\u00e7\u00e3o conta com conta\u00e7\u00e3o de hist\u00f3rias, oficinas, brincadeiras novas e antigas, banho de mangueira, [&hellip;]<\/p>\n","protected":false},"author":1,"featured_media":92795,"comment_status":"closed","ping_status":"closed","sticky":false,"template":"","format":"standard","meta":{"footnotes":""},"categories":[38,1],"tags":[],"class_list":{"0":"post-92793","1":"post","2":"type-post","3":"status-publish","4":"format-standard","5":"has-post-thumbnail","7":"category-municipios","8":"category-sem-categoria"},"_links":{"self":[{"href":"https:\/\/senoticias.com.br\/se\/wp-json\/wp\/v2\/posts\/92793"}],"collection":[{"href":"https:\/\/senoticias.com.br\/se\/wp-json\/wp\/v2\/posts"}],"about":[{"href":"https:\/\/senoticias.com.br\/se\/wp-json\/wp\/v2\/types\/post"}],"author":[{"embeddable":true,"href":"https:\/\/senoticias.com.br\/se\/wp-json\/wp\/v2\/users\/1"}],"replies":[{"embeddable":true,"href":"https:\/\/senoticias.com.br\/se\/wp-json\/wp\/v2\/comments?post=92793"}],"version-history":[{"count":0,"href":"https:\/\/senoticias.com.br\/se\/wp-json\/wp\/v2\/posts\/92793\/revisions"}],"wp:featuredmedia":[{"embeddable":true,"href":"https:\/\/senoticias.com.br\/se\/wp-json\/wp\/v2\/media\/92795"}],"wp:attachment":[{"href":"https:\/\/senoticias.com.br\/se\/wp-json\/wp\/v2\/media?parent=92793"}],"wp:term":[{"taxonomy":"category","embeddable":true,"href":"https:\/\/senoticias.com.br\/se\/wp-json\/wp\/v2\/categories?post=92793"},{"taxonomy":"post_tag","embeddable":true,"href":"https:\/\/senoticias.com.br\/se\/wp-json\/wp\/v2\/tags?post=92793"}],"curies":[{"name":"wp","href":"https:\/\/api.w.org\/{rel}","templated":true}]}}