{"id":92511,"date":"2016-05-31T08:56:45","date_gmt":"2016-05-31T11:56:45","guid":{"rendered":"http:\/\/senoticias.com.br\/se\/?p=92511"},"modified":"2016-05-31T08:56:45","modified_gmt":"2016-05-31T11:56:45","slug":"parecer-sobre-cunha-sera-entregue-hoje-ao-conselho-de-etica-da-camara","status":"publish","type":"post","link":"https:\/\/senoticias.com.br\/se\/parecer-sobre-cunha-sera-entregue-hoje-ao-conselho-de-etica-da-camara\/","title":{"rendered":"Parecer sobre Cunha ser\u00e1 entregue hoje ao Conselho de \u00c9tica da C\u00e2mara."},"content":{"rendered":"<p style=\"text-align: justify;\">O parecer que pode apontar o futuro do presidente afastado da C\u00e2mara dos Deputados, Eduardo Cunha (PMDB-RJ) ser\u00e1 entregue ao Conselho de \u00c9tica da Casa hoje (31), \u00e0s 11h. Quase seis meses depois do in\u00edcio das investiga\u00e7\u00f5es pelo colegiado, o relator do caso, deputado Marcos Rog\u00e9rio (DEM-RO), concluiu o relat\u00f3rio, que deve ser lido ainda nesta semana, mas s\u00f3 deve ser votado no pr\u00f3ximo dia 9.<\/p>\n<div id=\"attachment_92023\" style=\"width: 606px\" class=\"wp-caption aligncenter\"><a href=\"http:\/\/senoticias.com.br\/se\/wp-content\/uploads\/2016\/05\/Cunha-diz-que-voltara-a-frequentar-a-C\u00e2mara-na-proxima-semana-SE-Noticias-e1463704733103.jpg\"><img loading=\"lazy\" decoding=\"async\" aria-describedby=\"caption-attachment-92023\" class=\"size-full wp-image-92023\" alt=\" Foto: Arquivo.\" src=\"http:\/\/senoticias.com.br\/se\/wp-content\/uploads\/2016\/05\/Cunha-diz-que-voltara-a-frequentar-a-C\u00e2mara-na-proxima-semana-SE-Noticias-e1463704733103.jpg\" width=\"596\" height=\"397\" \/><\/a><p id=\"caption-attachment-92023\" class=\"wp-caption-text\">Foto: Arquivo.<\/p><\/div>\n<p style=\"text-align: justify;\">O texto ser\u00e1 entregue ao presidente do colegiado, Jos\u00e9 Carlos Ara\u00fajo (PR-BA). Cunha \u00e9 acusado de mentir \u00e0 Comiss\u00e3o Parlamentar de Inqu\u00e9rito (CPI) da Petrobras quando negou a exist\u00eancia de contas no exterior em seu nome, o que caracteriza quebra de decoro parlamentar. A partir da entrega do parecer, Ara\u00fajo deve marcar uma reuni\u00e3o para a sua leitura. Como o advogado de Cunha, Marcelo Nobre, n\u00e3o fica em Bras\u00edlia e s\u00e3o necess\u00e1rias 24 horas de anteced\u00eancia para agendar uma sess\u00e3o, a expectativa \u00e9 de que o pr\u00f3ximo encontro do conselho ocorra amanh\u00e3 (1\u00ba) \u00e0 tarde ou na quinta-feira (2).<\/p>\n<p style=\"text-align: justify;\">Diante de todas as medidas adotadas ao longo do processo, classificadas por parlamentares contr\u00e1rios ao peemedebista como manobras protelat\u00f3rias de aliados de Eduardo Cunha, a vota\u00e7\u00e3o do relat\u00f3rio tamb\u00e9m deve se arrastar por todo o prazo permitido. Isto significa que haver\u00e1 pedido de vistas para uma an\u00e1lise mais aprofundada do texto de Rog\u00e9rio, tomando mais dois dias \u00fateis para o in\u00edcio das discuss\u00f5es. S\u00f3 depois de esgotados os debates, que podem se estender por mais de um dia, o parecer ser\u00e1 votado e, se aprovado, ser\u00e1 encaminhado para a Comiss\u00e3o de Constitui\u00e7\u00e3o e Justi\u00e7a (CCJ).<\/p>\n<p style=\"text-align: justify;\">\n<p style=\"text-align: justify;\"><strong>Acompanhe tamb\u00e9m o SEnot\u00edcias no <a href=\"https:\/\/twitter.com\/Senoticias\" target=\"_blank\">Twitter<\/a>, <a href=\"https:\/\/www.facebook.com\/senoticias1\" target=\"_blank\">Facebook<\/a> e no <a href=\"https:\/\/www.instagram.com\/senoticias\/\" target=\"_blank\">Instagram<\/a><\/strong><\/p>\n<p style=\"text-align: justify;\"><strong>\u00a0<\/strong><\/p>\n<p style=\"text-align: justify;\">\n<strong>Mat\u00e9ria extra\u00edda do Portal <a href=\"http:\/\/agenciabrasil.ebc.com.br\/politica\/noticia\/2016-05\/parecer-sobre-cunha-sera-entregue-hoje-ao-conselho-de-etica-da-camara\" target=\"_blank\">Ag\u00eancia Brasil de Noticias.<\/a><\/strong><\/p>\n<p style=\"text-align: justify;\"><strong>\u00a0<\/strong><\/p>\n","protected":false},"excerpt":{"rendered":"<p>O parecer que pode apontar o futuro do presidente afastado da C\u00e2mara dos Deputados, Eduardo Cunha (PMDB-RJ) ser\u00e1 entregue ao Conselho de \u00c9tica da Casa hoje (31), \u00e0s 11h. Quase seis meses depois do in\u00edcio das investiga\u00e7\u00f5es pelo colegiado, o relator do caso, deputado Marcos Rog\u00e9rio (DEM-RO), concluiu o relat\u00f3rio, que deve ser lido ainda [&hellip;]<\/p>\n","protected":false},"author":3,"featured_media":91990,"comment_status":"closed","ping_status":"closed","sticky":false,"template":"","format":"standard","meta":{"footnotes":""},"categories":[6],"tags":[899,769,770,898],"class_list":{"0":"post-92511","1":"post","2":"type-post","3":"status-publish","4":"format-standard","5":"has-post-thumbnail","7":"category-politica","8":"tag-camara-dos-deputados","9":"tag-conselho-de-etica","10":"tag-eduardo-cunha","11":"tag-presidente-afastado"},"_links":{"self":[{"href":"https:\/\/senoticias.com.br\/se\/wp-json\/wp\/v2\/posts\/92511"}],"collection":[{"href":"https:\/\/senoticias.com.br\/se\/wp-json\/wp\/v2\/posts"}],"about":[{"href":"https:\/\/senoticias.com.br\/se\/wp-json\/wp\/v2\/types\/post"}],"author":[{"embeddable":true,"href":"https:\/\/senoticias.com.br\/se\/wp-json\/wp\/v2\/users\/3"}],"replies":[{"embeddable":true,"href":"https:\/\/senoticias.com.br\/se\/wp-json\/wp\/v2\/comments?post=92511"}],"version-history":[{"count":0,"href":"https:\/\/senoticias.com.br\/se\/wp-json\/wp\/v2\/posts\/92511\/revisions"}],"wp:featuredmedia":[{"embeddable":true,"href":"https:\/\/senoticias.com.br\/se\/wp-json\/wp\/v2\/media\/91990"}],"wp:attachment":[{"href":"https:\/\/senoticias.com.br\/se\/wp-json\/wp\/v2\/media?parent=92511"}],"wp:term":[{"taxonomy":"category","embeddable":true,"href":"https:\/\/senoticias.com.br\/se\/wp-json\/wp\/v2\/categories?post=92511"},{"taxonomy":"post_tag","embeddable":true,"href":"https:\/\/senoticias.com.br\/se\/wp-json\/wp\/v2\/tags?post=92511"}],"curies":[{"name":"wp","href":"https:\/\/api.w.org\/{rel}","templated":true}]}}