{"id":92334,"date":"2016-05-26T10:54:21","date_gmt":"2016-05-26T13:54:21","guid":{"rendered":"http:\/\/senoticias.com.br\/se\/?p=92334"},"modified":"2016-05-26T10:54:39","modified_gmt":"2016-05-26T13:54:39","slug":"caminhoneiro-de-itabaiana-morto-a-tiros-em-sao-paulo","status":"publish","type":"post","link":"https:\/\/senoticias.com.br\/se\/caminhoneiro-de-itabaiana-morto-a-tiros-em-sao-paulo\/","title":{"rendered":"Caminhoneiro de Itabaiana morto a tiros em S\u00e3o Paulo"},"content":{"rendered":"<p style=\"text-align: justify;\">No final da tarde de quarta-feira (25) o caminhoneiro Jos\u00e9 Ant\u00f4nio G\u00f3is J\u00fanior de 31 anos, conhecido por &#8220;Juninho&#8221;, foi assassinado por disparos de arma de fogo no Jardim Morada do Sol, na cidade de Indaiatuba, microrregi\u00e3o de Campinas, no Noroeste da capital paulista.<\/p>\n<div id=\"attachment_92335\" style=\"width: 571px\" class=\"wp-caption aligncenter\"><a href=\"http:\/\/senoticias.com.br\/se\/wp-content\/uploads\/2016\/05\/Camionheiro-morto-a-tiros-no-interior-do-Estado-de-Sao-Paulo.jpg\"><img loading=\"lazy\" decoding=\"async\" aria-describedby=\"caption-attachment-92335\" class=\"size-full wp-image-92335\" alt=\"Caminhoneiro itabaianense \u00e9 morto a tiros no interior do Estado de S\u00e3o Paulo. (Foto montagem: Ricardo Miranda e Hugo Antoneli Jr.\/Comando Not\u00edcia)\" src=\"http:\/\/senoticias.com.br\/se\/wp-content\/uploads\/2016\/05\/Camionheiro-morto-a-tiros-no-interior-do-Estado-de-Sao-Paulo.jpg\" width=\"561\" height=\"353\" srcset=\"https:\/\/senoticias.com.br\/se\/wp-content\/uploads\/2016\/05\/Camionheiro-morto-a-tiros-no-interior-do-Estado-de-Sao-Paulo.jpg 561w, https:\/\/senoticias.com.br\/se\/wp-content\/uploads\/2016\/05\/Camionheiro-morto-a-tiros-no-interior-do-Estado-de-Sao-Paulo-300x188.jpg 300w, https:\/\/senoticias.com.br\/se\/wp-content\/uploads\/2016\/05\/Camionheiro-morto-a-tiros-no-interior-do-Estado-de-Sao-Paulo-342x215.jpg 342w\" sizes=\"(max-width: 561px) 100vw, 561px\" \/><\/a><p id=\"caption-attachment-92335\" class=\"wp-caption-text\">Caminhoneiro itabaianense \u00e9 morto a tiros no interior do Estado de S\u00e3o Paulo. (Foto montagem: Ricardo Miranda e Hugo Antoneli Jr.\/Comando Not\u00edcia)<\/p><\/div>\n<p style=\"text-align: justify;\">O homic\u00eddio ocorreu por volta das 18h15 em via p\u00fablica e segundo relato de testemunhas, o executor do assassinato fugiu na garupa de uma motocicleta, onde o condutor do ve\u00edculo de duas rodas se encontrava em um bar bebendo cerveja e comendo salgadinho, fato que levanta a suspeita que o mesmo estava na localidade com o objetivo de dar fuga ao atirador.<\/p>\n<p style=\"text-align: justify;\">O criminoso efetuou cerca de 12 de tiros com um pistola calibre, segundo constatou a Pol\u00edcia T\u00e9cnica Cient\u00edfica que esteve na cena do crime. A motiva\u00e7\u00e3o da execu\u00e7\u00e3o do caminhoneiro ainda \u00e9 desconhecida e o caso ser\u00e1 investigado pela Pol\u00edcia Civil de S\u00e3o Paulo.<\/p>\n<p style=\"text-align: justify;\">Natural de Itabaiana (SE), Juninho era filho do finado Z\u00e9 Ant\u00f4nio carreteiro que residia pr\u00f3ximo a Ded\u00e9 do Peixe na regi\u00e3o da Rua Perc\u00edlio Andrade, na cidade serrana do Agreste de Sergipe.<\/p>\n<p style=\"text-align: justify;\"><strong>Acompanhe tamb\u00e9m o SE Not\u00edcias no\u00a0<a href=\"https:\/\/twitter.com\/Senoticias\" target=\"_blank\">Twitter<\/a>,\u00a0<a href=\"https:\/\/www.facebook.com\/senoticias1\" target=\"_blank\">Facebook\u00a0<\/a>e no\u00a0<a href=\"https:\/\/www.instagram.com\/senoticias\/\" target=\"_blank\">Instagram<\/a><\/strong><\/p>\n<p style=\"text-align: justify;\"><em><strong>Mat\u00e9ria extra\u00edda do portal Gilson de Oliveira\/Itnet<\/strong><\/em><\/p>\n","protected":false},"excerpt":{"rendered":"<p>No final da tarde de quarta-feira (25) o caminhoneiro Jos\u00e9 Ant\u00f4nio G\u00f3is J\u00fanior de 31 anos, conhecido por &#8220;Juninho&#8221;, foi assassinado por disparos de arma de fogo no Jardim Morada do Sol, na cidade de Indaiatuba, microrregi\u00e3o de Campinas, no Noroeste da capital paulista. O homic\u00eddio ocorreu por volta das 18h15 em via p\u00fablica e [&hellip;]<\/p>\n","protected":false},"author":1,"featured_media":92335,"comment_status":"closed","ping_status":"closed","sticky":false,"template":"","format":"standard","meta":{"footnotes":""},"categories":[7,1],"tags":[],"class_list":{"0":"post-92334","1":"post","2":"type-post","3":"status-publish","4":"format-standard","5":"has-post-thumbnail","7":"category-policia","8":"category-sem-categoria"},"_links":{"self":[{"href":"https:\/\/senoticias.com.br\/se\/wp-json\/wp\/v2\/posts\/92334"}],"collection":[{"href":"https:\/\/senoticias.com.br\/se\/wp-json\/wp\/v2\/posts"}],"about":[{"href":"https:\/\/senoticias.com.br\/se\/wp-json\/wp\/v2\/types\/post"}],"author":[{"embeddable":true,"href":"https:\/\/senoticias.com.br\/se\/wp-json\/wp\/v2\/users\/1"}],"replies":[{"embeddable":true,"href":"https:\/\/senoticias.com.br\/se\/wp-json\/wp\/v2\/comments?post=92334"}],"version-history":[{"count":0,"href":"https:\/\/senoticias.com.br\/se\/wp-json\/wp\/v2\/posts\/92334\/revisions"}],"wp:featuredmedia":[{"embeddable":true,"href":"https:\/\/senoticias.com.br\/se\/wp-json\/wp\/v2\/media\/92335"}],"wp:attachment":[{"href":"https:\/\/senoticias.com.br\/se\/wp-json\/wp\/v2\/media?parent=92334"}],"wp:term":[{"taxonomy":"category","embeddable":true,"href":"https:\/\/senoticias.com.br\/se\/wp-json\/wp\/v2\/categories?post=92334"},{"taxonomy":"post_tag","embeddable":true,"href":"https:\/\/senoticias.com.br\/se\/wp-json\/wp\/v2\/tags?post=92334"}],"curies":[{"name":"wp","href":"https:\/\/api.w.org\/{rel}","templated":true}]}}