{"id":92328,"date":"2016-05-26T09:32:55","date_gmt":"2016-05-26T12:32:55","guid":{"rendered":"http:\/\/senoticias.com.br\/se\/?p=92328"},"modified":"2016-05-27T11:07:55","modified_gmt":"2016-05-27T14:07:55","slug":"cabo-reformado-e-apontado-como-autor-de-homicidio-ocorrido-no-joao-alves","status":"publish","type":"post","link":"https:\/\/senoticias.com.br\/se\/cabo-reformado-e-apontado-como-autor-de-homicidio-ocorrido-no-joao-alves\/","title":{"rendered":"Pol\u00edcia prende cabo reformado suspeito de homic\u00eddio ocorrido na Grande Aracaju"},"content":{"rendered":"<p style=\"text-align: justify;\">Uma investiga\u00e7\u00e3o do Departamento de Homic\u00eddios e Prote\u00e7\u00e3o a Pessoa (DHPP) identificou e prendeu na noite desta ter\u00e7a-feira, 24, na cidade de Porto Real do Col\u00e9gio\/AL, o policial militar reformado Jailson Sousa Mota, 47 anos, suspeito de matar o pedreiro Jackson Ant\u00f4nio da Silva, 26 anos, e de tentar matar um segundo rapaz, que sobreviveu ao pular da ponte Governador Jos\u00e9 Rolemberg Leite, entre Aracaju e Nossa Senhora do Socorro.<\/p>\n<div id=\"attachment_92330\" style=\"width: 470px\" class=\"wp-caption aligncenter\"><a href=\"http:\/\/senoticias.com.br\/se\/wp-content\/uploads\/2016\/05\/Delegada-Maria-Zulnaria.jpg\"><img loading=\"lazy\" decoding=\"async\" aria-describedby=\"caption-attachment-92330\" class=\"size-full wp-image-92330\" alt=\"Segundo a delegada Maria Zuln\u00e1ria, o crime foi registrado por volta das 20h do dia 24 de abril. (Foto: SSP\/SE)\" src=\"http:\/\/senoticias.com.br\/se\/wp-content\/uploads\/2016\/05\/Delegada-Maria-Zulnaria.jpg\" width=\"460\" height=\"380\" srcset=\"https:\/\/senoticias.com.br\/se\/wp-content\/uploads\/2016\/05\/Delegada-Maria-Zulnaria.jpg 460w, https:\/\/senoticias.com.br\/se\/wp-content\/uploads\/2016\/05\/Delegada-Maria-Zulnaria-300x247.jpg 300w, https:\/\/senoticias.com.br\/se\/wp-content\/uploads\/2016\/05\/Delegada-Maria-Zulnaria-342x282.jpg 342w\" sizes=\"(max-width: 460px) 100vw, 460px\" \/><\/a><p id=\"caption-attachment-92330\" class=\"wp-caption-text\">Segundo a delegada Maria Zuln\u00e1ria, o crime foi registrado por volta das 20h do dia 24 de abril. (Foto: SSP\/SE)<\/p><\/div>\n<p style=\"text-align: justify;\">As investiga\u00e7\u00f5es para esclarecer os fatos contaram com apoio da Divis\u00e3o de Intelig\u00eancia (Dipol), de agentes lotados no Gabinete do secret\u00e1rio de Seguran\u00e7a P\u00fablica, Jo\u00e3o Batista, e do Comando da Pol\u00edcia Militar. Segundo a delegada Maria Zuln\u00e1ria, o crime foi registrado por volta das 20h do dia 24 de abril. Minutos depois, a equipe do DHPP foi acionada e no local do crime familiares da v\u00edtima morta informaram que houve um sobrevivente e que o autor do homic\u00eddio era um policial.<\/p>\n<p style=\"text-align: justify;\">\u201cNa mesma noite fomos em busca do sobrevivente, que estava com escoria\u00e7\u00f5es pelo corpo e ele relatou que houve uma briga de tr\u00e2nsito pr\u00f3ximo a um posto de combust\u00edvel do Marcos Freire 2 e em decorr\u00eancia dessa discuss\u00e3o foi acionado \u00e0 Pol\u00edcia Militar. O Getam foi ao local e fez abordagem nos dois rapazes e n\u00e3o encontrou nada ilegal, exceto uma restri\u00e7\u00e3o administrativa, j\u00e1 que eles estavam conduzindo uma motocicleta sem documenta\u00e7\u00e3o. O ve\u00edculo foi apreendido e os dois rapazes foram embora a p\u00e9\u201d, explicou.<\/p>\n<p style=\"text-align: justify;\">A delegada conta que quando os dois rapazes estavam no meio da ponte um carro cruzou a pista e Jailson j\u00e1 saiu atirando, matando Jackson. O colega de Jackson, que n\u00e3o teve o nome revelado pela pol\u00edcia, pulou da ponte, ficando com alguns ferimentos pelo corpo. \u201cBuscamos imagens do posto de combust\u00edvel e come\u00e7amos as investiga\u00e7\u00f5es e a v\u00edtima sobrevivente reconheceu o policial. O cabo Mota confirmou que houve uma discuss\u00e3o de tr\u00e2nsito, mas nega que tenha sido o autor do homic\u00eddio\u201d, disse.<\/p>\n<p style=\"text-align: justify;\">De acordo com o tenente-coronel Paulo Paiva, Jailson Sousa Mota n\u00e3o era sargento, mas cabo reformado. No entanto, por receber vantagens pecuni\u00e1rias como terceiro sargento se auto- intitulava como sargento Mota. \u201cEle foi para reserva remunerada em 2013 ap\u00f3s ser considerado inapto para o servi\u00e7o policial militar por ter sido diagnosticado com uma cardiopatia degenerativa grave\u201d.<\/p>\n<p style=\"text-align: justify;\">Paiva ressaltou que o Comando da Corpora\u00e7\u00e3o lamenta que um policial militar, ainda que reformado, tenha agido de tal forma. \u201cA PM vai aguardar a judicializa\u00e7\u00e3o desse fato e a decis\u00e3o judicial inerente a essa situa\u00e7\u00e3o. \u00c9 bom esclarecermos que quando ele cometeu esse crime, n\u00e3o estava mais trabalhando como policial militar; esse \u00e9 um fato da vida privada desse cidad\u00e3o que vai responder na Justi\u00e7a por seus atos\u201d.<\/p>\n<p style=\"text-align: justify;\">Jailson Sousa Mota est\u00e1 preso preventivamente por determina\u00e7\u00e3o do Ju\u00edzo da Comarca de Nossa Senhora do Socorro. A Pol\u00edcia Civil ainda tem 10 dias para concluir o inqu\u00e9rito e nesse per\u00edodo v\u00e1rias dilig\u00eancias ser\u00e3o realizadas.<\/p>\n<p style=\"text-align: justify;\"><strong>Acompanhe tamb\u00e9m o SE Not\u00edcias no\u00a0<a href=\"https:\/\/twitter.com\/Senoticias\" target=\"_blank\">Twitter<\/a>,\u00a0<a href=\"https:\/\/www.facebook.com\/PortalSENoticias\/\" target=\"_blank\">Facebook\u00a0<\/a>e no\u00a0<a href=\"https:\/\/www.instagram.com\/senoticias\/\">Instagram<\/a><\/strong><\/p>\n<p style=\"text-align: justify;\"><em><strong>Mat\u00e9ria enviada pela Ascom da SSP\/SE<\/strong><\/em><\/p>\n<p>&nbsp;<\/p>\n","protected":false},"excerpt":{"rendered":"<p>Uma investiga\u00e7\u00e3o do Departamento de Homic\u00eddios e Prote\u00e7\u00e3o a Pessoa (DHPP) identificou e prendeu na noite desta ter\u00e7a-feira, 24, na cidade de Porto Real do Col\u00e9gio\/AL, o policial militar reformado Jailson Sousa Mota, 47 anos, suspeito de matar o pedreiro Jackson Ant\u00f4nio da Silva, 26 anos, e de tentar matar um segundo rapaz, que sobreviveu [&hellip;]<\/p>\n","protected":false},"author":1,"featured_media":92330,"comment_status":"closed","ping_status":"closed","sticky":false,"template":"","format":"standard","meta":{"footnotes":""},"categories":[7],"tags":[],"class_list":{"0":"post-92328","1":"post","2":"type-post","3":"status-publish","4":"format-standard","5":"has-post-thumbnail","7":"category-policia"},"_links":{"self":[{"href":"https:\/\/senoticias.com.br\/se\/wp-json\/wp\/v2\/posts\/92328"}],"collection":[{"href":"https:\/\/senoticias.com.br\/se\/wp-json\/wp\/v2\/posts"}],"about":[{"href":"https:\/\/senoticias.com.br\/se\/wp-json\/wp\/v2\/types\/post"}],"author":[{"embeddable":true,"href":"https:\/\/senoticias.com.br\/se\/wp-json\/wp\/v2\/users\/1"}],"replies":[{"embeddable":true,"href":"https:\/\/senoticias.com.br\/se\/wp-json\/wp\/v2\/comments?post=92328"}],"version-history":[{"count":0,"href":"https:\/\/senoticias.com.br\/se\/wp-json\/wp\/v2\/posts\/92328\/revisions"}],"wp:featuredmedia":[{"embeddable":true,"href":"https:\/\/senoticias.com.br\/se\/wp-json\/wp\/v2\/media\/92330"}],"wp:attachment":[{"href":"https:\/\/senoticias.com.br\/se\/wp-json\/wp\/v2\/media?parent=92328"}],"wp:term":[{"taxonomy":"category","embeddable":true,"href":"https:\/\/senoticias.com.br\/se\/wp-json\/wp\/v2\/categories?post=92328"},{"taxonomy":"post_tag","embeddable":true,"href":"https:\/\/senoticias.com.br\/se\/wp-json\/wp\/v2\/tags?post=92328"}],"curies":[{"name":"wp","href":"https:\/\/api.w.org\/{rel}","templated":true}]}}