{"id":92129,"date":"2016-05-22T21:29:19","date_gmt":"2016-05-23T00:29:19","guid":{"rendered":"http:\/\/senoticias.com.br\/se\/?p=92129"},"modified":"2016-05-22T21:29:19","modified_gmt":"2016-05-23T00:29:19","slug":"luan-santana-sobre-novo-visual-quero-ficar-cabeludao","status":"publish","type":"post","link":"https:\/\/senoticias.com.br\/se\/luan-santana-sobre-novo-visual-quero-ficar-cabeludao\/","title":{"rendered":"Luan Santana sobre novo visual: &#8220;Quero ficar cabelud\u00e3o&#8221;"},"content":{"rendered":"<p style=\"text-align: justify;\"><span style=\"color: #808080;\"><em>POR GIULIANNA CAMPOS\/ FOTOS: GIULIANNA CAMPOS\/ QUEM<\/em><\/span><\/p>\n<p style=\"text-align: justify;\">Luan Santana est\u00e1 com novidades na carreira: a turn\u00ea A Caixa, que teve estreia na sexta-feira (21), no Espa\u00e7o das Am\u00e9ricas, em S\u00e3o Paulo. No domingo (22) foi a vez do cantor reunir seu f\u00e3-clube em peso novamente na capital paulista.<\/p>\n<div id=\"attachment_92130\" style=\"width: 606px\" class=\"wp-caption aligncenter\"><a href=\"http:\/\/senoticias.com.br\/se\/wp-content\/uploads\/2016\/05\/Luan-Santana-sobre-novo-visual-Quero-ficar-cabeludao-SE-Noticias-e1463963065991.jpg\"><img loading=\"lazy\" decoding=\"async\" aria-describedby=\"caption-attachment-92130\" class=\"size-full wp-image-92130\" alt=\"Luan Santana (Foto: Divulga\u00e7\u00e3o\/ Espa\u00e7o das Am\u00e9ricas)\" src=\"http:\/\/senoticias.com.br\/se\/wp-content\/uploads\/2016\/05\/Luan-Santana-sobre-novo-visual-Quero-ficar-cabeludao-SE-Noticias-e1463963065991.jpg\" width=\"596\" height=\"397\" \/><\/a><p id=\"caption-attachment-92130\" class=\"wp-caption-text\">Luan Santana (Foto: Divulga\u00e7\u00e3o\/ Espa\u00e7o das Am\u00e9ricas)<\/p><\/div>\n<p style=\"text-align: justify;\">Momentos antes de subir no palco com sua nova estrutura e setlist, Luan recebeu a reportagem de QUEM no camarim para um bate-papo descontra\u00eddo.<\/p>\n<p style=\"text-align: justify;\">E, claro, o primeiro assunto \u00e9 o novo visual. H\u00e1 algumas semanas, o astro tem chamado aten\u00e7\u00e3o nas redes sociais pelo cabelo mais longo e o uso de uma faixa. &#8220;Gosto de mudar. Meu cabelo est\u00e1 crescendo e essa faixa ajuda a segurar um pouco. Fica &#8216;menos pior&#8217;. Estou deixando crescer, quero ficar cabelud\u00e3o&#8221;, disse.<\/p>\n<p style=\"text-align: justify;\">Para a noite de s\u00e1bado, o m\u00fasico apareceu com uma tran\u00e7a. &#8220;\u00c9 um style. A cereja do bolo&#8221;, brincou o sertanejo. A namorada, Jade Magalh\u00e3es, segundo ele, &#8216;gostou&#8217; do novo visual.<\/p>\n<p style=\"text-align: justify;\">Sobre a nova turn\u00ea, ele diz que pensou nos f\u00e3s ao projetar o espet\u00e1culo. &#8220;Quis deixar o p\u00fablico mais pr\u00f3ximo de mim, \u00e9 tudo bem interativo e o p\u00fablico est\u00e1 em cima do palco nessa estrutura que a gente chama de &#8216;a caixa&#8217;. Acho que \u00e9 uma experi\u00eancia bem bacana para quem est\u00e1 ali dentro&#8221;, explicou. Aos fan\u00e1ticos, um aviso: uma nova m\u00fasica deve ser lan\u00e7ada em duas semanas.<\/p>\n<p style=\"text-align: justify;\">Recentemente, Luan surpreendeu ao fazer pedidos inusitados para seu camarim, como dezenas de cuecas e chinelos. Ap\u00f3s muita especuala\u00e7\u00e3o, foi revelado que as exig\u00eancias eram, na verdade, doa\u00e7\u00f5es. &#8220;Era tudo para a Casa do Zezinho&#8221;, explicou. A Ong sem fins lucrativos beneficiada pelo cantor atende crian\u00e7as e adolescentes de baixa renda, em S\u00e3o Paulo.<\/p>\n<p style=\"text-align: justify;\">\n<p style=\"text-align: justify;\">\u00a0<strong>Acompanhe tamb\u00e9m o SE Not\u00edcias no <a href=\"https:\/\/twitter.com\/Senoticias\" target=\"_blank\">Twitter<\/a>,<a href=\"https:\/\/www.facebook.com\/senoticias1\" target=\"_blank\"> Facebook<\/a> e no <a href=\"https:\/\/www.instagram.com\/senoticias\/\" target=\"_blank\">Instagram<\/a>.<\/strong><\/p>\n<p style=\"text-align: justify;\"><strong>\u00a0<\/strong><\/p>\n<p style=\"text-align: justify;\">\n<p><em style=\"text-align: justify;\"><strong>Mat\u00e9ria extra\u00edda da Revista <a href=\"http:\/\/revistaquem.globo.com\/QUEM-News\/noticia\/2016\/05\/luan-santana-sobre-novo-visual-quero-ficar-cabeludao.html\" target=\"_blank\">Quem Acontece Globo.com<\/a>.<\/strong><\/em><\/p>\n<p>&nbsp;<\/p>\n<p>&nbsp;<\/p>\n<p style=\"text-align: justify;\">\n","protected":false},"excerpt":{"rendered":"<p>POR GIULIANNA CAMPOS\/ FOTOS: GIULIANNA CAMPOS\/ QUEM Luan Santana est\u00e1 com novidades na carreira: a turn\u00ea A Caixa, que teve estreia na sexta-feira (21), no Espa\u00e7o das Am\u00e9ricas, em S\u00e3o Paulo. No domingo (22) foi a vez do cantor reunir seu f\u00e3-clube em peso novamente na capital paulista. Momentos antes de subir no palco com [&hellip;]<\/p>\n","protected":false},"author":3,"featured_media":92130,"comment_status":"closed","ping_status":"closed","sticky":false,"template":"","format":"standard","meta":{"footnotes":""},"categories":[4,21,22,24,8],"tags":[797,799,798],"class_list":{"0":"post-92129","1":"post","2":"type-post","3":"status-publish","4":"format-standard","5":"has-post-thumbnail","7":"category-bastidores","8":"category-entretenimento","9":"category-famosos","10":"category-fuxicos","11":"category-esporte-e-cultura","12":"tag-luan-santana","13":"tag-luan-santana-sobre-novo-visual-quero-ficar-cabeludao","14":"tag-novo-visual"},"_links":{"self":[{"href":"https:\/\/senoticias.com.br\/se\/wp-json\/wp\/v2\/posts\/92129"}],"collection":[{"href":"https:\/\/senoticias.com.br\/se\/wp-json\/wp\/v2\/posts"}],"about":[{"href":"https:\/\/senoticias.com.br\/se\/wp-json\/wp\/v2\/types\/post"}],"author":[{"embeddable":true,"href":"https:\/\/senoticias.com.br\/se\/wp-json\/wp\/v2\/users\/3"}],"replies":[{"embeddable":true,"href":"https:\/\/senoticias.com.br\/se\/wp-json\/wp\/v2\/comments?post=92129"}],"version-history":[{"count":0,"href":"https:\/\/senoticias.com.br\/se\/wp-json\/wp\/v2\/posts\/92129\/revisions"}],"wp:featuredmedia":[{"embeddable":true,"href":"https:\/\/senoticias.com.br\/se\/wp-json\/wp\/v2\/media\/92130"}],"wp:attachment":[{"href":"https:\/\/senoticias.com.br\/se\/wp-json\/wp\/v2\/media?parent=92129"}],"wp:term":[{"taxonomy":"category","embeddable":true,"href":"https:\/\/senoticias.com.br\/se\/wp-json\/wp\/v2\/categories?post=92129"},{"taxonomy":"post_tag","embeddable":true,"href":"https:\/\/senoticias.com.br\/se\/wp-json\/wp\/v2\/tags?post=92129"}],"curies":[{"name":"wp","href":"https:\/\/api.w.org\/{rel}","templated":true}]}}