{"id":92020,"date":"2016-05-19T21:15:22","date_gmt":"2016-05-20T00:15:22","guid":{"rendered":"http:\/\/senoticias.com.br\/se\/?p=92020"},"modified":"2016-05-19T21:15:22","modified_gmt":"2016-05-20T00:15:22","slug":"temer-cobra-de-andre-moura-agilidade-na-votacao-da-nova-meta-fiscal","status":"publish","type":"post","link":"https:\/\/senoticias.com.br\/se\/temer-cobra-de-andre-moura-agilidade-na-votacao-da-nova-meta-fiscal\/","title":{"rendered":"Temer cobra de Andr\u00e9 Moura agilidade na vota\u00e7\u00e3o da nova meta fiscal."},"content":{"rendered":"<p style=\"text-align: justify;\">O presidente interino Michel Temer quer agilizar as vota\u00e7\u00f5es de interesse do governo no Congresso e pediu que a an\u00e1lise da revis\u00e3o da meta fiscal seja feita o &#8220;mais r\u00e1pido poss\u00edvel&#8221;. Ele se encontrou hoje (19) com o novo l\u00edder do governo na C\u00e2mara, Andr\u00e9 Moura (PSC-SE), para ouvir o diagn\u00f3stico da Casa sobre a possibilidade de se avan\u00e7ar as vota\u00e7\u00f5es na pr\u00f3xima semana.<\/p>\n<div id=\"attachment_92021\" style=\"width: 287px\" class=\"wp-caption alignleft\"><a href=\"http:\/\/senoticias.com.br\/se\/wp-content\/uploads\/2016\/05\/Temer-cobra-de-Andre-Moura-agilidade-na-vota\u00e7ao-da-nova-meta-fiscal-SE-Noticias.jpg\"><img loading=\"lazy\" decoding=\"async\" aria-describedby=\"caption-attachment-92021\" class=\"size-full wp-image-92021\" alt=\"Andr\u00e9 Moura informou que o objetivo do governo \u00e9 desobstruir a pauta na segunda. Foto: Arquivo\/Antonio Cruz\/Ag\u00eancia Brasil.\" src=\"http:\/\/senoticias.com.br\/se\/wp-content\/uploads\/2016\/05\/Temer-cobra-de-Andre-Moura-agilidade-na-vota\u00e7ao-da-nova-meta-fiscal-SE-Noticias.jpg\" width=\"277\" height=\"160\" \/><\/a><p id=\"caption-attachment-92021\" class=\"wp-caption-text\">Andr\u00e9 Moura informou que o objetivo do governo \u00e9 desobstruir a pauta na segunda. Foto: Arquivo\/Antonio Cruz\/Ag\u00eancia Brasil.<\/p><\/div>\n<p style=\"text-align: justify;\">A inten\u00e7\u00e3o \u00e9 votar, pelo menos, as medidas provis\u00f3rias que trancam a pauta e o projeto que prorroga a desvincula\u00e7\u00e3o das receitas da Uni\u00e3o. De acordo com Andr\u00e9 Moura, o objetivo \u00e9 desobstruir a pauta na segunda-feira (23) e adiantar o m\u00e1ximo poss\u00edvel, j\u00e1 que a semana que vem ser\u00e1 mais curta.<\/p>\n<p style=\"text-align: justify;\">&#8220;O [presidente quer a vota\u00e7\u00e3o da meta] o mais r\u00e1pido poss\u00edvel. A gente sabe que \u00e9 uma semana com feriado e talvez n\u00e3o d\u00ea para votarmos a meta, mas a ideia \u00e9 pelo menos avan\u00e7ar com medidas provis\u00f3rias e a DRU nessa semana&#8221;, afirmou a jornalistas no Pal\u00e1cio do Planalto, ap\u00f3s se reunir com Temer.<\/p>\n<p style=\"text-align: justify;\">Andr\u00e9 Moura foi convidado por Temer para assumir a lideran\u00e7a do governo nessa quarta-feira (18). A nomea\u00e7\u00e3o foi publicada na edi\u00e7\u00e3o desta quinta-feira do Di\u00e1rio Oficial da Uni\u00e3o.<\/p>\n<p style=\"text-align: justify;\">A nova meta fiscal, que ser\u00e1 muito maior do que a anunciada pela equipe da presidenta afastada Dilma Rousseff, ser\u00e1 anunciada pela equipe econ\u00f4mica do governo na segunda. O Congresso Nacional tem at\u00e9 30 de maio para mudar a meta fiscal. Caso contr\u00e1rio, Michel Temer precisar\u00e1 anunciar contingenciamento.<\/p>\n<p style=\"text-align: justify;\">De acordo com o l\u00edder do PSDB no Senado, C\u00e1ssio Cunha Lima (PB), o d\u00e9ficit prim\u00e1rio deste ano deve ficar na casa dos R$ 150 bilh\u00f5es. A proje\u00e7\u00e3o atual \u00e9 de R$ 96, 7 bilh\u00f5es. Segundo o ministro do Planejamento, Romero Juc\u00e1, a vota\u00e7\u00e3o pode ocorrer j\u00e1 na pr\u00f3pria ter\u00e7a-feira (24).<\/p>\n<p style=\"text-align: justify;\">\n<p style=\"text-align: justify;\"><strong>Acompanhe tamb\u00e9m o SE Not\u00edcias no <a href=\"https:\/\/twitter.com\/Senoticias\" target=\"_blank\">Twitter<\/a>, <a href=\"https:\/\/www.facebook.com\/senoticias1\" target=\"_blank\">Facebook<\/a> e no <a href=\"https:\/\/www.instagram.com\/senoticias\/\" target=\"_blank\">Instagram.<\/a><\/strong><\/p>\n<p style=\"text-align: justify;\"><a href=\"https:\/\/www.instagram.com\/senoticias\/\" target=\"_blank\"><strong>\u00a0<\/strong><\/a><\/p>\n<p style=\"text-align: justify;\">\n<p style=\"text-align: justify;\"><em><strong>Mat\u00e9ria extra\u00edda do Portal <a href=\"http:\/\/agenciabrasil.ebc.com.br\/politica\/noticia\/2016-05\/temer-cobra-de-andre-moura-agilidade-na-votacao-da-nova-meta-fiscal\" target=\"_blank\">Ag\u00eancia Brasil<\/a>.<\/strong><\/em><\/p>\n","protected":false},"excerpt":{"rendered":"<p>O presidente interino Michel Temer quer agilizar as vota\u00e7\u00f5es de interesse do governo no Congresso e pediu que a an\u00e1lise da revis\u00e3o da meta fiscal seja feita o &#8220;mais r\u00e1pido poss\u00edvel&#8221;. Ele se encontrou hoje (19) com o novo l\u00edder do governo na C\u00e2mara, Andr\u00e9 Moura (PSC-SE), para ouvir o diagn\u00f3stico da Casa sobre a [&hellip;]<\/p>\n","protected":false},"author":3,"featured_media":92021,"comment_status":"closed","ping_status":"closed","sticky":false,"template":"","format":"standard","meta":{"footnotes":""},"categories":[6],"tags":[772,773,771,774],"class_list":{"0":"post-92020","1":"post","2":"type-post","3":"status-publish","4":"format-standard","5":"has-post-thumbnail","7":"category-politica","8":"tag-andre-moura","9":"tag-meta-fiscal","10":"tag-temer-cobra-de-andre-moura-agilidade-na-votacao-da-nova-meta-fiscal","11":"tag-votacao-da-nova-meta-fiscal"},"_links":{"self":[{"href":"https:\/\/senoticias.com.br\/se\/wp-json\/wp\/v2\/posts\/92020"}],"collection":[{"href":"https:\/\/senoticias.com.br\/se\/wp-json\/wp\/v2\/posts"}],"about":[{"href":"https:\/\/senoticias.com.br\/se\/wp-json\/wp\/v2\/types\/post"}],"author":[{"embeddable":true,"href":"https:\/\/senoticias.com.br\/se\/wp-json\/wp\/v2\/users\/3"}],"replies":[{"embeddable":true,"href":"https:\/\/senoticias.com.br\/se\/wp-json\/wp\/v2\/comments?post=92020"}],"version-history":[{"count":0,"href":"https:\/\/senoticias.com.br\/se\/wp-json\/wp\/v2\/posts\/92020\/revisions"}],"wp:featuredmedia":[{"embeddable":true,"href":"https:\/\/senoticias.com.br\/se\/wp-json\/wp\/v2\/media\/92021"}],"wp:attachment":[{"href":"https:\/\/senoticias.com.br\/se\/wp-json\/wp\/v2\/media?parent=92020"}],"wp:term":[{"taxonomy":"category","embeddable":true,"href":"https:\/\/senoticias.com.br\/se\/wp-json\/wp\/v2\/categories?post=92020"},{"taxonomy":"post_tag","embeddable":true,"href":"https:\/\/senoticias.com.br\/se\/wp-json\/wp\/v2\/tags?post=92020"}],"curies":[{"name":"wp","href":"https:\/\/api.w.org\/{rel}","templated":true}]}}