{"id":91067,"date":"2016-04-25T12:20:56","date_gmt":"2016-04-25T15:20:56","guid":{"rendered":"http:\/\/senoticias.com.br\/se\/?p=91067"},"modified":"2016-04-25T12:20:56","modified_gmt":"2016-04-25T15:20:56","slug":"senado-elege-comissao-especial-que-vai-analisar-processo-de-impeachment","status":"publish","type":"post","link":"https:\/\/senoticias.com.br\/se\/senado-elege-comissao-especial-que-vai-analisar-processo-de-impeachment\/","title":{"rendered":"Senado elege comiss\u00e3o especial que vai analisar processo de impeachment"},"content":{"rendered":"<p style=\"text-align: justify;\">O plen\u00e1rio do Senado elege hoje (25) os 21 titulares e 21 suplentes da comiss\u00e3o especial que vai examinar o processo de impeachment da presidenta Dilma Rousseff. A instala\u00e7\u00e3o oficial do colegiado, com a elei\u00e7\u00e3o do presidente, do vice e do relator, est\u00e1 prevista para amanh\u00e3.<\/p>\n<div id=\"attachment_91068\" style=\"width: 609px\" class=\"wp-caption aligncenter\"><a href=\"http:\/\/senoticias.com.br\/se\/wp-content\/uploads\/2016\/04\/1002707-24022016dsc_4179-.jpg\"><img loading=\"lazy\" decoding=\"async\" aria-describedby=\"caption-attachment-91068\" class=\"size-full wp-image-91068\" alt=\"Instala\u00e7\u00e3o oficial da comiss\u00e3o do impeachment no Senado est\u00e1 prevista para esta ter\u00e7a-feira (26). (Foto: Fabio Rodrigues Pozzebom \/ Ag\u00eancia Brasil)\" src=\"http:\/\/senoticias.com.br\/se\/wp-content\/uploads\/2016\/04\/1002707-24022016dsc_4179-.jpg\" width=\"599\" height=\"401\" srcset=\"https:\/\/senoticias.com.br\/se\/wp-content\/uploads\/2016\/04\/1002707-24022016dsc_4179-.jpg 599w, https:\/\/senoticias.com.br\/se\/wp-content\/uploads\/2016\/04\/1002707-24022016dsc_4179--300x200.jpg 300w, https:\/\/senoticias.com.br\/se\/wp-content\/uploads\/2016\/04\/1002707-24022016dsc_4179--342x228.jpg 342w\" sizes=\"(max-width: 599px) 100vw, 599px\" \/><\/a><p id=\"caption-attachment-91068\" class=\"wp-caption-text\">(Foto: Fabio Rodrigues Pozzebom \/ Ag\u00eancia Brasil)<\/p><\/div>\n<p style=\"text-align: justify;\">Ap\u00f3s a instala\u00e7\u00e3o da comiss\u00e3o especial, come\u00e7a a contar o prazo de dez dias \u00fateis para que o relator apresente o parecer sobre a admissibilidade da abertura do processo. Nessa fase n\u00e3o h\u00e1 previs\u00e3o de defesa da presidenta. O parecer precisa ser votado pelos integrantes do colegiado e a aprova\u00e7\u00e3o se d\u00e1 por maioria simples.<\/p>\n<p style=\"text-align: justify;\">Qualquer que seja o resultado da vota\u00e7\u00e3o na comiss\u00e3o, a decis\u00e3o final cabe ao plen\u00e1rio do Senado, que \u00e9 soberano. No plen\u00e1rio, o parecer da comiss\u00e3o ser\u00e1 lido e, ap\u00f3s 48 horas, votado nominalmente pelos senadores. Para ser aprovado \u00e9 necess\u00e1ria a metade mais um dos votos dos senadores presentes, desde que votem pelo menos 41 dos 81 senadores.<\/p>\n<p style=\"text-align: justify;\">O primeiro passo da tramita\u00e7\u00e3o do impeachment no Senado foi a leitura em plen\u00e1rio, no dia 19, do parecer da C\u00e2mara favor\u00e1vel \u00e0 abertura do processo. Em seguida, o presidente do Senado, Renan Calheiros (PMDB-AL), criou a comiss\u00e3o especial para a an\u00e1lise do processo e pediu aos l\u00edderes partid\u00e1rios a indica\u00e7\u00e3o dos 42 senadores que v\u00e3o compor a comiss\u00e3o: 21 titulares e 21 suplentes. O documento lido em plen\u00e1rio foi publicado no dia 20 no Di\u00e1rio Oficial do Senado.<\/p>\n<p style=\"text-align: justify;\">Se o parecer da comiss\u00e3o for pela admissibilidade do processo de impeachment e o texto for aprovado pelo plen\u00e1rio do Senado, o processo contra a presidenta \u00e9 instaurado e Dilma ser\u00e1 notificada e afastada do cargo por 180 dias. Com isso, o vice-presidente Michel Temer assume o governo. Se o parecer da comiss\u00e3o for rejeitado no plen\u00e1rio, a den\u00fancia contra a presidenta ser\u00e1 arquivada.<\/p>\n<p style=\"text-align: justify;\">Se o processo de afastamento for aberto, come\u00e7a a fase de produ\u00e7\u00e3o de provas e a poss\u00edvel convoca\u00e7\u00e3o dos autores da den\u00fancia, da presidenta Dilma e da defesa at\u00e9 a conclus\u00e3o das investiga\u00e7\u00f5es e a vota\u00e7\u00e3o do parecer da comiss\u00e3o especial sobre o processo.<\/p>\n<p style=\"text-align: justify;\">Para que a presidenta perca o mandato s\u00e3o necess\u00e1rios os votos de pelo menos 54 senadores, dois ter\u00e7os da Casa. A sess\u00e3o final do julgamento ser\u00e1 dirigida pelo presidente do Supremo Tribunal Federal, Ricardo Lewandowski.<\/p>\n<p style=\"text-align: justify;\">Em caso de absolvi\u00e7\u00e3o, a presidenta reassume o mandato imediatamente. Se condenada, ela \u00e9 automaticamente destitu\u00edda e fica oito anos sem poder exercer cargo p\u00fablico. O vice, Michel Temer, assume a Presid\u00eancia da Rep\u00fablica at\u00e9 o fim do mandato, em dezembro de 2017.<\/p>\n<p style=\"text-align: justify;\">\n<p style=\"text-align: justify;\"><strong>Acompanhe tamb\u00e9m o SE Not\u00edcias no <a href=\"https:\/\/twitter.com\/Senoticias\" target=\"_blank\">Twitter<\/a>, <a href=\"https:\/\/www.facebook.com\/PortalSENoticias\/\" target=\"_blank\">Facebook <\/a>e no <a href=\"https:\/\/www.instagram.com\/senoticias\/\" target=\"_blank\">Instagram<\/a><\/strong><\/p>\n<p style=\"text-align: justify;\"><strong>Fonte: Ag\u00eancia Brasil<\/strong><\/p>\n","protected":false},"excerpt":{"rendered":"<p>O plen\u00e1rio do Senado elege hoje (25) os 21 titulares e 21 suplentes da comiss\u00e3o especial que vai examinar o processo de impeachment da presidenta Dilma Rousseff. A instala\u00e7\u00e3o oficial do colegiado, com a elei\u00e7\u00e3o do presidente, do vice e do relator, est\u00e1 prevista para amanh\u00e3. Ap\u00f3s a instala\u00e7\u00e3o da comiss\u00e3o especial, come\u00e7a a contar [&hellip;]<\/p>\n","protected":false},"author":1,"featured_media":91068,"comment_status":"closed","ping_status":"closed","sticky":false,"template":"","format":"standard","meta":{"footnotes":""},"categories":[6],"tags":[],"class_list":{"0":"post-91067","1":"post","2":"type-post","3":"status-publish","4":"format-standard","5":"has-post-thumbnail","7":"category-politica"},"_links":{"self":[{"href":"https:\/\/senoticias.com.br\/se\/wp-json\/wp\/v2\/posts\/91067"}],"collection":[{"href":"https:\/\/senoticias.com.br\/se\/wp-json\/wp\/v2\/posts"}],"about":[{"href":"https:\/\/senoticias.com.br\/se\/wp-json\/wp\/v2\/types\/post"}],"author":[{"embeddable":true,"href":"https:\/\/senoticias.com.br\/se\/wp-json\/wp\/v2\/users\/1"}],"replies":[{"embeddable":true,"href":"https:\/\/senoticias.com.br\/se\/wp-json\/wp\/v2\/comments?post=91067"}],"version-history":[{"count":0,"href":"https:\/\/senoticias.com.br\/se\/wp-json\/wp\/v2\/posts\/91067\/revisions"}],"wp:featuredmedia":[{"embeddable":true,"href":"https:\/\/senoticias.com.br\/se\/wp-json\/wp\/v2\/media\/91068"}],"wp:attachment":[{"href":"https:\/\/senoticias.com.br\/se\/wp-json\/wp\/v2\/media?parent=91067"}],"wp:term":[{"taxonomy":"category","embeddable":true,"href":"https:\/\/senoticias.com.br\/se\/wp-json\/wp\/v2\/categories?post=91067"},{"taxonomy":"post_tag","embeddable":true,"href":"https:\/\/senoticias.com.br\/se\/wp-json\/wp\/v2\/tags?post=91067"}],"curies":[{"name":"wp","href":"https:\/\/api.w.org\/{rel}","templated":true}]}}