{"id":91062,"date":"2016-04-25T12:06:35","date_gmt":"2016-04-25T15:06:35","guid":{"rendered":"http:\/\/senoticias.com.br\/se\/?p=91062"},"modified":"2016-04-26T10:11:15","modified_gmt":"2016-04-26T13:11:15","slug":"detranse-orienta-usuarios-a-fazer-comunicacao-de-venda-do-veiculo","status":"publish","type":"post","link":"https:\/\/senoticias.com.br\/se\/detranse-orienta-usuarios-a-fazer-comunicacao-de-venda-do-veiculo\/","title":{"rendered":"Detran\/SE orienta usu\u00e1rios a fazer Comunica\u00e7\u00e3o de Venda do ve\u00edculo"},"content":{"rendered":"<p style=\"text-align: justify;\">Quem vende um ve\u00edculo precisa ficar atento sobre como proceder corretamente para evitar transtornos no futuro. Fazer \u201ccomunica\u00e7\u00e3o de venda\u201d no Detran\/SE \u00e9 um passo fundamental, que garantir\u00e1 ao antigo dono a isen\u00e7\u00e3o de qualquer responsabilidade sobre o bem caso n\u00e3o seja realizada a transfer\u00eancia do ve\u00edculo. Entretanto, esse servi\u00e7o \u00e9 pouco procurado em Sergipe. No primeiro trimestre de 2016, por exemplo, foram contabilizadas cerca de 3,6 mil comunica\u00e7\u00f5es de venda, enquanto as transfer\u00eancias ultrapassaram 25 mil processos em todo Estado.<\/p>\n<div id=\"attachment_91066\" style=\"width: 609px\" class=\"wp-caption aligncenter\"><a href=\"http:\/\/senoticias.com.br\/se\/wp-content\/uploads\/2016\/04\/DetranSE-orienta-usu\u00e1rios-sobre-Comunica\u00e7\u00e3o-de-Venda-e1461597029119.jpg\"><img loading=\"lazy\" decoding=\"async\" aria-describedby=\"caption-attachment-91066\" class=\"size-full wp-image-91066\" alt=\"Quem vende um ve\u00edculo precisa ficar atento sobre como proceder corretamente para evitar transtornos no futuro. (Foto: arqquivo\/Detran\" src=\"http:\/\/senoticias.com.br\/se\/wp-content\/uploads\/2016\/04\/DetranSE-orienta-usu\u00e1rios-sobre-Comunica\u00e7\u00e3o-de-Venda-e1461597029119.jpg\" width=\"599\" height=\"451\" \/><\/a><p id=\"caption-attachment-91066\" class=\"wp-caption-text\">Quem vende um ve\u00edculo precisa ficar atento sobre como proceder corretamente para evitar transtornos no futuro. (Foto: arquivo\/Rota Jur\u00eddica)<\/p><\/div>\n<p style=\"text-align: justify;\">Para realizar a comunica\u00e7\u00e3o de venda no Detran\/SE, quem est\u00e1 vendendo o ve\u00edculo precisa ter em m\u00e3os a c\u00f3pia autenticada em cart\u00f3rio do Certificado de Registro de Ve\u00edculos \u2013 CRV \u2013 (Recibo) completamente preenchido com os dados do comprador, sem rasuras, e datado. A assinatura deve ser reconhecida por tabeli\u00e3o (firma por autenticidade). Em caso do recibo ser de outro Estado, \u00e9 preciso se atentar tamb\u00e9m ao sinal p\u00fablico (confirma\u00e7\u00e3o de dados em um cart\u00f3rio local).<\/p>\n<p style=\"text-align: justify;\">O interessado em comunicar a venda deve portar ainda a c\u00f3pia de identidade com foto e CPF ou habilita\u00e7\u00e3o, todos em bom estado de conserva\u00e7\u00e3o. Em caso de empresa (Pessoa Jur\u00eddica), acrescentar o CNPJ com contrato social ou estatuto e ata de nomea\u00e7\u00e3o da diretoria (original e c\u00f3pia).<\/p>\n<p style=\"text-align: justify;\">Com a documenta\u00e7\u00e3o em m\u00e3os, o antigo propriet\u00e1rio precisa realizar agendamento no atendimento presencial e se dirigir a uma unidade do Detran\/SE na data e hor\u00e1rio marcados para fazer o servi\u00e7o. N\u00e3o h\u00e1 cobran\u00e7a de taxa para esse procedimento, se for feito em at\u00e9 30 dias da data que consta no recibo. Passado esse prazo, o propriet\u00e1rio pagar\u00e1 o valor de R$ 51,89.<\/p>\n<p style=\"text-align: justify;\">Ap\u00f3s a Comunica\u00e7\u00e3o de Venda, toda e qualquer responsabilidade administrativa, civil ou criminal de infra\u00e7\u00f5es ou acidentes de tr\u00e2nsito registrados ap\u00f3s a venda do ve\u00edculo fica sob a compet\u00eancia do comprador.<\/p>\n<div id=\"innerLeft\">\n<div><\/div>\n<div><strong><em>Acompanhe tamb\u00e9m o SE Not\u00edcias no\u00a0<a href=\"https:\/\/twitter.com\/Senoticias\" target=\"_blank\">Twitter<\/a>,\u00a0<a href=\"https:\/\/www.facebook.com\/PortalSENoticias\/\" target=\"_blank\">Facebook\u00a0<\/a>e no\u00a0<a href=\"https:\/\/www.instagram.com\/senoticias\/\" target=\"_blank\">Instagram<\/a><\/em><\/strong><\/div>\n<\/div>\n<p><em>Fonte: Ascom\/Detran<\/em><\/p>\n","protected":false},"excerpt":{"rendered":"<p>Quem vende um ve\u00edculo precisa ficar atento sobre como proceder corretamente para evitar transtornos no futuro. Fazer \u201ccomunica\u00e7\u00e3o de venda\u201d no Detran\/SE \u00e9 um passo fundamental, que garantir\u00e1 ao antigo dono a isen\u00e7\u00e3o de qualquer responsabilidade sobre o bem caso n\u00e3o seja realizada a transfer\u00eancia do ve\u00edculo. Entretanto, esse servi\u00e7o \u00e9 pouco procurado em Sergipe. [&hellip;]<\/p>\n","protected":false},"author":1,"featured_media":91066,"comment_status":"closed","ping_status":"closed","sticky":false,"template":"","format":"standard","meta":{"footnotes":""},"categories":[38,6],"tags":[],"class_list":{"0":"post-91062","1":"post","2":"type-post","3":"status-publish","4":"format-standard","5":"has-post-thumbnail","7":"category-municipios","8":"category-politica"},"_links":{"self":[{"href":"https:\/\/senoticias.com.br\/se\/wp-json\/wp\/v2\/posts\/91062"}],"collection":[{"href":"https:\/\/senoticias.com.br\/se\/wp-json\/wp\/v2\/posts"}],"about":[{"href":"https:\/\/senoticias.com.br\/se\/wp-json\/wp\/v2\/types\/post"}],"author":[{"embeddable":true,"href":"https:\/\/senoticias.com.br\/se\/wp-json\/wp\/v2\/users\/1"}],"replies":[{"embeddable":true,"href":"https:\/\/senoticias.com.br\/se\/wp-json\/wp\/v2\/comments?post=91062"}],"version-history":[{"count":0,"href":"https:\/\/senoticias.com.br\/se\/wp-json\/wp\/v2\/posts\/91062\/revisions"}],"wp:featuredmedia":[{"embeddable":true,"href":"https:\/\/senoticias.com.br\/se\/wp-json\/wp\/v2\/media\/91066"}],"wp:attachment":[{"href":"https:\/\/senoticias.com.br\/se\/wp-json\/wp\/v2\/media?parent=91062"}],"wp:term":[{"taxonomy":"category","embeddable":true,"href":"https:\/\/senoticias.com.br\/se\/wp-json\/wp\/v2\/categories?post=91062"},{"taxonomy":"post_tag","embeddable":true,"href":"https:\/\/senoticias.com.br\/se\/wp-json\/wp\/v2\/tags?post=91062"}],"curies":[{"name":"wp","href":"https:\/\/api.w.org\/{rel}","templated":true}]}}