{"id":91061,"date":"2016-04-25T12:08:28","date_gmt":"2016-04-25T15:08:28","guid":{"rendered":"http:\/\/senoticias.com.br\/se\/?p=91061"},"modified":"2016-04-25T12:08:28","modified_gmt":"2016-04-25T15:08:28","slug":"escola-padre-leon-gregorio-promove-acoes-de-combate-ao-aedes-aegypti","status":"publish","type":"post","link":"https:\/\/senoticias.com.br\/se\/escola-padre-leon-gregorio-promove-acoes-de-combate-ao-aedes-aegypti\/","title":{"rendered":"Escola Padre Leon Greg\u00f3rio promove a\u00e7\u00f5es de combate ao Aedes Aegypti"},"content":{"rendered":"<p style=\"text-align: justify;\">A cidade de Nossa Senhora da Gl\u00f3ria, no sert\u00e3o sergipano, foi contemplada na \u00faltima semana pelas a\u00e7\u00f5es do projeto \u201cEscola Padre Leon Greg\u00f3rio unida contra o Aedes Aegypti\u201d.<\/p>\n<div id=\"attachment_91063\" style=\"width: 609px\" class=\"wp-caption aligncenter\"><a href=\"http:\/\/senoticias.com.br\/se\/wp-content\/uploads\/2016\/04\/SENot\u00edcias-foto-07.jpg\"><img loading=\"lazy\" decoding=\"async\" aria-describedby=\"caption-attachment-91063\" class=\"size-full wp-image-91063\" alt=\"Com apoio da DRE-09, iniciativa envolveu alunos, professores e equipe diretiva (Foto: Divulga\u00e7\u00e3o) \" src=\"http:\/\/senoticias.com.br\/se\/wp-content\/uploads\/2016\/04\/SENot\u00edcias-foto-07.jpg\" width=\"599\" height=\"432\" srcset=\"https:\/\/senoticias.com.br\/se\/wp-content\/uploads\/2016\/04\/SENot\u00edcias-foto-07.jpg 599w, https:\/\/senoticias.com.br\/se\/wp-content\/uploads\/2016\/04\/SENot\u00edcias-foto-07-300x216.jpg 300w, https:\/\/senoticias.com.br\/se\/wp-content\/uploads\/2016\/04\/SENot\u00edcias-foto-07-342x246.jpg 342w, https:\/\/senoticias.com.br\/se\/wp-content\/uploads\/2016\/04\/SENot\u00edcias-foto-07-90x65.jpg 90w\" sizes=\"(max-width: 599px) 100vw, 599px\" \/><\/a><p id=\"caption-attachment-91063\" class=\"wp-caption-text\">Com apoio da DRE-09, iniciativa envolveu alunos, professores e equipe diretiva (Foto: Divulga\u00e7\u00e3o)<\/p><\/div>\n<p style=\"text-align: justify;\">Organizada pela equipe diretiva da escola, com o apoio da Diretoria Regional de Educa\u00e7\u00e3o (DRE 09), a culmin\u00e2ncia do projeto foi realizada na \u00faltima quarta-feira, 20, quando aconteceram debates nas turmas sobre o tema e palestras com agente de combate a endemias.<\/p>\n<p style=\"text-align: justify;\">Durante todo o dia, os estudantes confeccionaram cartazes informativos, assistiram \u00e0 apresenta\u00e7\u00e3o de pe\u00e7a teatral e caminharam pelas principais ruas do munic\u00edpio. Al\u00e9m disso, distribu\u00edram panfletos para orientar a comunidade e promoveram a\u00e7\u00f5es para eliminar os focos do mosquito transmissor de doen\u00e7as como a dengue e o zika v\u00edrus.<\/p>\n<p style=\"text-align: justify;\">Segundo o diretor da Escola Padre Leon Greg\u00f3rio, professor Tiago Santos Teixeira, o projeto de combate ao Aedes Aegypti foi repleto de demonstra\u00e7\u00f5es de entusiasmo pela comunidade escolar.<\/p>\n<p style=\"text-align: justify;\">O diretor salientou, ainda, que alunos e professores estavam envolvidos na atividade e levaram o importante recado \u00e0 sociedade gloriense de que \u201cunidos poderemos vencer este mal\u201d.<\/p>\n<p style=\"text-align: justify;\"><strong>Acompanhe tamb\u00e9m o SE Not\u00edcias no <a href=\"https:\/\/twitter.com\/Senoticias\" target=\"_blank\">Twitter<\/a>, <a href=\"https:\/\/www.facebook.com\/PortalSENoticias\/\" target=\"_blank\">Facebook <\/a>e no <a href=\"https:\/\/www.instagram.com\/senoticias\/\" target=\"_blank\">Instagram<\/a><\/strong><\/p>\n<p style=\"text-align: justify;\"><strong>Fonte: Assessoria de Comunica\u00e7\u00e3o da Seed<\/strong><\/p>\n","protected":false},"excerpt":{"rendered":"<p>A cidade de Nossa Senhora da Gl\u00f3ria, no sert\u00e3o sergipano, foi contemplada na \u00faltima semana pelas a\u00e7\u00f5es do projeto \u201cEscola Padre Leon Greg\u00f3rio unida contra o Aedes Aegypti\u201d. Organizada pela equipe diretiva da escola, com o apoio da Diretoria Regional de Educa\u00e7\u00e3o (DRE 09), a culmin\u00e2ncia do projeto foi realizada na \u00faltima quarta-feira, 20, quando [&hellip;]<\/p>\n","protected":false},"author":1,"featured_media":91063,"comment_status":"closed","ping_status":"closed","sticky":false,"template":"","format":"standard","meta":{"footnotes":""},"categories":[44],"tags":[],"class_list":{"0":"post-91061","1":"post","2":"type-post","3":"status-publish","4":"format-standard","5":"has-post-thumbnail","7":"category-educacao"},"_links":{"self":[{"href":"https:\/\/senoticias.com.br\/se\/wp-json\/wp\/v2\/posts\/91061"}],"collection":[{"href":"https:\/\/senoticias.com.br\/se\/wp-json\/wp\/v2\/posts"}],"about":[{"href":"https:\/\/senoticias.com.br\/se\/wp-json\/wp\/v2\/types\/post"}],"author":[{"embeddable":true,"href":"https:\/\/senoticias.com.br\/se\/wp-json\/wp\/v2\/users\/1"}],"replies":[{"embeddable":true,"href":"https:\/\/senoticias.com.br\/se\/wp-json\/wp\/v2\/comments?post=91061"}],"version-history":[{"count":0,"href":"https:\/\/senoticias.com.br\/se\/wp-json\/wp\/v2\/posts\/91061\/revisions"}],"wp:featuredmedia":[{"embeddable":true,"href":"https:\/\/senoticias.com.br\/se\/wp-json\/wp\/v2\/media\/91063"}],"wp:attachment":[{"href":"https:\/\/senoticias.com.br\/se\/wp-json\/wp\/v2\/media?parent=91061"}],"wp:term":[{"taxonomy":"category","embeddable":true,"href":"https:\/\/senoticias.com.br\/se\/wp-json\/wp\/v2\/categories?post=91061"},{"taxonomy":"post_tag","embeddable":true,"href":"https:\/\/senoticias.com.br\/se\/wp-json\/wp\/v2\/tags?post=91061"}],"curies":[{"name":"wp","href":"https:\/\/api.w.org\/{rel}","templated":true}]}}