{"id":91057,"date":"2016-04-25T11:56:42","date_gmt":"2016-04-25T14:56:42","guid":{"rendered":"http:\/\/senoticias.com.br\/se\/?p=91057"},"modified":"2016-04-25T11:57:48","modified_gmt":"2016-04-25T14:57:48","slug":"ifs-prazo-para-pedido-de-isencao-da-taxa-de-inscricao-termina-nessa-sexta-feira","status":"publish","type":"post","link":"https:\/\/senoticias.com.br\/se\/ifs-prazo-para-pedido-de-isencao-da-taxa-de-inscricao-termina-nessa-sexta-feira\/","title":{"rendered":"IFS: prazo para pedido de isen\u00e7\u00e3o da taxa de inscri\u00e7\u00e3o termina nessa sexta-feira"},"content":{"rendered":"<p style=\"text-align: justify;\">Os candidatos que desejam pedir isen\u00e7\u00e3o do pagamento da taxa de inscri\u00e7\u00e3o para o processo seletivo dos cursos t\u00e9cnicos subsequentes do Instituto Federal de Sergipe \u2013 Campus Aracaju devem ficar atentos ao prazo final que ser\u00e1 nessa sexta-feira, dia 29 de abril.<\/p>\n<div id=\"attachment_53375\" style=\"width: 510px\" class=\"wp-caption aligncenter\"><a href=\"http:\/\/senoticias.com.br\/se\/wp-content\/uploads\/2013\/10\/grande-IFS_281220111.jpg\"><img loading=\"lazy\" decoding=\"async\" aria-describedby=\"caption-attachment-53375\" class=\"size-full wp-image-53375\" alt=\"Sede do IFS (Foto: Divulga\u00e7\u00e3o)\" src=\"http:\/\/senoticias.com.br\/se\/wp-content\/uploads\/2013\/10\/grande-IFS_281220111.jpg\" width=\"500\" height=\"332\" srcset=\"https:\/\/senoticias.com.br\/se\/wp-content\/uploads\/2013\/10\/grande-IFS_281220111.jpg 500w, https:\/\/senoticias.com.br\/se\/wp-content\/uploads\/2013\/10\/grande-IFS_281220111-300x199.jpg 300w, https:\/\/senoticias.com.br\/se\/wp-content\/uploads\/2013\/10\/grande-IFS_281220111-342x227.jpg 342w\" sizes=\"(max-width: 500px) 100vw, 500px\" \/><\/a><p id=\"caption-attachment-53375\" class=\"wp-caption-text\">Sede do IFS (Foto: Divulga\u00e7\u00e3o)<\/p><\/div>\n<p style=\"text-align: justify;\">\u00a0Pode solicitar o benef\u00edcio o candidato que tiver cursado o Ensino M\u00e9dio completo em escola da rede p\u00fablica ou como bolsista integral em escola da rede privada, ou comprovar renda familiar per capita igual ou inferior a um sal\u00e1rio m\u00ednimo e meio.<\/p>\n<p style=\"text-align: justify;\">\u00a0O candidato que estiver escrito no Cadastro \u00danico para Programas Sociais do Governo Federal, basta apresentar uma declara\u00e7\u00e3o com o N\u00famero de Identifica\u00e7\u00e3o Social, emitida pela Secretaria de A\u00e7\u00e3o Social do Munic\u00edpio no qual fez o cadastro ou \u00f3rg\u00e3o correspondente.<\/p>\n<p style=\"text-align: justify;\">\u00a0O pedido de isen\u00e7\u00e3o deve ser feito na Coordenadoria de Assist\u00eancia Estudantil (CAE) do campus, localizado na Avenida Gentil Tavares da Motta, 1166, bairro Get\u00falio Vargas, nos seguintes hor\u00e1rios: das 8 h \u00e0s 11 h e das 14 h \u00e0s 16 h. O resultado da isen\u00e7\u00e3o ser\u00e1 divulgado no dia 20 de maio.<\/p>\n<p style=\"text-align: justify;\"><strong>\u00a0Vagas<\/strong><\/p>\n<p style=\"text-align: justify;\">O Instituto Federal de Sergipe \u2013 Campus Aracaju est\u00e1 ofertando 425 vagas distribu\u00eddas nos cursos t\u00e9cnicos de Alimentos, Edifica\u00e7\u00f5es, Eletrot\u00e9cnica, Eletr\u00f4nica, Guia de Turismo, Hospedagem, Petr\u00f3leo e G\u00e1s, Qu\u00edmica e Seguran\u00e7a no Trabalho. O curso subsequente \u00e9 ofertado para quem concluiu o Ensino M\u00e9dio.<\/p>\n<p style=\"text-align: justify;\"><strong>\u00a0Inscri\u00e7\u00f5es<\/strong><\/p>\n<p style=\"text-align: justify;\">As inscri\u00e7\u00f5es para o processo seletivo prosseguem at\u00e9 o dia 08 de junho de 2016. A inscri\u00e7\u00e3o est\u00e1 sendo feita pela Internet no endere\u00e7o eletr\u00f4nico www.ifs.edu.br . O candidato que n\u00e3o tenha acesso \u00e0 Internet poder\u00e1 fazer sua inscri\u00e7\u00e3o de segunda a sexta-feira, no Campus Aracaju, nos seguintes hor\u00e1rios: das 8 h \u00e0s 11 h e das 14 h \u00e0s 16 h.<\/p>\n<p style=\"text-align: justify;\">A taxa \u00e9 de R$ 5,00 e ser\u00e1 paga por meio de GRU simples (Guia de Recolhimento da Uni\u00e3o), em qualquer ag\u00eancia do Banco do Brasil. A prova ser\u00e1 realizada no dia 17 de julho de 2016, \u00e0s 9h. O resultado final est\u00e1 previsto para o dia 19 de agosto.<\/p>\n<p style=\"text-align: justify;\">\u00a0<a href=\"http:\/\/www.ifs.edu.br\/processoseletivo\/images\/Documentos\/2016\/3-Mar%C3%A7o\/EDITAL_13_-_SUBSEQUENT_2016_1.pdf\" target=\"_blank\"><strong>Clique aqui<\/strong><\/a> para acessar o edital completo<\/p>\n<p style=\"text-align: justify;\"><strong>Acompanhe tamb\u00e9m o SE Not\u00edcias no <a href=\"https:\/\/twitter.com\/Senoticias\" target=\"_blank\">Twitter<\/a>, <a href=\"https:\/\/www.facebook.com\/PortalSENoticias\/?ref=bookmarks\" target=\"_blank\">Facebook <\/a>e no <a href=\"https:\/\/www.instagram.com\/senoticias\/\" target=\"_blank\">Instagram<\/a><\/strong><\/p>\n<p style=\"text-align: justify;\"><strong>Fonte: Assessoria de Comunica\u00e7\u00e3o\u00a0<\/strong><\/p>\n","protected":false},"excerpt":{"rendered":"<p>Os candidatos que desejam pedir isen\u00e7\u00e3o do pagamento da taxa de inscri\u00e7\u00e3o para o processo seletivo dos cursos t\u00e9cnicos subsequentes do Instituto Federal de Sergipe \u2013 Campus Aracaju devem ficar atentos ao prazo final que ser\u00e1 nessa sexta-feira, dia 29 de abril. \u00a0Pode solicitar o benef\u00edcio o candidato que tiver cursado o Ensino M\u00e9dio completo [&hellip;]<\/p>\n","protected":false},"author":1,"featured_media":53375,"comment_status":"closed","ping_status":"closed","sticky":false,"template":"","format":"standard","meta":{"footnotes":""},"categories":[44],"tags":[],"class_list":{"0":"post-91057","1":"post","2":"type-post","3":"status-publish","4":"format-standard","5":"has-post-thumbnail","7":"category-educacao"},"_links":{"self":[{"href":"https:\/\/senoticias.com.br\/se\/wp-json\/wp\/v2\/posts\/91057"}],"collection":[{"href":"https:\/\/senoticias.com.br\/se\/wp-json\/wp\/v2\/posts"}],"about":[{"href":"https:\/\/senoticias.com.br\/se\/wp-json\/wp\/v2\/types\/post"}],"author":[{"embeddable":true,"href":"https:\/\/senoticias.com.br\/se\/wp-json\/wp\/v2\/users\/1"}],"replies":[{"embeddable":true,"href":"https:\/\/senoticias.com.br\/se\/wp-json\/wp\/v2\/comments?post=91057"}],"version-history":[{"count":0,"href":"https:\/\/senoticias.com.br\/se\/wp-json\/wp\/v2\/posts\/91057\/revisions"}],"wp:featuredmedia":[{"embeddable":true,"href":"https:\/\/senoticias.com.br\/se\/wp-json\/wp\/v2\/media\/53375"}],"wp:attachment":[{"href":"https:\/\/senoticias.com.br\/se\/wp-json\/wp\/v2\/media?parent=91057"}],"wp:term":[{"taxonomy":"category","embeddable":true,"href":"https:\/\/senoticias.com.br\/se\/wp-json\/wp\/v2\/categories?post=91057"},{"taxonomy":"post_tag","embeddable":true,"href":"https:\/\/senoticias.com.br\/se\/wp-json\/wp\/v2\/tags?post=91057"}],"curies":[{"name":"wp","href":"https:\/\/api.w.org\/{rel}","templated":true}]}}