{"id":91056,"date":"2016-04-25T11:57:06","date_gmt":"2016-04-25T14:57:06","guid":{"rendered":"http:\/\/senoticias.com.br\/se\/?p=91056"},"modified":"2016-04-26T15:02:12","modified_gmt":"2016-04-26T18:02:12","slug":"casal-e-flagrado-dentro-de-onibus-interestadual-transportando-4kg-de-cocaina","status":"publish","type":"post","link":"https:\/\/senoticias.com.br\/se\/casal-e-flagrado-dentro-de-onibus-interestadual-transportando-4kg-de-cocaina\/","title":{"rendered":"Casal \u00e9 flagrado dentro de \u00f4nibus interestadual transportando 4kg de coca\u00edna"},"content":{"rendered":"<div id=\"attachment_91058\" style=\"width: 370px\" class=\"wp-caption alignright\"><a href=\"http:\/\/senoticias.com.br\/se\/wp-content\/uploads\/2016\/04\/Casal-\u00e9-flagrado-dentro-de-\u00f4nibus-interestadual-transportando-4kg-de-coca\u00edna.jpg\"><img loading=\"lazy\" decoding=\"async\" aria-describedby=\"caption-attachment-91058\" class=\"size-full wp-image-91058\" alt=\"O casal foi preso transportando 4kg de coca\u00edna dentro de um \u00f4nibus interestadual, em uma blitz no munic\u00edpio de Est\u00e2ncia.\" src=\"http:\/\/senoticias.com.br\/se\/wp-content\/uploads\/2016\/04\/Casal-\u00e9-flagrado-dentro-de-\u00f4nibus-interestadual-transportando-4kg-de-coca\u00edna.jpg\" width=\"360\" height=\"274\" srcset=\"https:\/\/senoticias.com.br\/se\/wp-content\/uploads\/2016\/04\/Casal-\u00e9-flagrado-dentro-de-\u00f4nibus-interestadual-transportando-4kg-de-coca\u00edna.jpg 360w, https:\/\/senoticias.com.br\/se\/wp-content\/uploads\/2016\/04\/Casal-\u00e9-flagrado-dentro-de-\u00f4nibus-interestadual-transportando-4kg-de-coca\u00edna-300x228.jpg 300w, https:\/\/senoticias.com.br\/se\/wp-content\/uploads\/2016\/04\/Casal-\u00e9-flagrado-dentro-de-\u00f4nibus-interestadual-transportando-4kg-de-coca\u00edna-342x260.jpg 342w, https:\/\/senoticias.com.br\/se\/wp-content\/uploads\/2016\/04\/Casal-\u00e9-flagrado-dentro-de-\u00f4nibus-interestadual-transportando-4kg-de-coca\u00edna-60x45.jpg 60w, https:\/\/senoticias.com.br\/se\/wp-content\/uploads\/2016\/04\/Casal-\u00e9-flagrado-dentro-de-\u00f4nibus-interestadual-transportando-4kg-de-coca\u00edna-150x113.jpg 150w\" sizes=\"(max-width: 360px) 100vw, 360px\" \/><\/a><p id=\"caption-attachment-91058\" class=\"wp-caption-text\">O casal foi preso transportando 4kg de coca\u00edna dentro de um \u00f4nibus interestadual, em uma blitz no munic\u00edpio de Est\u00e2ncia. (Foto: SSP\/SE)<\/p><\/div>\n<p style=\"text-align: justify;\">Uma opera\u00e7\u00e3o conjunta envolvendo as Pol\u00edcias Civil e Militar, por meio do Departamento de Narc\u00f3ticos (Denarc) e Batalh\u00e3o de Radiopatrulha (BPRp), realizada na noite da \u00faltima sexta-feira, 22, resultou na pris\u00e3o de Wellington Alves Monteira, 40 anos e Camila Santos da Concei\u00e7\u00e3o, 28. O casal foi preso transportando 4kg de coca\u00edna dentro de um \u00f4nibus interestadual, em uma blitz no munic\u00edpio de Est\u00e2ncia.<\/p>\n<p style=\"text-align: justify;\">Em entrevista coletiva concedida na manh\u00e3 de hoje, 25, o diretor do Denarc, Osvaldo Resende, e o comandante do BPRp, major V\u00edtor, deram detalhes sobre a opera\u00e7\u00e3o, que se iniciou na tarde da sexta, por meio de den\u00fancias an\u00f4nimas. \u201cFomos informados, via Disque-Den\u00fancia, sobre um casal que estaria transportando a droga em um \u00f4nibus interestadual com destino \u00e0 cidade de S\u00e3o Paulo. De posse dessas informa\u00e7\u00f5es, solicitamos o apoio dos militares da Radiopatrulha nas duas barreiras policiais que foram montadas nas cidades de Salgado e Est\u00e2ncia\u201d, explicou Osvaldo Resende.<\/p>\n<p style=\"text-align: justify;\">Durante a terceira abordagem a \u00f4nibus, os policiais conseguiram localizar o casal, que no momento da abordagem estava de posse de duas mochilas contendo a droga. \u201cAp\u00f3s a confirma\u00e7\u00e3o da identifica\u00e7\u00e3o de Wellington e Camilla, demos in\u00edcio ao procedimento de abordagem, encontrando no interior das mochilas os 4kg de coca\u00edna\u201d, ressaltou o major V\u00edtor.<\/p>\n<p style=\"text-align: justify;\">Em depoimento ainda no local, o casal, que \u00e9 do estado de S\u00e3o Paulo, confessou a posse da droga, mas alegou que o material seria entregue a outra pessoa na cidade paulistana. \u201cVamos dar prosseguimento \u00e0s investiga\u00e7\u00f5es no intuito de localizar o poss\u00edvel propriet\u00e1rio do entorpecente, al\u00e9m de averiguar o envolvimento de outras pessoas no tr\u00e1fico de drogas\u201d, concluiu o delegado.<\/p>\n<p style=\"text-align: justify;\"><strong>Associa\u00e7\u00e3o criminosa presa em Socorro<\/strong><\/p>\n<p style=\"text-align: justify;\">Na ocasi\u00e3o, a delegada Maria Pureza, tamb\u00e9m do Denarc, deu detalhes da pris\u00e3o de\u00a0uma associa\u00e7\u00e3o criminosa acusada de fomentar o tr\u00e1fico de drogas no munic\u00edpio de Socorro. Com o trio, foram apreendidos aproximadamente 4kg de maconha, al\u00e9m de duas trouxas de coca\u00edna e um rev\u00f3lver calibre 38.<\/p>\n<p style=\"text-align: justify;\">Na opera\u00e7\u00e3o, foram presos:\u00a0Cleidiane Reis do Nascimento, 29 anos\u00a0e\u00a0Gleidson Santos da Silva, 30, em posse de 2kg de maconha, al\u00e9m da quantia de R$ 4.328,00. J\u00e1 com Alipio Reis Ribeiro, 45, mais conhecido como \u201cCoroa\u201d, morto em confronto com os policiais, foi apreendido 2kg de maconha, duas trouxas de coca\u00edna, um rev\u00f3lver calibre 38 e a quantia de R$ 4.811,00.<\/p>\n<p style=\"text-align: justify;\">Segundo a delegada, Al\u00edpio possu\u00eda passagem pela pol\u00edcia por crimes relacionados ao tr\u00e1fico de entorpecentes. Os dois suspeitos foram encaminhados \u00e0 delegacia para a lavratura do flagrante e posterior ado\u00e7\u00e3o das devidas provid\u00eancias.<\/p>\n<p style=\"text-align: justify;\"><strong><em>Acompanhe tamb\u00e9m o SE Not\u00edcias no\u00a0<a href=\"https:\/\/twitter.com\/Senoticias\" target=\"_blank\">Twitter<\/a>,\u00a0<a href=\"https:\/\/www.facebook.com\/PortalSENoticias\/\" target=\"_blank\">Facebook\u00a0<\/a>e no\u00a0<a href=\"https:\/\/www.instagram.com\/senoticias\/\" target=\"_blank\">Instagram<\/a><\/em><\/strong><\/p>\n<p style=\"text-align: justify;\"><em><strong>Informa\u00e7\u00f5es da SSP\/SE<\/strong><\/em><\/p>\n","protected":false},"excerpt":{"rendered":"<p>Uma opera\u00e7\u00e3o conjunta envolvendo as Pol\u00edcias Civil e Militar, por meio do Departamento de Narc\u00f3ticos (Denarc) e Batalh\u00e3o de Radiopatrulha (BPRp), realizada na noite da \u00faltima sexta-feira, 22, resultou na pris\u00e3o de Wellington Alves Monteira, 40 anos e Camila Santos da Concei\u00e7\u00e3o, 28. O casal foi preso transportando 4kg de coca\u00edna dentro de um \u00f4nibus [&hellip;]<\/p>\n","protected":false},"author":1,"featured_media":91058,"comment_status":"closed","ping_status":"closed","sticky":false,"template":"","format":"standard","meta":{"footnotes":""},"categories":[7],"tags":[],"class_list":{"0":"post-91056","1":"post","2":"type-post","3":"status-publish","4":"format-standard","5":"has-post-thumbnail","7":"category-policia"},"_links":{"self":[{"href":"https:\/\/senoticias.com.br\/se\/wp-json\/wp\/v2\/posts\/91056"}],"collection":[{"href":"https:\/\/senoticias.com.br\/se\/wp-json\/wp\/v2\/posts"}],"about":[{"href":"https:\/\/senoticias.com.br\/se\/wp-json\/wp\/v2\/types\/post"}],"author":[{"embeddable":true,"href":"https:\/\/senoticias.com.br\/se\/wp-json\/wp\/v2\/users\/1"}],"replies":[{"embeddable":true,"href":"https:\/\/senoticias.com.br\/se\/wp-json\/wp\/v2\/comments?post=91056"}],"version-history":[{"count":0,"href":"https:\/\/senoticias.com.br\/se\/wp-json\/wp\/v2\/posts\/91056\/revisions"}],"wp:featuredmedia":[{"embeddable":true,"href":"https:\/\/senoticias.com.br\/se\/wp-json\/wp\/v2\/media\/91058"}],"wp:attachment":[{"href":"https:\/\/senoticias.com.br\/se\/wp-json\/wp\/v2\/media?parent=91056"}],"wp:term":[{"taxonomy":"category","embeddable":true,"href":"https:\/\/senoticias.com.br\/se\/wp-json\/wp\/v2\/categories?post=91056"},{"taxonomy":"post_tag","embeddable":true,"href":"https:\/\/senoticias.com.br\/se\/wp-json\/wp\/v2\/tags?post=91056"}],"curies":[{"name":"wp","href":"https:\/\/api.w.org\/{rel}","templated":true}]}}