{"id":91053,"date":"2016-04-25T11:18:07","date_gmt":"2016-04-25T14:18:07","guid":{"rendered":"http:\/\/senoticias.com.br\/se\/?p=91053"},"modified":"2016-04-25T11:23:24","modified_gmt":"2016-04-25T14:23:24","slug":"91053","status":"publish","type":"post","link":"https:\/\/senoticias.com.br\/se\/91053\/","title":{"rendered":"CPTran registra 326 autos de infra\u00e7\u00e3o no per\u00edodo de quatro dias"},"content":{"rendered":"<p style=\"text-align: justify;\"><em><strong>Via\u00a0<a href=\"http:\/\/g1.globo.com\/se\/sergipe\/noticia\/2016\/04\/cptran-registra-326-autos-de-infracao-no-periodo-de-quatro-dias.html\" target=\"_blank\">G1 <\/a>SE<\/strong><\/em><\/p>\n<div id=\"attachment_90091\" style=\"width: 455px\" class=\"wp-caption alignright\"><a href=\"http:\/\/senoticias.com.br\/se\/wp-content\/uploads\/2016\/03\/SENOT\u00ccCIAS-Capit\u00e3-Manuela.jpg\"><img loading=\"lazy\" decoding=\"async\" aria-describedby=\"caption-attachment-90091\" class=\"size-full wp-image-90091\" alt=\"Nesse per\u00edodo, 55 ve\u00edculos irregulares foram apreendidos, informou a Capit\u00e3 Manuela Gomes, atual Comandante da CPRv. (Foto: Ascom\/Detran)\" src=\"http:\/\/senoticias.com.br\/se\/wp-content\/uploads\/2016\/03\/SENOT\u00ccCIAS-Capit\u00e3-Manuela.jpg\" width=\"445\" height=\"315\" srcset=\"https:\/\/senoticias.com.br\/se\/wp-content\/uploads\/2016\/03\/SENOT\u00ccCIAS-Capit\u00e3-Manuela.jpg 445w, https:\/\/senoticias.com.br\/se\/wp-content\/uploads\/2016\/03\/SENOT\u00ccCIAS-Capit\u00e3-Manuela-300x212.jpg 300w, https:\/\/senoticias.com.br\/se\/wp-content\/uploads\/2016\/03\/SENOT\u00ccCIAS-Capit\u00e3-Manuela-342x242.jpg 342w, https:\/\/senoticias.com.br\/se\/wp-content\/uploads\/2016\/03\/SENOT\u00ccCIAS-Capit\u00e3-Manuela-90x65.jpg 90w\" sizes=\"(max-width: 445px) 100vw, 445px\" \/><\/a><p id=\"caption-attachment-90091\" class=\"wp-caption-text\">Nesse per\u00edodo, 55 ve\u00edculos irregulares foram apreendidos, informou a Capit\u00e3 Manuela Gomes, Comandante da CPRv. (Foto: Ascom\/Detran)<\/p><\/div>\n<p style=\"text-align: justify;\">A Companhia de Pol\u00edcia de Tr\u00e2nsito (CPTran) registrou 326 autos de infra\u00e7\u00e3o durante fiscaliza\u00e7\u00e3o no per\u00edodo entre a quarta-feira (20) e o domingo (24) em\u00a0Aracaju\u00a0e regi\u00e3o metropolitana. Tamb\u00e9m foram apreendidos 55 ve\u00edculos e recolhidos 49 documentos de autom\u00f3veis e 58 Carteiras Nacional de Habilita\u00e7\u00e3o (CNHs).<\/p>\n<p style=\"text-align: justify;\">Em cumprimento \u00e0 Lei Seca, 32 condutores foram autuados por embriaguez ao volante, sendo 18 por recusa simples (ato de se negar a soprar o baf\u00f4metro), 13 por medida administrativa (soprou o baf\u00f4metro e deu um \u00edndice entre 0,05 e 0,33mg\/l ) e um flagrante delito (conduzido \u00e0 delegacia).<\/p>\n<p style=\"text-align: justify;\">De acordo com a capit\u00e3 Manuela Gomes de Oliveira, comandante da CPTran, 45 militares, nove viaturas e cinco motocicletas fizeram parte da opera\u00e7\u00e3o. Animais do canil do Batalh\u00e3o de Choque tamb\u00e9m foram utilizados nas abordagens e buscas no interior de ve\u00edculos suspeitos.<\/p>\n<p style=\"text-align: justify;\">A capit\u00e3 disse que al\u00e9m de intensificar a fiscaliza\u00e7\u00e3o no per\u00edodo espec\u00edfico, o combate a infra\u00e7\u00f5es est\u00e1 sendo feito diariamente. \u201cDesde fevereiro deste ano, as blitzes t\u00eam sido realizadas em vias incomuns \u00e0s visualizadas anteriormente pelos motoristas, desta forma, os diversos tipos de infratores (os que ingerem \u00e1lcool, portam ilegalmente armas, est\u00e3o de posse de ve\u00edculos roubados, ou cometem qualquer ato criminal), percebem que poder\u00e3o ser surpreendidos pela PM em ruas de menor fluxo\u201d, destacou a comandante.<\/p>\n<p style=\"text-align: justify;\"><strong>Pris\u00f5es<\/strong><\/p>\n<p style=\"text-align: justify;\">Duas pessoas foram presas, uma por apresentar ind\u00edcios de embriaguez ap\u00f3s resultado do teste do baf\u00f4metro e o outro por conduzir ve\u00edculo com a placa adulterada.\u00a0 Nesse per\u00edodo de fiscaliza\u00e7\u00e3o intensificada, um ve\u00edculo VW\/FOX, de\u00a0Salvador\/BA, com restri\u00e7\u00e3o de roubo\/furto foi recuperado.<\/p>\n<p style=\"text-align: justify;\"><strong>Acidentes<\/strong><\/p>\n<p style=\"text-align: justify;\">O Servi\u00e7o de Atendimento a Acidentes de Tr\u00e2nsito (Saat) registrou 15 sinistros, sendo dois acidentes com v\u00edtimas fatais na quinta-feira (21). O primeiro foi por volta de meio-dia na Rua Adel Nunes, no Bairro Farol\u00e2ndia e o segundo por volta das 16h, na Av. Coletora A, no Conjunto Marcos Freire em\u00a0Nossa Senhora do Socorro.<\/p>\n<p style=\"text-align: justify;\"><strong>Acompanhe tamb\u00e9m o SE Not\u00edcias no\u00a0<a href=\"https:\/\/twitter.com\/Senoticias\" target=\"_blank\">Twitter<\/a>,\u00a0<a href=\"https:\/\/www.facebook.com\/PortalSENoticias\/\" target=\"_blank\">Facebook\u00a0<\/a>e no\u00a0<a href=\"https:\/\/www.instagram.com\/senoticias\/\" target=\"_blank\">Instagram<\/a><\/strong><\/p>\n","protected":false},"excerpt":{"rendered":"<p>Via\u00a0G1 SE A Companhia de Pol\u00edcia de Tr\u00e2nsito (CPTran) registrou 326 autos de infra\u00e7\u00e3o durante fiscaliza\u00e7\u00e3o no per\u00edodo entre a quarta-feira (20) e o domingo (24) em\u00a0Aracaju\u00a0e regi\u00e3o metropolitana. Tamb\u00e9m foram apreendidos 55 ve\u00edculos e recolhidos 49 documentos de autom\u00f3veis e 58 Carteiras Nacional de Habilita\u00e7\u00e3o (CNHs). Em cumprimento \u00e0 Lei Seca, 32 condutores foram [&hellip;]<\/p>\n","protected":false},"author":1,"featured_media":90091,"comment_status":"closed","ping_status":"closed","sticky":false,"template":"","format":"standard","meta":{"footnotes":""},"categories":[7,1],"tags":[],"class_list":{"0":"post-91053","1":"post","2":"type-post","3":"status-publish","4":"format-standard","5":"has-post-thumbnail","7":"category-policia","8":"category-sem-categoria"},"_links":{"self":[{"href":"https:\/\/senoticias.com.br\/se\/wp-json\/wp\/v2\/posts\/91053"}],"collection":[{"href":"https:\/\/senoticias.com.br\/se\/wp-json\/wp\/v2\/posts"}],"about":[{"href":"https:\/\/senoticias.com.br\/se\/wp-json\/wp\/v2\/types\/post"}],"author":[{"embeddable":true,"href":"https:\/\/senoticias.com.br\/se\/wp-json\/wp\/v2\/users\/1"}],"replies":[{"embeddable":true,"href":"https:\/\/senoticias.com.br\/se\/wp-json\/wp\/v2\/comments?post=91053"}],"version-history":[{"count":0,"href":"https:\/\/senoticias.com.br\/se\/wp-json\/wp\/v2\/posts\/91053\/revisions"}],"wp:featuredmedia":[{"embeddable":true,"href":"https:\/\/senoticias.com.br\/se\/wp-json\/wp\/v2\/media\/90091"}],"wp:attachment":[{"href":"https:\/\/senoticias.com.br\/se\/wp-json\/wp\/v2\/media?parent=91053"}],"wp:term":[{"taxonomy":"category","embeddable":true,"href":"https:\/\/senoticias.com.br\/se\/wp-json\/wp\/v2\/categories?post=91053"},{"taxonomy":"post_tag","embeddable":true,"href":"https:\/\/senoticias.com.br\/se\/wp-json\/wp\/v2\/tags?post=91053"}],"curies":[{"name":"wp","href":"https:\/\/api.w.org\/{rel}","templated":true}]}}