{"id":91050,"date":"2016-04-25T07:20:32","date_gmt":"2016-04-25T10:20:32","guid":{"rendered":"http:\/\/senoticias.com.br\/se\/?p=91050"},"modified":"2016-04-26T07:51:38","modified_gmt":"2016-04-26T10:51:38","slug":"transexuais-e-idosos-levam-mensagens-para-conferencias-de-direitos-humanos","status":"publish","type":"post","link":"https:\/\/senoticias.com.br\/se\/transexuais-e-idosos-levam-mensagens-para-conferencias-de-direitos-humanos\/","title":{"rendered":"Transexuais e idosos levam mensagens para confer\u00eancias de direitos humanos"},"content":{"rendered":"<p style=\"text-align: justify;\">Enquanto dezenas de \u00f4nibus se revezavam no in\u00edcio da tarde em frente ao Centro Internacional de Conven\u00e7\u00f5es do Brasil, em Bras\u00edlia \u2013 local escolhido para sediar confer\u00eancias conjuntas de direitos humanos \u2013, milhares de pessoas se organizavam em filas que davam voltas no pr\u00e9dio. Nas m\u00e3os, pessoas de todos os estados do pa\u00eds trazem bagagens de diversos tamanhos que s\u00e3o depositadas em um balc\u00e3o criado para facilitar a participa\u00e7\u00e3o nos debates. No rosto, paulistas, cariocas, capixabas, mineiros estampam a expectativa de conseguir dar voz \u00e0s propostas priorit\u00e1rias para grupos que buscam mais cidadania<\/p>\n<div id=\"attachment_91052\" style=\"width: 609px\" class=\"wp-caption aligncenter\"><a href=\"http:\/\/senoticias.com.br\/se\/wp-content\/uploads\/2016\/04\/Transexuais-e-idosos-levam-mensagens-para-confer\u00eancias-de-direitos-humanos-e1461579792721.jpg\"><img loading=\"lazy\" decoding=\"async\" aria-describedby=\"caption-attachment-91052\" class=\"size-full wp-image-91052\" alt=\"Transexuais e idosos levam mensagens para confer\u00eancias de direitos humanos. (Foto: Ag\u00eancia brasil)\" src=\"http:\/\/senoticias.com.br\/se\/wp-content\/uploads\/2016\/04\/Transexuais-e-idosos-levam-mensagens-para-confer\u00eancias-de-direitos-humanos-e1461579792721.jpg\" width=\"599\" height=\"401\" \/><\/a><p id=\"caption-attachment-91052\" class=\"wp-caption-text\">Transexuais e idosos levam mensagens para confer\u00eancias de direitos humanos. (Foto: Ag\u00eancia brasil)<\/p><\/div>\n<p style=\"text-align: justify;\">Os debates, convocados por meio de decreto publicado em novembro de 2015, v\u00e3o reunir at\u00e9 sexta-feira (29) em um \u00fanico espa\u00e7o cinco confer\u00eancias tem\u00e1ticas: a 12\u00aa Confer\u00eancia Nacional de Direitos Humanos, a 10\u00aa Confer\u00eancia Nacional dos Direitos da Crian\u00e7a e do Adolescente, a 4\u00aa Confer\u00eancia Nacional dos Direitos da Pessoa Idosa, a 4\u00aa Confer\u00eancia Nacional dos Direitos da Pessoa com Defici\u00eancia e a 3\u00aa Confer\u00eancia Nacional de Pol\u00edticas P\u00fablicas de Direitos Humanos de L\u00e9sbicas, Gays, Bissexuais, Travestis e Transexuais. As discuss\u00f5es deveriam ter come\u00e7ado \u00e0s 17h, mas as pessoas ainda est\u00e3o fazendo credenciamento.<\/p>\n<p style=\"text-align: justify;\">De S\u00e3o Paulo, as transexuais Alessandra Lopes e Deenynha Dias trazem exemplos de boas pol\u00edticas que garantiram um pouco de tranquilidade \u00e0 comunidade LGBT no estado, mas tamb\u00e9m fazem um alerta: &#8220;Em S\u00e3o Paulo, at\u00e9 estamos bem amparadas, mas vemos um risco grande de retrocesso no n\u00edvel federal, com, por exemplo, o aumento da bancada evang\u00e9lica [nos Legislativos locais e federal]&#8221;, disse Alessandra, que \u00e9 empres\u00e1ria e integrante do Conselho da Diversidade Sexual da Ordem dos Advogados do Brasil de Osasco\/SP. Uma das mudan\u00e7as que defende \u00e9 a criminaliza\u00e7\u00e3o da transfobia. &#8220;A homofobia n\u00e3o nos contempla. Ano passado, foram mais de mil mortes e este ano j\u00e1 temos 200 mortes registradas&#8221;, completou a amiga Deenynha que \u00e9 cabeleireira na capital paulista.<\/p>\n<p style=\"text-align: justify;\">Entre os grupos mais animados e dispostos ao debate, o das idosas do Esp\u00edrito Santo se sobressaia. Perguntadas sobre a expectativa em rela\u00e7\u00e3o \u00e0 confer\u00eancia, todas falavam quase ao mesmo tempo sobre as dificuldades enfrentadas por suas faixas et\u00e1rias, mas foi Ana Maria Pimenta, vice-presidente do Conselho Municipal de Defesa dos Direitos do Idoso na Cidade de Pi\u00fama quem resumiu: &#8220;Os idosos n\u00e3o podem passar 6 meses ou mais esperando um rem\u00e9dio ou aguardando na fila de uma cirurgia. N\u00e3o temos sa\u00fade nem lazer&#8221;, reclamou. Em Pi\u00fama, por exemplo, o colegiado da sociedade civil para debater essas pol\u00edticas s\u00f3 foi criado h\u00e1 pouco mais de um ano.<\/p>\n<p style=\"text-align: justify;\">Na maior fila do evento, estavam os cadeirantes. Carioca, o desenhista Joc\u00e9lio de Oliveira foi quem deu voz ao grupo. Ele lembrou que qualquer brasileiro enfrenta atualmente problemas em acessar direitos b\u00e1sicos, mas disse que as pessoas com defici\u00eancia t\u00eam um agravante: &#8220;Os governos parecem que n\u00e3o veem a pessoa com defici\u00eancia como um cidad\u00e3o. Temos dificuldades em \u00e1reas como educa\u00e7\u00e3o, sa\u00fade e transporte p\u00fablico. A gente est\u00e1 aqui em busca do reconhecimento desses direitos&#8221;.<\/p>\n<p style=\"text-align: justify;\"><em>Acompanhe tamb\u00e9m o SE Not\u00edcias no\u00a0<a href=\"https:\/\/twitter.com\/Senoticias\" target=\"_blank\">Twitter<\/a>,\u00a0<a href=\"https:\/\/www.facebook.com\/PortalSENoticias\/\" target=\"_blank\">Facebook\u00a0<\/a>e no\u00a0<a href=\"https:\/\/www.instagram.com\/senoticias\/\" target=\"_blank\">Instagram<\/a><\/em><\/p>\n<p style=\"text-align: justify;\"><em><strong>Ag\u00eancia Brasil<\/strong><\/em><\/p>\n","protected":false},"excerpt":{"rendered":"<p>Enquanto dezenas de \u00f4nibus se revezavam no in\u00edcio da tarde em frente ao Centro Internacional de Conven\u00e7\u00f5es do Brasil, em Bras\u00edlia \u2013 local escolhido para sediar confer\u00eancias conjuntas de direitos humanos \u2013, milhares de pessoas se organizavam em filas que davam voltas no pr\u00e9dio. Nas m\u00e3os, pessoas de todos os estados do pa\u00eds trazem bagagens [&hellip;]<\/p>\n","protected":false},"author":1,"featured_media":91052,"comment_status":"closed","ping_status":"closed","sticky":false,"template":"","format":"standard","meta":{"footnotes":""},"categories":[6],"tags":[],"class_list":{"0":"post-91050","1":"post","2":"type-post","3":"status-publish","4":"format-standard","5":"has-post-thumbnail","7":"category-politica"},"_links":{"self":[{"href":"https:\/\/senoticias.com.br\/se\/wp-json\/wp\/v2\/posts\/91050"}],"collection":[{"href":"https:\/\/senoticias.com.br\/se\/wp-json\/wp\/v2\/posts"}],"about":[{"href":"https:\/\/senoticias.com.br\/se\/wp-json\/wp\/v2\/types\/post"}],"author":[{"embeddable":true,"href":"https:\/\/senoticias.com.br\/se\/wp-json\/wp\/v2\/users\/1"}],"replies":[{"embeddable":true,"href":"https:\/\/senoticias.com.br\/se\/wp-json\/wp\/v2\/comments?post=91050"}],"version-history":[{"count":0,"href":"https:\/\/senoticias.com.br\/se\/wp-json\/wp\/v2\/posts\/91050\/revisions"}],"wp:featuredmedia":[{"embeddable":true,"href":"https:\/\/senoticias.com.br\/se\/wp-json\/wp\/v2\/media\/91052"}],"wp:attachment":[{"href":"https:\/\/senoticias.com.br\/se\/wp-json\/wp\/v2\/media?parent=91050"}],"wp:term":[{"taxonomy":"category","embeddable":true,"href":"https:\/\/senoticias.com.br\/se\/wp-json\/wp\/v2\/categories?post=91050"},{"taxonomy":"post_tag","embeddable":true,"href":"https:\/\/senoticias.com.br\/se\/wp-json\/wp\/v2\/tags?post=91050"}],"curies":[{"name":"wp","href":"https:\/\/api.w.org\/{rel}","templated":true}]}}