{"id":91047,"date":"2016-04-25T07:14:33","date_gmt":"2016-04-25T10:14:33","guid":{"rendered":"http:\/\/senoticias.com.br\/se\/?p=91047"},"modified":"2016-04-25T07:18:34","modified_gmt":"2016-04-25T10:18:34","slug":"entenda-o-que-pode-mudar-com-os-planos-de-internet-com-franquia-de-dados","status":"publish","type":"post","link":"https:\/\/senoticias.com.br\/se\/entenda-o-que-pode-mudar-com-os-planos-de-internet-com-franquia-de-dados\/","title":{"rendered":"Entenda o que pode mudar com os planos de internet com franquia de dados"},"content":{"rendered":"<div id=\"attachment_91048\" style=\"width: 287px\" class=\"wp-caption alignright\"><a href=\"http:\/\/senoticias.com.br\/se\/wp-content\/uploads\/2016\/04\/Entenda-o-que-pode-mudar-com-os-planos-de-internet-com-franquia-de-dados.jpg\"><img loading=\"lazy\" decoding=\"async\" aria-describedby=\"caption-attachment-91048\" class=\"size-full wp-image-91048\" alt=\"Se operadoras come\u00e7arem a oferecer franquias de dados nos pacotes de internet fixa, sevi\u00e7o ter\u00e1 limite de dados, como ocorre com as redes 3G e 4G no celularArquivo\/ Ag\u00eancia Brasil\" src=\"http:\/\/senoticias.com.br\/se\/wp-content\/uploads\/2016\/04\/Entenda-o-que-pode-mudar-com-os-planos-de-internet-com-franquia-de-dados.jpg\" width=\"277\" height=\"160\" \/><\/a><p id=\"caption-attachment-91048\" class=\"wp-caption-text\">Se operadoras come\u00e7arem a oferecer franquias de dados nos pacotes de internet fixa, sevi\u00e7o ter\u00e1 limite de dados, como ocorre com as redes 3G e 4G no celularArquivo\/ Ag\u00eancia Brasil<\/p><\/div>\n<p style=\"text-align: justify;\">Um dos assuntos mais discutidos na \u00faltima semana nas redes sociais foi a possibilidade de as operadoras de telecomunica\u00e7\u00f5es come\u00e7arem a oferecer pacotes de internet fixa com limite de dados. Hoje em dia, quem utiliza internet no celular (3G e 4G) j\u00e1 t\u00eam o h\u00e1bito de controlar o uso da rede, e costuma receber avisos das operadoras sobre o consumo de sua franquia. Mas, na internet fixa, geralmente n\u00e3o h\u00e1 esse controle.<\/p>\n<p style=\"text-align: justify;\">Apesar de n\u00e3o ser proibido pela regulamenta\u00e7\u00e3o do setor, tradicionalmente, as empresas vendem apenas o acesso \u00e0 rede a uma determinada velocidade, sem estabelecer uma franquia de dados. Com isso, o usu\u00e1rio pode trafegar como desejar e n\u00e3o tem um limite de consumo.<\/p>\n<p style=\"text-align: justify;\">Desde o in\u00edcio do ano, no entanto, algumas operadoras que oferecem internet fixa v\u00eam anunciando que podem adotar o sistema de franquia para a comercializa\u00e7\u00e3o dos novos planos de banda larga fixa. Ou seja, em vez de ter a internet contratada apenas pela velocidade de navega\u00e7\u00e3o, poder\u00e1 haver tamb\u00e9m um limite para o uso de dados. Quando essa franquia acabar, o acesso \u00e0 internet poder\u00e1 ser cortado, ou a velocidade reduzida, como acontece na internet m\u00f3vel.<\/p>\n<p style=\"text-align: justify;\">A Ag\u00eancia Nacional de Telecomunica\u00e7\u00f5es (Anatel) entende que as empresaspodem\u00a0estabelecer limites\u00a0para a navega\u00e7\u00e3o, mas\u00a0proibiu\u00a0ontem (22) as operadoras de oferecer planos com franquia, por tempo indeterminado, at\u00e9 que a quest\u00e3o seja analisada \u201ccom base nas manifesta\u00e7\u00f5es recebidas pelo \u00f3rg\u00e3o\u201d.<\/p>\n<p style=\"text-align: justify;\">O ministro das Comunica\u00e7\u00f5es, Andr\u00e9 Figueiredo, defendeu a\u00a0coexist\u00eancia\u00a0de planos de franquia limitada e ilimitada e tamb\u00e9m o respeito aos contratos vigentes.<\/p>\n<p style=\"text-align: justify;\"><strong>Operadoras<\/strong><\/p>\n<p style=\"text-align: justify;\">Entre as principais empresas que oferecem o servi\u00e7o de internet fixa, a NET \u00e9 a \u00fanica que informa que j\u00e1 adota planos com franquia mensal de consumo de dados, desde o lan\u00e7amento do servi\u00e7o. Quando a franquia \u00e9 ultrapassada, a velocidade de acesso \u00e9 reduzida e retomada no primeiro dia do m\u00eas seguinte. Segundo a empresa, apenas clientes com utiliza\u00e7\u00e3o muito diferente da m\u00e9dia ultrapassam as franquias estabelecidas.<\/p>\n<p style=\"text-align: justify;\">A Vivo diz que ainda n\u00e3o h\u00e1 data definida para adotar o sistema de franquia, mas garante que, antes de elas serem aplicadas, o cliente ter\u00e1 ferramentas para medir seu consumo mensal. Os tamanhos e pre\u00e7os dos pacotes de uso de banda larga fixa da operadora ainda n\u00e3o foram definidos. \u201cQuando e se vier a implantar o modelo de franquia para banda larga fixa, a Vivo far\u00e1 uma ampla campanha de esclarecimento, em diversos meios de comunica\u00e7\u00e3o\u201d, disse a empresa. A operadora vai continuar oferecendo a op\u00e7\u00e3o de planos ilimitados, ao lado de op\u00e7\u00f5es com franquias, de acordo com o perfil de consumo do internauta.<\/p>\n<p style=\"text-align: justify;\">A TIM diz que n\u00e3o comercializa planos com franquia mensal de dados limitada e n\u00e3o prev\u00ea mudan\u00e7as nas ofertas atuais. A Oi tamb\u00e9m garante que atualmente n\u00e3o pratica redu\u00e7\u00e3o de velocidade ou interrup\u00e7\u00e3o da navega\u00e7\u00e3o ap\u00f3s o fim da franquia de dados de seus clientes de banda larga fixa \u201cembora o regulamento de ofertas preveja a possibilidade.\u201d A Sky informou que n\u00e3o pratica franquia mensal de dados ou bloqueio do servi\u00e7o ap\u00f3s o consumo, ainda que o regulamento do setor preveja essa possibilidade.<\/p>\n<p style=\"text-align: justify;\">Entidades de defesa do consumidor e outras organiza\u00e7\u00f5es da sociedade civil s\u00e3o\u00a0contra a pr\u00e1tica\u00a0de oferecer pacotes com franquia de dados. Uma peti\u00e7\u00e3o\u00a0<em>online<\/em>\u00a0no site da Avaaz contra o limite na franquia de dados da banda larga fixa j\u00e1 alcan\u00e7ou 1,6 milh\u00e3o de assinaturas e a p\u00e1gina do Movimento Internet Sem Limites j\u00e1 tem mais de 460 mil seguidores em sua p\u00e1gina do Facebook. Uma peti\u00e7\u00e3o\u00a0<em>online<\/em>\u00a0da Proteste Associa\u00e7\u00e3o de Consumidores contra o limite de uso de dados de internet dos servi\u00e7os de banda larga fixa j\u00e1 colheu mais de 150 mil assinaturas.<\/p>\n<p style=\"text-align: justify;\">Acompanhe tamb\u00e9m o SE Not\u00edcias no\u00a0<a href=\"https:\/\/twitter.com\/Senoticias\" target=\"_blank\">Twitter<\/a>,\u00a0<a href=\"https:\/\/www.facebook.com\/PortalSENoticias\/\" target=\"_blank\">Facebook\u00a0<\/a>e no\u00a0<a href=\"https:\/\/www.instagram.com\/senoticias\/\" target=\"_blank\">Instagram<\/a><\/p>\n<p style=\"text-align: justify;\"><em><strong>Ag\u00eancia Brasil<\/strong><\/em><\/p>\n","protected":false},"excerpt":{"rendered":"<p>Um dos assuntos mais discutidos na \u00faltima semana nas redes sociais foi a possibilidade de as operadoras de telecomunica\u00e7\u00f5es come\u00e7arem a oferecer pacotes de internet fixa com limite de dados. Hoje em dia, quem utiliza internet no celular (3G e 4G) j\u00e1 t\u00eam o h\u00e1bito de controlar o uso da rede, e costuma receber avisos [&hellip;]<\/p>\n","protected":false},"author":1,"featured_media":91048,"comment_status":"closed","ping_status":"closed","sticky":false,"template":"","format":"standard","meta":{"footnotes":""},"categories":[6,1],"tags":[],"class_list":{"0":"post-91047","1":"post","2":"type-post","3":"status-publish","4":"format-standard","5":"has-post-thumbnail","7":"category-politica","8":"category-sem-categoria"},"_links":{"self":[{"href":"https:\/\/senoticias.com.br\/se\/wp-json\/wp\/v2\/posts\/91047"}],"collection":[{"href":"https:\/\/senoticias.com.br\/se\/wp-json\/wp\/v2\/posts"}],"about":[{"href":"https:\/\/senoticias.com.br\/se\/wp-json\/wp\/v2\/types\/post"}],"author":[{"embeddable":true,"href":"https:\/\/senoticias.com.br\/se\/wp-json\/wp\/v2\/users\/1"}],"replies":[{"embeddable":true,"href":"https:\/\/senoticias.com.br\/se\/wp-json\/wp\/v2\/comments?post=91047"}],"version-history":[{"count":0,"href":"https:\/\/senoticias.com.br\/se\/wp-json\/wp\/v2\/posts\/91047\/revisions"}],"wp:featuredmedia":[{"embeddable":true,"href":"https:\/\/senoticias.com.br\/se\/wp-json\/wp\/v2\/media\/91048"}],"wp:attachment":[{"href":"https:\/\/senoticias.com.br\/se\/wp-json\/wp\/v2\/media?parent=91047"}],"wp:term":[{"taxonomy":"category","embeddable":true,"href":"https:\/\/senoticias.com.br\/se\/wp-json\/wp\/v2\/categories?post=91047"},{"taxonomy":"post_tag","embeddable":true,"href":"https:\/\/senoticias.com.br\/se\/wp-json\/wp\/v2\/tags?post=91047"}],"curies":[{"name":"wp","href":"https:\/\/api.w.org\/{rel}","templated":true}]}}