{"id":91044,"date":"2016-04-24T18:30:00","date_gmt":"2016-04-24T21:30:00","guid":{"rendered":"http:\/\/senoticias.com.br\/se\/?p=91044"},"modified":"2016-04-26T06:47:24","modified_gmt":"2016-04-26T09:47:24","slug":"vasco-aumenta-a-freguesia-sobre-o-flamengo-e-esta-na-final-do-carioca","status":"publish","type":"post","link":"https:\/\/senoticias.com.br\/se\/vasco-aumenta-a-freguesia-sobre-o-flamengo-e-esta-na-final-do-carioca\/","title":{"rendered":"Vasco aumenta a freguesia sobre o Flamengo e est\u00e1 na final do Carioca"},"content":{"rendered":"<p style=\"text-align: justify;\"><em><strong>Reda\u00e7\u00e3o O <a href=\"http:\/\/odia.ig.com.br\/esporte\/carioca\/2016-04-24\/vasco-aumenta-a-freguesia-sobre-o-flamengo-e-esta-na-final-do-carioca.html\" target=\"_blank\">DIA<\/a><\/strong><\/em><\/p>\n<p style=\"text-align: justify;\">O sonho do Flamengo de quebrar a sequ\u00eancia de invencibilidade do Vasco e avan\u00e7ar para a final do Campeonato Carioca parou\u00a0na m\u00e1 fase contra o rival. O Cruzmaltino n\u00e3o teve dificuldades para vencer o Rubro-Negro por 2 a 0, neste domingo, na Arena da Amaz\u00f4nia, e agora chegou \u00e0 marca de 22 jogos sem sofrer derrotas. A necessidade de vencer da equipe de Muricy Ramalho esbarrou em uma tarde inspirada de Riascos, uma atua\u00e7\u00e3o fraca da dupla de zagueiros, e um advers\u00e1rio mais organizado dentro de campo.<\/p>\n<div id=\"attachment_91045\" style=\"width: 609px\" class=\"wp-caption aligncenter\"><a href=\"http:\/\/senoticias.com.br\/se\/wp-content\/uploads\/2016\/04\/Vasco-aumenta-a-freguesia-sobre-o-Flamengo-e-est\u00e1-na-final-do-Carioca-e1461533470585.jpg\"><img loading=\"lazy\" decoding=\"async\" aria-describedby=\"caption-attachment-91045\" class=\"size-full wp-image-91045\" alt=\"Riascos brilhou na vit\u00f3ria do Vasco sobre o Flamengo Foto: Carlos Greg\u00f3rio Junior \/ Vasco.com.br \/ Divulga\u00e7\u00e3o \" src=\"http:\/\/senoticias.com.br\/se\/wp-content\/uploads\/2016\/04\/Vasco-aumenta-a-freguesia-sobre-o-Flamengo-e-est\u00e1-na-final-do-Carioca-e1461533470585.jpg\" width=\"599\" height=\"401\" \/><\/a><p id=\"caption-attachment-91045\" class=\"wp-caption-text\">Riascos brilhou na vit\u00f3ria do Vasco sobre o Flamengo<br \/>Foto: Carlos Greg\u00f3rio Junior \/ Vasco.com.br \/ Divulga\u00e7\u00e3o<\/p><\/div>\n<p style=\"text-align: justify;\">O primeiro gol surgiu justamente com uma bela jogada do colombiano, que deixou C\u00e9sar Martins para tr\u00e1s com uma sequ\u00eancia de dribles. A bola ficou com Nen\u00ea, Wallace salvou o Flamengo, mas n\u00e3o evitou que Andrezinho marcasse e abrisse o placar. A estrela de Riascos brilhou novamente no segundo tempo, quando o atacante chutou em cima de Paulo Victor. A bola bateu no zagueiro rubro-negro, que desta vez acabou ajudando o Vasco, fazendo gol contra &#8211; A arbitragem colocou na conta do atacante vasca\u00edno.<\/p>\n<p style=\"text-align: justify;\">A vit\u00f3ria aumenta a sequ\u00eancia invicta do Vasco tamb\u00e9m contra o Flamengo &#8211; s\u00e3o nove jogos, sendo tr\u00eas empates e seis vit\u00f3rias desde 2015. Na decis\u00e3o, o Cruzmaltino encara o vencedor do cl\u00e1ssico entre Fluminense e Botafogo.<\/p>\n<p style=\"text-align: justify;\"><strong>O JOGO<\/strong><\/p>\n<p style=\"text-align: justify;\">O clima do cl\u00e1ssico j\u00e1 come\u00e7ou quente &#8211; o \u00e1rbitro n\u00e3o havia apitado o \u00ednicio da partida h\u00e1 mais de tr\u00eas minutos, quando uma confus\u00e3o come\u00e7ou no campo. Para quem esperava ver um confronto tenso entre Rodrigo e Guerrero, a rivalidade intensa ficou por conta de Wallace e Nen\u00ea.<\/p>\n<p style=\"text-align: justify;\">Era o Flamengo que precisava do resultado, mas foi o Vasco que saiu jogando. O cruzmaltino chegou a primeira vez aos quatro minutos. O Rubro-Negro s\u00f3 conseguiu mostrar for\u00e7a aos 15 &#8211; Gabriel levantou na \u00e1rea e Willian Ar\u00e3o tentou marcar, mas a bola foi por cima do gol de Mart\u00edn Silva.<\/p>\n<p style=\"text-align: justify;\">A resposta vasca\u00edna n\u00e3o demorou a chegar. Um minuto depois, a chance mais perigosa at\u00e9 ent\u00e3o: Riascos puxou contra-ataque, driblou Cu\u00e9llar e Nen\u00ea finalizou por cima do gol de Paulo Victor.<\/p>\n<p style=\"text-align: justify;\">A parceria entre Riascos e Nen\u00ea prometia render. O colombiano, destaque da partida, deixou C\u00e9sar Martins, que tinha a dif\u00edcil miss\u00e3o de substituir Juan, sem rea\u00e7\u00e3o, aos 21 minutos, com uma sequ\u00eancia de dribles, dentro da \u00e1rea. O meia recebeu o cruzamento, mas Wallace salvou o Flamengo, sem goleiro. O zagueiro rubro-negro afastou, mas Andrezinho achou espa\u00e7o para chutar e abrir o placar na Arena da Amaz\u00f4nia: 1 a 0 para o Vasco.<\/p>\n<p style=\"text-align: justify;\">O gol deixou o time de Jorginho em posi\u00e7\u00e3o mais confort\u00e1vel na partida, e fez a equipe se acomodar. O Flamengo, bastante desorganizado, passou a chegar mais ao ataque, mas sem efici\u00eancia. Aos 26, Guerrero apareceu pela primeira vez, obrigando Mart\u00edn Silva a fazer uma grande defesa para impedir o empate rubro-negro.<\/p>\n<p style=\"text-align: justify;\">No fim da etapa inicial, aos 46, Cu\u00e9llar salvou o Flamengo. Jorge Henrique passou pela esquerda, tocou para Nen\u00ea, dentro da \u00e1rea, que deixou Riascos, pela direita, livre. O colombiano rubro-negro chegou a tempo de evitar o segundo gol do Vasco.<\/p>\n<p style=\"text-align: justify;\">O segundo tempo parecia que escreveria uma hist\u00f3ria diferente. Muricy Ramalho apostou na escala\u00e7\u00e3o antiga, trocando Gabriel por Alan Patrick. A mudan\u00e7a fez efeito e o Flamengo come\u00e7ou a etapa final pressionando o Vasco e chegando ao ataque. Por\u00e9m, a falta de organiza\u00e7\u00e3o e a necessidade de marcar pareciam deixar o Rubro-Negro desorganizado. Antes do primeiro minuto, Willian Ar\u00e3o chutou de fora da \u00e1rea e fez o goleiro vasca\u00edno defender.<\/p>\n<p style=\"text-align: justify;\">A ideia inicial de que o Flamengo reagiria no segundo tempo n\u00e3o se concretizou. Aos 11 minutos, Riascos recebeu pela ponta direita, chutou em cima do goleiro rubro-negro, mas Wallace, que tentou evitar ao m\u00e1ximo o primeiro gol do Vasco, foi o carrasco da vez. A bola bateu no zagueiro e entrou: gol contra. A marca foi para a conta de Riascos, que saiu comemorando o placar de 2 a 0.<\/p>\n<p style=\"text-align: justify;\">O Flamengo continuava tentando chegar, mas sem sucesso. Aos 26, Mancuello arriscou e Mart\u00edn Silva salvou. O goleiro n\u00e3o teve descanso, e logo no minuto seguinte, Marcelo Cirino e Willian Ar\u00e3o fizeram jogada juntos, mas o arqueiro cruzmaltino estava atento mais uma vez.<\/p>\n<p style=\"text-align: justify;\">Sem conseguir se encontrar em campo e sem encaixar o time, o Rubro-Negro n\u00e3o conseguiu reagir. Aos 34 minutos, Alan Patrick foi expulso, por cometer falta violenta em Pikachu. O Vasco, superior durante os 90 minutos, saiu com a vit\u00f3ria na Arena da Amaz\u00f4nia e se classificou para a decis\u00e3o do Campeonato Carioca.<\/p>\n<p><strong>FICHA T\u00c9CNICA<\/strong><\/p>\n<p><strong>VASCO 2 X 0 FLAMENGO<\/strong><\/p>\n<p style=\"text-align: justify;\"><strong>Local:<\/strong>\u00a0Arena da Amaz\u00f4nia (Manaus)<br \/>\n<strong>\u00c1rbitro:<\/strong>\u00a0Leonardo Garcia Cavaleiro<br \/>\n<strong>P\u00fablico e renda:<\/strong>\u00a044.419 \/ R$ 3.531.240<br \/>\n<strong>Cart\u00e3o Amarelo:<\/strong>\u00a0Nen\u00ea, Julio Cesar, Julio dos Santos, Luan (Vasco); Wallace, Cu\u00e9llar, C\u00e9sar Martins, Rodinei (Flamengo)<br \/>\n<strong>Cart\u00e3o Vermelho:<\/strong>\u00a0Alan Patrick (Flamengo)<br \/>\n<strong>Gols:<\/strong>\u00a0Andrezinho (Vasco, aos 21&#8242; do 1\u00baT), Riascos (Vasco, aos 11&#8242; do 2\u00baT)<\/p>\n<p style=\"text-align: justify;\"><strong>VASCO:<\/strong>\u00a0Mart\u00edn Silva; Madson, Luan, Rodrigo e Julio Cesar (Rafael Vaz, aos 25&#8242; do 2\u00baT); Diguinho (Yago Pikachu, aos 16&#8242; do 2\u00baT), Julio dos Santos, Andrezinho e Nen\u00ea; Jorge Henrique e Riascos (Eder Luis, aos 31&#8242; do 2\u00baT). T\u00e9cnico: Jorginho<\/p>\n<p style=\"text-align: justify;\"><strong>FLAMENGO:<\/strong>\u00a0Paulo Victor; Rodinei, Wallace, C\u00e9sar Martins e Jorge; Cu\u00e9llar, Willian Ar\u00e3o (Ederson, aos 27&#8242; do 2\u00baT) e Mancuello; Gabriel (Alan Patrick, no intervalo), Marcelo Cirino e Paolo Guerrero. T\u00e9cnico: Muricy Ramalho.<\/p>\n<p style=\"text-align: justify;\">Acompanhe tamb\u00e9m o SE Not\u00edcias no\u00a0<a href=\"https:\/\/twitter.com\/Senoticias\" target=\"_blank\">Twitter<\/a>,\u00a0<a href=\"https:\/\/www.facebook.com\/PortalSENoticias\/\" target=\"_blank\">Facebook\u00a0<\/a>e no\u00a0<a href=\"https:\/\/www.instagram.com\/senoticias\/\" target=\"_blank\">Instagram<\/a><\/p>\n","protected":false},"excerpt":{"rendered":"<p>Reda\u00e7\u00e3o O DIA O sonho do Flamengo de quebrar a sequ\u00eancia de invencibilidade do Vasco e avan\u00e7ar para a final do Campeonato Carioca parou\u00a0na m\u00e1 fase contra o rival. O Cruzmaltino n\u00e3o teve dificuldades para vencer o Rubro-Negro por 2 a 0, neste domingo, na Arena da Amaz\u00f4nia, e agora chegou \u00e0 marca de 22 [&hellip;]<\/p>\n","protected":false},"author":1,"featured_media":91045,"comment_status":"closed","ping_status":"closed","sticky":false,"template":"","format":"standard","meta":{"footnotes":""},"categories":[310,26],"tags":[],"class_list":{"0":"post-91044","1":"post","2":"type-post","3":"status-publish","4":"format-standard","5":"has-post-thumbnail","7":"category-destaques-da-semana","8":"category-esportes"},"_links":{"self":[{"href":"https:\/\/senoticias.com.br\/se\/wp-json\/wp\/v2\/posts\/91044"}],"collection":[{"href":"https:\/\/senoticias.com.br\/se\/wp-json\/wp\/v2\/posts"}],"about":[{"href":"https:\/\/senoticias.com.br\/se\/wp-json\/wp\/v2\/types\/post"}],"author":[{"embeddable":true,"href":"https:\/\/senoticias.com.br\/se\/wp-json\/wp\/v2\/users\/1"}],"replies":[{"embeddable":true,"href":"https:\/\/senoticias.com.br\/se\/wp-json\/wp\/v2\/comments?post=91044"}],"version-history":[{"count":0,"href":"https:\/\/senoticias.com.br\/se\/wp-json\/wp\/v2\/posts\/91044\/revisions"}],"wp:featuredmedia":[{"embeddable":true,"href":"https:\/\/senoticias.com.br\/se\/wp-json\/wp\/v2\/media\/91045"}],"wp:attachment":[{"href":"https:\/\/senoticias.com.br\/se\/wp-json\/wp\/v2\/media?parent=91044"}],"wp:term":[{"taxonomy":"category","embeddable":true,"href":"https:\/\/senoticias.com.br\/se\/wp-json\/wp\/v2\/categories?post=91044"},{"taxonomy":"post_tag","embeddable":true,"href":"https:\/\/senoticias.com.br\/se\/wp-json\/wp\/v2\/tags?post=91044"}],"curies":[{"name":"wp","href":"https:\/\/api.w.org\/{rel}","templated":true}]}}