{"id":91041,"date":"2016-04-24T15:10:26","date_gmt":"2016-04-24T18:10:26","guid":{"rendered":"http:\/\/senoticias.com.br\/se\/?p=91041"},"modified":"2016-04-24T15:22:36","modified_gmt":"2016-04-24T18:22:36","slug":"manifestantes-se-deitam-e-formam-a-palavra-golpe-no-gramado-do-congresso","status":"publish","type":"post","link":"https:\/\/senoticias.com.br\/se\/manifestantes-se-deitam-e-formam-a-palavra-golpe-no-gramado-do-congresso\/","title":{"rendered":"Manifestantes se deitam e formam a palavra \u201cgolpe\u201d no gramado do Congresso"},"content":{"rendered":"<div id=\"attachment_91043\" style=\"width: 295px\" class=\"wp-caption alignright\"><a href=\"http:\/\/senoticias.com.br\/se\/wp-content\/uploads\/2016\/04\/Manifestantes-se-deitam-e-formam-a-palavra-\u201cgolpe\u201d-no-gramado-do-Congresso.png\"><img loading=\"lazy\" decoding=\"async\" aria-describedby=\"caption-attachment-91043\" class=\"size-full wp-image-91043\" alt=\"Manifestantes se deitam e formam a palavra \u201cgolpe\u201d no gramado do Congresso\" src=\"http:\/\/senoticias.com.br\/se\/wp-content\/uploads\/2016\/04\/Manifestantes-se-deitam-e-formam-a-palavra-\u201cgolpe\u201d-no-gramado-do-Congresso.png\" width=\"285\" height=\"270\" \/><\/a><p id=\"caption-attachment-91043\" class=\"wp-caption-text\">Manifestantes se deitam e formam a palavra \u201cgolpe\u201d no gramado do Congresso. (Foto: Luma Poletti)<\/p><\/div>\n<p><em><strong>POR\u00a0LUMA POLETTI, CONGRESSO EM FOCO<\/strong><\/em><\/p>\n<p style=\"text-align: justify;\">Manifestantes se reuniram na manh\u00e3 deste domingo (24) no gramado do Congresso Nacional para protestar contra o impeachment da presidente Dilma Rousseff. Orientados por um megafone e aos gritos de \u201cN\u00e3o vai ter golpe, vai ter luta\u201d, \u201cFora Cunha\u201d e \u201cFora Temer\u201d, o grupo se deitou formando as palavras \u201cgolpe\u201d, em seguida \u201ccoup\u201d (golpe, em ingl\u00eas) e \u201cS.O.S\u201d, express\u00e3o universal utilizada para pedir ajuda. O protesto durou cerca de 1h30 e atraiu aproximadamente 200 pessoas.<\/p>\n<p>A convoca\u00e7\u00e3o para o ato partiu de um grupo de artistas e produtores culturais da capital, e se disseminou pelas redes sociais. De acordo com o idealizador do protesto, o professor de Artes C\u00eanicas da UnB, Fernando Villar, o n\u00famero de participantes esperado n\u00e3o chegava a 50 pessoas. \u201c\u00c9 um movimento espont\u00e2neo de amigos claramente posicionados contra o golpe e contra tudo o que ele significa\u201d, disse Fernando, que, juntamente com a colega Rita Andrade, orientava por megafone o posicionamento dos manifestantes para formar as palavas. \u201cN\u00e3o vai ter golpe. Se depender de todos n\u00f3s, se cairmos vamos cair brigando \u2013 e brincando \u2013 at\u00e9 o fim\u201d, acrescentou.<\/p>\n<p style=\"text-align: justify;\">Questionado sobre a escolha de um termo em ingl\u00eas (\u201ccoup\u201d) para compor a performance, Villar justifica dizendo que a imprensa internacional est\u00e1 ciente de que o processo de impeachment direcionado \u00e0 presidente Dilma \u00e9 um golpe de Estado. \u201c\u00c9 para falar com o mundo, para retribuir ao mundo porque a nossa m\u00eddia \u00e9 mentirosa, \u00e9 a voz dos patr\u00f5es\u201d, afirmou o professor. \u201cA gente tem que retribuir para todo esse pessoal que est\u00e1 falando l\u00e1 fora: It\u2019s a coup!\u00a0<em>[\u00c9 um golpe!]\u00a0<\/em>para confirmar o que a m\u00eddia deles tem falado e o que a nossa tem escondido\u201d, conclui Villar.<\/p>\n<p style=\"text-align: justify;\">O estudante de artes c\u00eanicas da UnB e representante do Centro Acad\u00eamico do curso, Victor Hugo Leite, 22, explica que n\u00e3o se trata de um protesto de governistas. \u201cN\u00e3o somos pr\u00f3-governo, mas estamos aqui por uma coisa maior que se chama democracia\u201d, defende. \u201cTemos esperan\u00e7as no Senado e no STF, mas a nossa esperan\u00e7a maior \u00e9 no Estado Democr\u00e1tico de Direito\u201d, completou.<\/p>\n<p style=\"text-align: justify;\">Depois que as palavras foram formadas, o grupo se dirigiu ao centro do gramado para uma<em>selfie<\/em>. Em seguida, estudantes de artes c\u00eanicas realizaram uma performance e orientaram a forma\u00e7\u00e3o de uma ciranda. Aos poucos o p\u00fablico foi se dispersando. N\u00e3o foi registrada nenhuma ocorr\u00eancia de viol\u00eancia durante o protesto.<\/p>\n<p style=\"text-align: justify;\">Os manifestantes aproveitaram a ocasi\u00e3o para divulgar outro ato que ser\u00e1 realizado amanh\u00e3 (25), a partir das 17h30, em frente ao Supremo Tribunal Federal. O foco do protesto ser\u00e1 o presidente da C\u00e2mara, Eduardo Cunha (PMDB-RJ). Organizadores pediram para que o p\u00fablico compare\u00e7a e leve vassoura, rodo e balde.<\/p>\n<p style=\"text-align: justify;\"><em><strong>Acompanhe tamb\u00e9m o SE Not\u00edcias no\u00a0<a href=\"https:\/\/twitter.com\/Senoticias\" target=\"_blank\">Twitter<\/a>,\u00a0<a href=\"https:\/\/www.facebook.com\/PortalSENoticias\/\" target=\"_blank\">Facebook\u00a0<\/a>e no\u00a0<a href=\"https:\/\/www.instagram.com\/senoticias\/\" target=\"_blank\">Instagram<\/a><\/strong><\/em><\/p>\n","protected":false},"excerpt":{"rendered":"<p>POR\u00a0LUMA POLETTI, CONGRESSO EM FOCO Manifestantes se reuniram na manh\u00e3 deste domingo (24) no gramado do Congresso Nacional para protestar contra o impeachment da presidente Dilma Rousseff. Orientados por um megafone e aos gritos de \u201cN\u00e3o vai ter golpe, vai ter luta\u201d, \u201cFora Cunha\u201d e \u201cFora Temer\u201d, o grupo se deitou formando as palavras \u201cgolpe\u201d, [&hellip;]<\/p>\n","protected":false},"author":1,"featured_media":91043,"comment_status":"closed","ping_status":"closed","sticky":false,"template":"","format":"standard","meta":{"footnotes":""},"categories":[6,1],"tags":[],"class_list":{"0":"post-91041","1":"post","2":"type-post","3":"status-publish","4":"format-standard","5":"has-post-thumbnail","7":"category-politica","8":"category-sem-categoria"},"_links":{"self":[{"href":"https:\/\/senoticias.com.br\/se\/wp-json\/wp\/v2\/posts\/91041"}],"collection":[{"href":"https:\/\/senoticias.com.br\/se\/wp-json\/wp\/v2\/posts"}],"about":[{"href":"https:\/\/senoticias.com.br\/se\/wp-json\/wp\/v2\/types\/post"}],"author":[{"embeddable":true,"href":"https:\/\/senoticias.com.br\/se\/wp-json\/wp\/v2\/users\/1"}],"replies":[{"embeddable":true,"href":"https:\/\/senoticias.com.br\/se\/wp-json\/wp\/v2\/comments?post=91041"}],"version-history":[{"count":0,"href":"https:\/\/senoticias.com.br\/se\/wp-json\/wp\/v2\/posts\/91041\/revisions"}],"wp:featuredmedia":[{"embeddable":true,"href":"https:\/\/senoticias.com.br\/se\/wp-json\/wp\/v2\/media\/91043"}],"wp:attachment":[{"href":"https:\/\/senoticias.com.br\/se\/wp-json\/wp\/v2\/media?parent=91041"}],"wp:term":[{"taxonomy":"category","embeddable":true,"href":"https:\/\/senoticias.com.br\/se\/wp-json\/wp\/v2\/categories?post=91041"},{"taxonomy":"post_tag","embeddable":true,"href":"https:\/\/senoticias.com.br\/se\/wp-json\/wp\/v2\/tags?post=91041"}],"curies":[{"name":"wp","href":"https:\/\/api.w.org\/{rel}","templated":true}]}}