{"id":91036,"date":"2016-04-24T13:59:23","date_gmt":"2016-04-24T16:59:23","guid":{"rendered":"http:\/\/senoticias.com.br\/se\/?p=91036"},"modified":"2016-04-25T12:14:05","modified_gmt":"2016-04-25T15:14:05","slug":"dois-irmaos-sao-assassinados-em-itabaiana","status":"publish","type":"post","link":"https:\/\/senoticias.com.br\/se\/dois-irmaos-sao-assassinados-em-itabaiana\/","title":{"rendered":"Dois irm\u00e3os s\u00e3o assassinados em Itabaiana"},"content":{"rendered":"<p style=\"text-align: justify;\"><em><strong>Por Iane Gois, Itnet<\/strong><\/em><\/p>\n<p style=\"text-align: justify;\">Em menos de 24h foram registradas outras duas mortes por arma de fogo no munic\u00edpio sergipano de Itabaiana. O crime aconteceu por volta das 5h20 deste domingo (24) nas imedia\u00e7\u00f5es da Pra\u00e7a Etelvino Mendon\u00e7a, \u00e1rea de lazer da cidade.<\/p>\n<div id=\"attachment_91037\" style=\"width: 609px\" class=\"wp-caption aligncenter\"><a href=\"http:\/\/senoticias.com.br\/se\/wp-content\/uploads\/2016\/04\/SENOTICIAS-IRMAOS-ASSASSINADOS-e1461516983333.jpg\"><img loading=\"lazy\" decoding=\"async\" aria-describedby=\"caption-attachment-91037\" class=\"size-full wp-image-91037\" alt=\"Dois irm\u00e3os assassinados em Itabaiana, em Itabaiana. (Foto: redes Sociais)\" src=\"http:\/\/senoticias.com.br\/se\/wp-content\/uploads\/2016\/04\/SENOTICIAS-IRMAOS-ASSASSINADOS-e1461516983333.jpg\" width=\"599\" height=\"449\" \/><\/a><p id=\"caption-attachment-91037\" class=\"wp-caption-text\">Dois irm\u00e3os assassinados em Itabaiana, em Itabaiana. (Foto: redes Sociais)<\/p><\/div>\n<p style=\"text-align: justify;\">De acordo com informa\u00e7\u00f5es obtidas atrav\u00e9s de contato com a pol\u00edcia militar que, por meio do 3\u00ba Batalh\u00e3o, atendeu \u00e0 ocorr\u00eancia, o incidente envolveu dois irm\u00e3os, ambos menores de idade, 16 e 17 anos, que estariam participando de uma festividade nas adjac\u00eancias.<\/p>\n<p style=\"text-align: justify;\">Em relato ao portal, o comandante da 4\u00aa Cia da referida unidade militar, capit\u00e3o PM Franco, falou que os jovens lanchavam na barraca de caldo de cana, quando um cidad\u00e3o se aproximou xingando umas das v\u00edtimas e j\u00e1 efetuou os disparos.<\/p>\n<p style=\"text-align: justify;\">&#8220;Uma testemunha ocular relatou que lanchavam no local da ocorr\u00eancia e que o algoz chegou chamando Wellington de veadinho, momento em que sacou a arma e atirou contra ele. Vendo a cena, o irm\u00e3o, de 17 anos de idade, tentou intervir e acabou sendo alvejado tamb\u00e9m&#8221;, narrou Franco.<\/p>\n<p style=\"text-align: justify;\">Populares apontaram que no momento da ocorr\u00eancia uma viatura fazia rondas na \u00e1rea, mas ainda assim n\u00e3o conseguiu capturar o infrator, que se evadiu em uma moto.<\/p>\n<p style=\"text-align: justify;\">A PM n\u00e3o soube precisar se os jovens possu\u00edam antecedentes criminais.<\/p>\n<p style=\"text-align: justify;\">*Por se tratar de menores de idade, a identidade das v\u00edtimas foram preservadas pela pol\u00edcia.<\/p>\n<p style=\"text-align: justify;\"><em><strong>Acompanhe tamb\u00e9m o SE Not\u00edcias no\u00a0<a href=\"https:\/\/twitter.com\/Senoticias\" target=\"_blank\">Twitter<\/a>,\u00a0<a href=\"https:\/\/www.facebook.com\/PortalSENoticias\/\" target=\"_blank\">Facebook\u00a0<\/a>e no\u00a0<a href=\"https:\/\/www.instagram.com\/senoticias\/\" target=\"_blank\">Instagram<\/a><\/strong><\/em><\/p>\n","protected":false},"excerpt":{"rendered":"<p>Por Iane Gois, Itnet Em menos de 24h foram registradas outras duas mortes por arma de fogo no munic\u00edpio sergipano de Itabaiana. O crime aconteceu por volta das 5h20 deste domingo (24) nas imedia\u00e7\u00f5es da Pra\u00e7a Etelvino Mendon\u00e7a, \u00e1rea de lazer da cidade. De acordo com informa\u00e7\u00f5es obtidas atrav\u00e9s de contato com a pol\u00edcia militar [&hellip;]<\/p>\n","protected":false},"author":3,"featured_media":91037,"comment_status":"closed","ping_status":"closed","sticky":false,"template":"","format":"standard","meta":{"footnotes":""},"categories":[7],"tags":[],"class_list":{"0":"post-91036","1":"post","2":"type-post","3":"status-publish","4":"format-standard","5":"has-post-thumbnail","7":"category-policia"},"_links":{"self":[{"href":"https:\/\/senoticias.com.br\/se\/wp-json\/wp\/v2\/posts\/91036"}],"collection":[{"href":"https:\/\/senoticias.com.br\/se\/wp-json\/wp\/v2\/posts"}],"about":[{"href":"https:\/\/senoticias.com.br\/se\/wp-json\/wp\/v2\/types\/post"}],"author":[{"embeddable":true,"href":"https:\/\/senoticias.com.br\/se\/wp-json\/wp\/v2\/users\/3"}],"replies":[{"embeddable":true,"href":"https:\/\/senoticias.com.br\/se\/wp-json\/wp\/v2\/comments?post=91036"}],"version-history":[{"count":0,"href":"https:\/\/senoticias.com.br\/se\/wp-json\/wp\/v2\/posts\/91036\/revisions"}],"wp:featuredmedia":[{"embeddable":true,"href":"https:\/\/senoticias.com.br\/se\/wp-json\/wp\/v2\/media\/91037"}],"wp:attachment":[{"href":"https:\/\/senoticias.com.br\/se\/wp-json\/wp\/v2\/media?parent=91036"}],"wp:term":[{"taxonomy":"category","embeddable":true,"href":"https:\/\/senoticias.com.br\/se\/wp-json\/wp\/v2\/categories?post=91036"},{"taxonomy":"post_tag","embeddable":true,"href":"https:\/\/senoticias.com.br\/se\/wp-json\/wp\/v2\/tags?post=91036"}],"curies":[{"name":"wp","href":"https:\/\/api.w.org\/{rel}","templated":true}]}}