{"id":91033,"date":"2016-04-24T10:48:43","date_gmt":"2016-04-24T13:48:43","guid":{"rendered":"http:\/\/senoticias.com.br\/se\/?p=91033"},"modified":"2016-04-25T13:38:30","modified_gmt":"2016-04-25T16:38:30","slug":"smtt-informa-alteracoes-no-transito-na-avenida-tancredo-neves","status":"publish","type":"post","link":"https:\/\/senoticias.com.br\/se\/smtt-informa-alteracoes-no-transito-na-avenida-tancredo-neves\/","title":{"rendered":"Prefeitura de Aracaju faz altera\u00e7\u00f5es no tr\u00e2nsito na Avenida Tancredo Neves"},"content":{"rendered":"<p style=\"text-align: justify;\">Sempre em constante busca para melhorar a mobilidade urbana da capital, a Superintend\u00eancia Municipal de Transportes e Tr\u00e2nsito (SMTT), informa mudan\u00e7as de circula\u00e7\u00e3o na Avenida Tancredo Neves, a partir das 9h, da pr\u00f3xima segunda-feira, dia 25 de abril,\u00a0nas proximidades do Conjunto Castelo Branco.<\/p>\n<div id=\"attachment_91034\" style=\"width: 609px\" class=\"wp-caption aligncenter\"><a href=\"http:\/\/senoticias.com.br\/se\/wp-content\/uploads\/2016\/04\/TR\u00c2NSITO-NA-AVENIDA-TANCREDO-NEVES-SER\u00c1-ALTERADO-e1461505770692.jpg\"><img loading=\"lazy\" decoding=\"async\" aria-describedby=\"caption-attachment-91034\" class=\"size-full wp-image-91034\" alt=\"SMTT), informa mudan\u00e7as de circula\u00e7\u00e3o na Avenida Tancredo Neves, a partir das 9h, da pr\u00f3xima segunda-feira, dia 25\" src=\"http:\/\/senoticias.com.br\/se\/wp-content\/uploads\/2016\/04\/TR\u00c2NSITO-NA-AVENIDA-TANCREDO-NEVES-SER\u00c1-ALTERADO-e1461505770692.jpg\" width=\"599\" height=\"424\" \/><\/a><p id=\"caption-attachment-91034\" class=\"wp-caption-text\">SMTT informa mudan\u00e7as de circula\u00e7\u00e3o na Avenida Tancredo Neves, a partir das 9h, da pr\u00f3xima segunda-feira, dia 25<\/p><\/div>\n<div id=\"yiv0010266869yui_3_16_0_ym19_1_1461331667539_4015\" style=\"text-align: justify;\"><br id=\"yiv0010266869yui_3_16_0_ym19_1_1461331667539_4018\" \/>As altera\u00e7\u00f5es visam melhorar o fluxo de ve\u00edculos, com a forma\u00e7\u00e3o de um sistema de cruzamento semaforizado. As mudan\u00e7as contribuir\u00e3o, para a mobilidade dos ve\u00edculos que transitam no local, dos moradores, empresas da regi\u00e3o e para o transporte coletivo que se utiliza da faixa exclusiva. Toda a sinaliza\u00e7\u00e3o vi\u00e1ria horizontal j\u00e1 foi revitalizada para orientar os condutores.<\/div>\n<div style=\"text-align: justify;\"><\/div>\n<div style=\"text-align: justify;\"><strong>Nova circula\u00e7\u00e3o<\/strong><\/div>\n<div id=\"yiv0010266869yui_3_16_0_ym19_1_1461331667539_4029\" style=\"text-align: justify;\"><\/div>\n<div id=\"yiv0010266869yui_3_16_0_ym19_1_1461331667539_4033\" style=\"text-align: justify;\">Para melhor escoamento de ve\u00edculos alguns retornos ser\u00e3o retirados, pois eles ocupavam uma faixa de rolamento. Com a nova regra de circula\u00e7\u00e3o o condutor que est\u00e1 na Avenida Tancredo Neves sentido DIA e deseja ir \u00e0 Avenida Jos\u00e9 Olino(ao lado da Petrobras) dever\u00e1 seguir at\u00e9 a Rua Jo\u00e3o G\u00e9niton da Costa(antes da \u201cToyolex\u201d) e fazer o la\u00e7o de quadra com a Rua Jo\u00e3o Ouro cruzando a Tancredo Neves para o sentido Zona Norte da capital.<\/div>\n<div id=\"yiv0010266869yui_3_16_0_ym19_1_1461331667539_4037\" style=\"text-align: justify;\"><\/div>\n<div id=\"yiv0010266869yui_3_16_0_ym19_1_1461331667539_4041\" style=\"text-align: justify;\">Quem est\u00e1 no sentido Rodovi\u00e1ria Nova e deseja retornar para o DIA, dever\u00e1 acessar a Rua Luciano Nascimento, paralela a Tancredo Neves, no Conjunto Castela Branco realizando a convers\u00e3o no novo cruzamento no sentido Zona Sul. Os sem\u00e1foros sincronizados permitir\u00e3o o cruzamento da via. O retorno em frente \u00e0 Maternidade Nossa Senhora de Lurdes e a Acadepol ser\u00e1 fechado permitindo o melhor fluxo de ve\u00edculos na regi\u00e3o.<\/div>\n<div id=\"yiv0010266869yui_3_16_0_ym19_1_1461331667539_4045\" style=\"text-align: justify;\">\u00a0<br id=\"yiv0010266869yui_3_16_0_ym19_1_1461331667539_4048\" \/>Durante 15 dias, per\u00edodo de adapta\u00e7\u00e3o das mudan\u00e7as, cerca de 10 agentes de tr\u00e2nsito estar\u00e3o diariamente orientando os condutores. Colabore e respeite as novas regras de sinaliza\u00e7\u00e3o e em caso de d\u00favidas, sugest\u00f5es e reclama\u00e7\u00f5es, ligue para o nosso Disque Tr\u00e2nsito \u2013 118.<\/div>\n<div style=\"text-align: justify;\"><\/div>\n<div style=\"text-align: justify;\"><em><strong>Acompanhe tamb\u00e9m o SE Not\u00edcias no\u00a0<a href=\"https:\/\/twitter.com\/Senoticias\" target=\"_blank\">Twitter<\/a>,\u00a0<a href=\"https:\/\/www.facebook.com\/PortalSENoticias\/\" target=\"_blank\">Facebook\u00a0<\/a>e no\u00a0<a href=\"https:\/\/www.instagram.com\/senoticias\/\" target=\"_blank\">Instagram<\/a><\/strong><\/em><\/div>\n<div style=\"text-align: justify;\"><\/div>\n<div style=\"text-align: justify;\"><em><strong>Informa\u00e7\u00f5es da SMTT<\/strong><\/em><\/div>\n","protected":false},"excerpt":{"rendered":"<p>Sempre em constante busca para melhorar a mobilidade urbana da capital, a Superintend\u00eancia Municipal de Transportes e Tr\u00e2nsito (SMTT), informa mudan\u00e7as de circula\u00e7\u00e3o na Avenida Tancredo Neves, a partir das 9h, da pr\u00f3xima segunda-feira, dia 25 de abril,\u00a0nas proximidades do Conjunto Castelo Branco. As altera\u00e7\u00f5es visam melhorar o fluxo de ve\u00edculos, com a forma\u00e7\u00e3o de [&hellip;]<\/p>\n","protected":false},"author":1,"featured_media":91034,"comment_status":"closed","ping_status":"closed","sticky":false,"template":"","format":"standard","meta":{"footnotes":""},"categories":[6],"tags":[],"class_list":{"0":"post-91033","1":"post","2":"type-post","3":"status-publish","4":"format-standard","5":"has-post-thumbnail","7":"category-politica"},"_links":{"self":[{"href":"https:\/\/senoticias.com.br\/se\/wp-json\/wp\/v2\/posts\/91033"}],"collection":[{"href":"https:\/\/senoticias.com.br\/se\/wp-json\/wp\/v2\/posts"}],"about":[{"href":"https:\/\/senoticias.com.br\/se\/wp-json\/wp\/v2\/types\/post"}],"author":[{"embeddable":true,"href":"https:\/\/senoticias.com.br\/se\/wp-json\/wp\/v2\/users\/1"}],"replies":[{"embeddable":true,"href":"https:\/\/senoticias.com.br\/se\/wp-json\/wp\/v2\/comments?post=91033"}],"version-history":[{"count":0,"href":"https:\/\/senoticias.com.br\/se\/wp-json\/wp\/v2\/posts\/91033\/revisions"}],"wp:featuredmedia":[{"embeddable":true,"href":"https:\/\/senoticias.com.br\/se\/wp-json\/wp\/v2\/media\/91034"}],"wp:attachment":[{"href":"https:\/\/senoticias.com.br\/se\/wp-json\/wp\/v2\/media?parent=91033"}],"wp:term":[{"taxonomy":"category","embeddable":true,"href":"https:\/\/senoticias.com.br\/se\/wp-json\/wp\/v2\/categories?post=91033"},{"taxonomy":"post_tag","embeddable":true,"href":"https:\/\/senoticias.com.br\/se\/wp-json\/wp\/v2\/tags?post=91033"}],"curies":[{"name":"wp","href":"https:\/\/api.w.org\/{rel}","templated":true}]}}