{"id":90989,"date":"2016-04-22T08:49:18","date_gmt":"2016-04-22T11:49:18","guid":{"rendered":"http:\/\/senoticias.com.br\/se\/?p=90989"},"modified":"2016-04-22T08:49:18","modified_gmt":"2016-04-22T11:49:18","slug":"iml-registra-nove-corpos-no-plantao-de-24-horas-em-sergipe","status":"publish","type":"post","link":"https:\/\/senoticias.com.br\/se\/iml-registra-nove-corpos-no-plantao-de-24-horas-em-sergipe\/","title":{"rendered":"IML registra nove corpos no plant\u00e3o de 24 horas em Sergipe"},"content":{"rendered":"<p style=\"text-align: justify;\">O Instituto M\u00e9dico Legal (IML) registrou nove corpos, todos do sexo masculinos, no plant\u00e3o de 24 horas encerrado na manh\u00e3 desta sexta-feira (22) em Sergipe. Um homem sem identifica\u00e7\u00e3o foi v\u00edtima de descarga el\u00e9trica na Avenida Gon\u00e7alo Prado Rolemberg, no Centro de Aracaju.<\/p>\n<div id=\"attachment_21098\" style=\"width: 510px\" class=\"wp-caption aligncenter\"><a href=\"http:\/\/senoticias.com.br\/se\/wp-content\/uploads\/2011\/12\/IML.jpg\"><img loading=\"lazy\" decoding=\"async\" aria-describedby=\"caption-attachment-21098\" class=\"size-full wp-image-21098\" alt=\" (Foto: Divulga\u00e7\u00e3o)\" src=\"http:\/\/senoticias.com.br\/se\/wp-content\/uploads\/2011\/12\/IML.jpg\" width=\"500\" height=\"375\" srcset=\"https:\/\/senoticias.com.br\/se\/wp-content\/uploads\/2011\/12\/IML.jpg 500w, https:\/\/senoticias.com.br\/se\/wp-content\/uploads\/2011\/12\/IML-300x225.jpg 300w, https:\/\/senoticias.com.br\/se\/wp-content\/uploads\/2011\/12\/IML-342x256.jpg 342w, https:\/\/senoticias.com.br\/se\/wp-content\/uploads\/2011\/12\/IML-60x45.jpg 60w, https:\/\/senoticias.com.br\/se\/wp-content\/uploads\/2011\/12\/IML-150x113.jpg 150w, https:\/\/senoticias.com.br\/se\/wp-content\/uploads\/2011\/12\/IML-269x201.jpg 269w\" sizes=\"(max-width: 500px) 100vw, 500px\" \/><\/a><p id=\"caption-attachment-21098\" class=\"wp-caption-text\">(Foto: Divulga\u00e7\u00e3o)<\/p><\/div>\n<p style=\"text-align: justify;\">Tr\u00eas, dos quatro homic\u00eddios por arma de fogo, aconteceram na capital e um no munic\u00edpio de Riachuelo. H\u00e1 uma morte por afogamento pr\u00f3ximo ao Mercado Municipal Albano Franco, no Centro de Aracaju.<\/p>\n<p style=\"text-align: justify;\">Em Sim\u00e3o Dias, um acidente deixou uma v\u00edtima na SE-361 no Povoado Cara\u00edba. Um idoso de 77 anos tamb\u00e9m foi atropelado por um carro na Avenida Coletora, no Povoado Tai\u00e7oca, em Nossa Senhora do Socorro. Um homem de 45 anos morreu em decorr\u00eancia de uma queda de moto no Conjunto Augusto Franco, na capital.<\/p>\n<p style=\"text-align: justify;\"><strong>Acompanhe tamb\u00e9m o SE Not\u00edcias no <a href=\"https:\/\/twitter.com\/Senoticias\" target=\"_blank\">Twitter<\/a>, <a href=\"https:\/\/www.facebook.com\/PortalSENoticias\/\" target=\"_blank\">Facebook <\/a>e no <a href=\"https:\/\/www.instagram.com\/senoticias\/\" target=\"_blank\">Instagram<\/a><\/strong><\/p>\n<p style=\"text-align: justify;\"><strong>Fonte: G1 Sergipe<\/strong><\/p>\n","protected":false},"excerpt":{"rendered":"<p>O Instituto M\u00e9dico Legal (IML) registrou nove corpos, todos do sexo masculinos, no plant\u00e3o de 24 horas encerrado na manh\u00e3 desta sexta-feira (22) em Sergipe. Um homem sem identifica\u00e7\u00e3o foi v\u00edtima de descarga el\u00e9trica na Avenida Gon\u00e7alo Prado Rolemberg, no Centro de Aracaju. Tr\u00eas, dos quatro homic\u00eddios por arma de fogo, aconteceram na capital e [&hellip;]<\/p>\n","protected":false},"author":1,"featured_media":21098,"comment_status":"closed","ping_status":"closed","sticky":false,"template":"","format":"standard","meta":{"footnotes":""},"categories":[7],"tags":[],"class_list":{"0":"post-90989","1":"post","2":"type-post","3":"status-publish","4":"format-standard","5":"has-post-thumbnail","7":"category-policia"},"_links":{"self":[{"href":"https:\/\/senoticias.com.br\/se\/wp-json\/wp\/v2\/posts\/90989"}],"collection":[{"href":"https:\/\/senoticias.com.br\/se\/wp-json\/wp\/v2\/posts"}],"about":[{"href":"https:\/\/senoticias.com.br\/se\/wp-json\/wp\/v2\/types\/post"}],"author":[{"embeddable":true,"href":"https:\/\/senoticias.com.br\/se\/wp-json\/wp\/v2\/users\/1"}],"replies":[{"embeddable":true,"href":"https:\/\/senoticias.com.br\/se\/wp-json\/wp\/v2\/comments?post=90989"}],"version-history":[{"count":0,"href":"https:\/\/senoticias.com.br\/se\/wp-json\/wp\/v2\/posts\/90989\/revisions"}],"wp:featuredmedia":[{"embeddable":true,"href":"https:\/\/senoticias.com.br\/se\/wp-json\/wp\/v2\/media\/21098"}],"wp:attachment":[{"href":"https:\/\/senoticias.com.br\/se\/wp-json\/wp\/v2\/media?parent=90989"}],"wp:term":[{"taxonomy":"category","embeddable":true,"href":"https:\/\/senoticias.com.br\/se\/wp-json\/wp\/v2\/categories?post=90989"},{"taxonomy":"post_tag","embeddable":true,"href":"https:\/\/senoticias.com.br\/se\/wp-json\/wp\/v2\/tags?post=90989"}],"curies":[{"name":"wp","href":"https:\/\/api.w.org\/{rel}","templated":true}]}}