{"id":90509,"date":"2016-04-08T15:04:02","date_gmt":"2016-04-08T18:04:02","guid":{"rendered":"http:\/\/senoticias.com.br\/se\/?p=90509"},"modified":"2016-04-10T15:44:56","modified_gmt":"2016-04-10T18:44:56","slug":"policia-prende-em-flagrante-autor-de-tentativa-de-homicidio-contra-vereador","status":"publish","type":"post","link":"https:\/\/senoticias.com.br\/se\/policia-prende-em-flagrante-autor-de-tentativa-de-homicidio-contra-vereador\/","title":{"rendered":"Pol\u00edcia prende em flagrante autor de tentativa de homic\u00eddio contra vereador"},"content":{"rendered":"<p style=\"text-align: justify;\">Nesta sexta-feira, 8, a pol\u00edcia sergipana prendeu em flagrante Edemir dos Santos Alves, conhecido como &#8220;Cego&#8221;, ap\u00f3s tentativa de homic\u00eddio contra o vereador do munic\u00edpio de Pedrinhas, Edivan dos Reis Santos. O flagrante foi registrado na cidade de Boquim pelo delegado Eurico Nascimento.<\/p>\n<div id=\"attachment_90510\" style=\"width: 498px\" class=\"wp-caption aligncenter\"><a href=\"http:\/\/senoticias.com.br\/se\/wp-content\/uploads\/2016\/04\/SENOTICIAS-SSP.jpeg\"><img loading=\"lazy\" decoding=\"async\" aria-describedby=\"caption-attachment-90510\" class=\"size-full wp-image-90510\" alt=\"Edemir dos Santos Alves, conhecido como &quot;Cego&quot;. foi preso em flagrante. (Foto: SSP\/SE)\" src=\"http:\/\/senoticias.com.br\/se\/wp-content\/uploads\/2016\/04\/SENOTICIAS-SSP.jpeg\" width=\"488\" height=\"380\" srcset=\"https:\/\/senoticias.com.br\/se\/wp-content\/uploads\/2016\/04\/SENOTICIAS-SSP.jpeg 488w, https:\/\/senoticias.com.br\/se\/wp-content\/uploads\/2016\/04\/SENOTICIAS-SSP-300x233.jpeg 300w, https:\/\/senoticias.com.br\/se\/wp-content\/uploads\/2016\/04\/SENOTICIAS-SSP-342x266.jpeg 342w\" sizes=\"(max-width: 488px) 100vw, 488px\" \/><\/a><p id=\"caption-attachment-90510\" class=\"wp-caption-text\">Edemir dos Santos Alves, conhecido como &#8220;Cego&#8221;. foi preso em flagrante. (Foto: SSP\/SE)<\/p><\/div>\n<p style=\"text-align: justify;\">Em Pedrinhas, de acordo com o termo de declara\u00e7\u00f5es da v\u00edtima, o vereador estava em companhia de jovens em um estabelecimento comercial, quando um indiv\u00edduo conhecido como &#8220;Caguito&#8221; exigiu que ele comprasse bebida alco\u00f3lica para o mesmo. &#8220;Na recusa da compra, &#8216;Caguito&#8217; pegou uma arma branca na cintura e tentou desferir golpes de faca no rosto da v\u00edtima. Na tentativa de lesionar o vereador, acabou escorregando, momento em que Edivan tentou pegar a arma, mas foi surpreendido pelo preso Edemir, que segurou seu bra\u00e7o e fez men\u00e7\u00e3o de puxar uma arma de fogo&#8221;, detalha o delegado Eurico Nascimento.<\/p>\n<p>No desfecho da hist\u00f3ria, &#8220;Caguito&#8221; cravou a faca no ombro do vereador e fugiu. J\u00e1 &#8220;Cego&#8221;, n\u00e3o obteve \u00eaxito na a\u00e7\u00e3o e foi preso pela pol\u00edcia.<\/p>\n<p style=\"text-align: justify;\"><strong>Acompanhe o SE Not\u00edcias no\u00a0<a href=\"https:\/\/twitter.com\/Senoticias\" target=\"_blank\">Twitter<\/a>,<a href=\"https:\/\/www.instagram.com\/senoticias\/\" target=\"_blank\">\u00a0Instagram\u00a0<\/a>e no\u00a0<a href=\"https:\/\/www.facebook.com\/senoticias1\" target=\"_blank\">Facebook<\/a><\/strong><\/p>\n<p style=\"text-align: justify;\"><strong><em>Informa\u00e7\u00f5es da SSP\/SE<\/em><\/strong><\/p>\n","protected":false},"excerpt":{"rendered":"<p>Nesta sexta-feira, 8, a pol\u00edcia sergipana prendeu em flagrante Edemir dos Santos Alves, conhecido como &#8220;Cego&#8221;, ap\u00f3s tentativa de homic\u00eddio contra o vereador do munic\u00edpio de Pedrinhas, Edivan dos Reis Santos. O flagrante foi registrado na cidade de Boquim pelo delegado Eurico Nascimento. Em Pedrinhas, de acordo com o termo de declara\u00e7\u00f5es da v\u00edtima, o [&hellip;]<\/p>\n","protected":false},"author":1,"featured_media":90510,"comment_status":"closed","ping_status":"closed","sticky":false,"template":"","format":"standard","meta":{"footnotes":""},"categories":[15,7],"tags":[],"class_list":{"0":"post-90509","1":"post","2":"type-post","3":"status-publish","4":"format-standard","5":"has-post-thumbnail","7":"category-destaques","8":"category-policia"},"_links":{"self":[{"href":"https:\/\/senoticias.com.br\/se\/wp-json\/wp\/v2\/posts\/90509"}],"collection":[{"href":"https:\/\/senoticias.com.br\/se\/wp-json\/wp\/v2\/posts"}],"about":[{"href":"https:\/\/senoticias.com.br\/se\/wp-json\/wp\/v2\/types\/post"}],"author":[{"embeddable":true,"href":"https:\/\/senoticias.com.br\/se\/wp-json\/wp\/v2\/users\/1"}],"replies":[{"embeddable":true,"href":"https:\/\/senoticias.com.br\/se\/wp-json\/wp\/v2\/comments?post=90509"}],"version-history":[{"count":0,"href":"https:\/\/senoticias.com.br\/se\/wp-json\/wp\/v2\/posts\/90509\/revisions"}],"wp:featuredmedia":[{"embeddable":true,"href":"https:\/\/senoticias.com.br\/se\/wp-json\/wp\/v2\/media\/90510"}],"wp:attachment":[{"href":"https:\/\/senoticias.com.br\/se\/wp-json\/wp\/v2\/media?parent=90509"}],"wp:term":[{"taxonomy":"category","embeddable":true,"href":"https:\/\/senoticias.com.br\/se\/wp-json\/wp\/v2\/categories?post=90509"},{"taxonomy":"post_tag","embeddable":true,"href":"https:\/\/senoticias.com.br\/se\/wp-json\/wp\/v2\/tags?post=90509"}],"curies":[{"name":"wp","href":"https:\/\/api.w.org\/{rel}","templated":true}]}}