{"id":90473,"date":"2016-04-08T09:29:06","date_gmt":"2016-04-08T12:29:06","guid":{"rendered":"http:\/\/senoticias.com.br\/se\/?p=90473"},"modified":"2016-04-10T09:26:14","modified_gmt":"2016-04-10T12:26:14","slug":"construtora-uniao-lanca-mais-um-empreendimento-no-grande-rosa-elze","status":"publish","type":"post","link":"https:\/\/senoticias.com.br\/se\/construtora-uniao-lanca-mais-um-empreendimento-no-grande-rosa-elze\/","title":{"rendered":"Construtora Uni\u00e3o lan\u00e7a mais um empreendimento no Grande Rosa Elze"},"content":{"rendered":"<p>&nbsp;<\/p>\n<p style=\"text-align: justify;\">Uma das regi\u00f5es de maior crescimento na Grande Aracaju vai ganhar em breve um novo empreendimento de alto padr\u00e3o. O Conjunto Eduardo Gomes foi o escolhido pela Uni\u00e3o para receber o\u00a0Doce Vida Acqua\u00a0Residencial, um condom\u00ednio com quatro torres e completa \u00e1rea de lazer, e equipada com piscina adulto e infantil com prainha e tobo\u00e1gua, 2 parques infantis, play baby, academia e academia ao ar livre, sal\u00e3o de festas com churrasqueira e mais duas churrasqueiras para apoio, pista de cooper, sal\u00e3o de jogos e brinquedoteca.<\/p>\n<p style=\"text-align: justify;\">&#8220;O\u00a0empreendimento est\u00e1 em uma \u00e1rea que vem se valorizando muito no Grande Rosa Elze e tem a vantagem de estar a 5 minutos da UFS, Sergipe Parq Tec, N\u00facleo de Petr\u00f3leo e G\u00e1s da UFS e do F\u00f3rum Gon\u00e7alo Rollemberg Leite, localizado na Universidade Federal de Sergipe&#8221;,\u00a0explica\u00a0o Coordenador de Vendas da imobili\u00e1ria <strong><a href=\"http:\/\/www.centuryimobiliaria.com.br\/empreendimento\/2767\/doce-vida-acqua.html\" target=\"_blank\">Century Imobili\u00e1ria<\/a>, Lucas Santana<\/strong>.<\/p>\n<p style=\"text-align: justify;\">Destacando-se por ser o maior condom\u00ednio vertical da regi\u00e3o, sua estrutura \u00e9 formada por 4 torres com 8 pavimentos e\u00a0apartamentos com at\u00e9 61 m\u00b2, 2 ou 3 quartos, com op\u00e7\u00e3o de SU\u00cdTE e varanda, e plantas adaptadas para PNE.<\/p>\n<div id=\"attachment_90476\" style=\"width: 608px\" class=\"wp-caption aligncenter\"><a href=\"http:\/\/senoticias.com.br\/se\/wp-content\/uploads\/2016\/04\/SENOTICIAS-DOCE-VIDA-e1460117958914.jpg\"><img loading=\"lazy\" decoding=\"async\" aria-describedby=\"caption-attachment-90476\" class=\"size-full wp-image-90476\" alt=\"Condom\u00ednio Doce Vida Acqua Residencial. Localizado na Rodovia Jo\u00e3o Bebe \u00c1gua\" src=\"http:\/\/senoticias.com.br\/se\/wp-content\/uploads\/2016\/04\/SENOTICIAS-DOCE-VIDA-e1460117958914.jpg\" width=\"598\" height=\"299\" \/><\/a><p id=\"caption-attachment-90476\" class=\"wp-caption-text\">Condom\u00ednio Doce Vida Acqua Residencial, ser\u00e1 erguido \u00a0na Rodovia Jo\u00e3o Bebe \u00c1gua (ap\u00f3s \u00a0a entrada do Eduardo Gomes)<\/p><\/div>\n<p style=\"text-align: justify;\"><a href=\"http:\/\/www.centuryimobiliaria.com.br\/empreendimento\/2767\/doce-vida-acqua.html\" target=\"_blank\"><strong>Clique AQUI e veja a galeria de fotos e condi\u00e7\u00f5es<\/strong><\/a><\/p>\n<p style=\"text-align: justify;\"><strong>Acompanhe o SENot\u00edcias no\u00a0<a href=\"https:\/\/twitter.com\/Senoticias\" target=\"_blank\">Twitter<\/a>,\u00a0<a href=\"https:\/\/www.instagram.com\/senoticias\/\" target=\"_blank\">Instagram\u00a0<\/a>e no\u00a0<a href=\"https:\/\/www.facebook.com\/PortalSENoticias\/\" target=\"_blank\">Facebook<\/a>\u00a0<\/strong><\/p>\n<p style=\"text-align: justify;\">\n","protected":false},"excerpt":{"rendered":"<p>&nbsp; Uma das regi\u00f5es de maior crescimento na Grande Aracaju vai ganhar em breve um novo empreendimento de alto padr\u00e3o. O Conjunto Eduardo Gomes foi o escolhido pela Uni\u00e3o para receber o\u00a0Doce Vida Acqua\u00a0Residencial, um condom\u00ednio com quatro torres e completa \u00e1rea de lazer, e equipada com piscina adulto e infantil com prainha e tobo\u00e1gua, [&hellip;]<\/p>\n","protected":false},"author":1,"featured_media":90476,"comment_status":"closed","ping_status":"closed","sticky":false,"template":"","format":"standard","meta":{"footnotes":""},"categories":[38,6],"tags":[],"class_list":{"0":"post-90473","1":"post","2":"type-post","3":"status-publish","4":"format-standard","5":"has-post-thumbnail","7":"category-municipios","8":"category-politica"},"_links":{"self":[{"href":"https:\/\/senoticias.com.br\/se\/wp-json\/wp\/v2\/posts\/90473"}],"collection":[{"href":"https:\/\/senoticias.com.br\/se\/wp-json\/wp\/v2\/posts"}],"about":[{"href":"https:\/\/senoticias.com.br\/se\/wp-json\/wp\/v2\/types\/post"}],"author":[{"embeddable":true,"href":"https:\/\/senoticias.com.br\/se\/wp-json\/wp\/v2\/users\/1"}],"replies":[{"embeddable":true,"href":"https:\/\/senoticias.com.br\/se\/wp-json\/wp\/v2\/comments?post=90473"}],"version-history":[{"count":0,"href":"https:\/\/senoticias.com.br\/se\/wp-json\/wp\/v2\/posts\/90473\/revisions"}],"wp:featuredmedia":[{"embeddable":true,"href":"https:\/\/senoticias.com.br\/se\/wp-json\/wp\/v2\/media\/90476"}],"wp:attachment":[{"href":"https:\/\/senoticias.com.br\/se\/wp-json\/wp\/v2\/media?parent=90473"}],"wp:term":[{"taxonomy":"category","embeddable":true,"href":"https:\/\/senoticias.com.br\/se\/wp-json\/wp\/v2\/categories?post=90473"},{"taxonomy":"post_tag","embeddable":true,"href":"https:\/\/senoticias.com.br\/se\/wp-json\/wp\/v2\/tags?post=90473"}],"curies":[{"name":"wp","href":"https:\/\/api.w.org\/{rel}","templated":true}]}}