{"id":90470,"date":"2016-04-08T06:41:33","date_gmt":"2016-04-08T09:41:33","guid":{"rendered":"http:\/\/senoticias.com.br\/se\/?p=90470"},"modified":"2016-04-08T19:46:16","modified_gmt":"2016-04-08T22:46:16","slug":"em-itabaiana-policia-civil-prende-suspeito-de-roubar-pneus-de-carreta-no-piaui","status":"publish","type":"post","link":"https:\/\/senoticias.com.br\/se\/em-itabaiana-policia-civil-prende-suspeito-de-roubar-pneus-de-carreta-no-piaui\/","title":{"rendered":"Em Itabaiana, Pol\u00edcia Civil prende suspeito de roubar pneus de carreta no Piau\u00ed"},"content":{"rendered":"<div id=\"attachment_90471\" style=\"width: 395px\" class=\"wp-caption alignright\"><a href=\"http:\/\/senoticias.com.br\/se\/wp-content\/uploads\/2016\/04\/SENOTICIAS-COPE1.jpg\"><img loading=\"lazy\" decoding=\"async\" aria-describedby=\"caption-attachment-90471\" class=\"size-full wp-image-90471\" alt=\"Suspeito Alan David Silva Oliveira, 26 anos. (Foto: Pol\u00edcia Civil)\" src=\"http:\/\/senoticias.com.br\/se\/wp-content\/uploads\/2016\/04\/SENOTICIAS-COPE1.jpg\" width=\"385\" height=\"380\" srcset=\"https:\/\/senoticias.com.br\/se\/wp-content\/uploads\/2016\/04\/SENOTICIAS-COPE1.jpg 385w, https:\/\/senoticias.com.br\/se\/wp-content\/uploads\/2016\/04\/SENOTICIAS-COPE1-300x296.jpg 300w, https:\/\/senoticias.com.br\/se\/wp-content\/uploads\/2016\/04\/SENOTICIAS-COPE1-50x50.jpg 50w, https:\/\/senoticias.com.br\/se\/wp-content\/uploads\/2016\/04\/SENOTICIAS-COPE1-342x337.jpg 342w, https:\/\/senoticias.com.br\/se\/wp-content\/uploads\/2016\/04\/SENOTICIAS-COPE1-70x70.jpg 70w, https:\/\/senoticias.com.br\/se\/wp-content\/uploads\/2016\/04\/SENOTICIAS-COPE1-55x55.jpg 55w\" sizes=\"(max-width: 385px) 100vw, 385px\" \/><\/a><p id=\"caption-attachment-90471\" class=\"wp-caption-text\">Suspeito Alan David Silva Oliveira, 26 anos. (Foto: Pol\u00edcia Civil)<\/p><\/div>\n<p style=\"text-align: justify;\">Policiais civis de Sergipe, por meio do Complexo de Opera\u00e7\u00f5es Policiais Especiais (Cope), efetuaram na manh\u00e3 dessa quarta-feira, 6, a pris\u00e3o de Alan David Silva Oliveira, 26, no povoado Terra Dura, munic\u00edpio de Itabaiana. Os crimes imputados a ele s\u00e3o roubo majorado e associa\u00e7\u00e3o criminosa.<\/p>\n<p style=\"text-align: justify;\">Em abril de 2015, o suspeito havia sido flagrado, juntamente com mais dois homens procedentes de Itabaianinha, roubando pneus de uma carreta no munic\u00edpio de Uru\u00e7u\u00ed, estado do Piau\u00ed. A Comarca desse munic\u00edpio expediu um mandado de pris\u00e3o definitivo em desfavor de Alan que foi cumprido pelo Cope na manh\u00e3 dessa quarta-feira.<\/p>\n<p style=\"text-align: justify;\">Alan se encontrava escondido na resid\u00eancia de familiares, no povoado Terra Dura, em Itabaiana. Ele foi condenado a cumprir uma pena de nove anos e seis meses de pris\u00e3o. A Pol\u00edcia Civil de Sergipe investiga a eventual participa\u00e7\u00e3o do trio em roubos de carga e de pneus de caminh\u00e3o no estado de Sergipe.<\/p>\n<p style=\"text-align: justify;\"><strong>Acompanhe o SE Not\u00edcias no\u00a0<a href=\"https:\/\/twitter.com\/Senoticias\" target=\"_blank\">Twitter<\/a>,\u00a0<a href=\"https:\/\/www.instagram.com\/senoticias\/\" target=\"_blank\">Instagram<\/a>\u00a0e no\u00a0<a href=\"https:\/\/www.facebook.com\/senoticias1\" target=\"_blank\">Facebook.<\/a><\/strong><\/p>\n<p style=\"text-align: justify;\"><strong><em>Informa\u00e7\u00f5es da SSP\/SE<\/em><\/strong><\/p>\n","protected":false},"excerpt":{"rendered":"<p>Policiais civis de Sergipe, por meio do Complexo de Opera\u00e7\u00f5es Policiais Especiais (Cope), efetuaram na manh\u00e3 dessa quarta-feira, 6, a pris\u00e3o de Alan David Silva Oliveira, 26, no povoado Terra Dura, munic\u00edpio de Itabaiana. Os crimes imputados a ele s\u00e3o roubo majorado e associa\u00e7\u00e3o criminosa. Em abril de 2015, o suspeito havia sido flagrado, juntamente [&hellip;]<\/p>\n","protected":false},"author":1,"featured_media":90471,"comment_status":"closed","ping_status":"closed","sticky":false,"template":"","format":"standard","meta":{"footnotes":""},"categories":[7],"tags":[],"class_list":{"0":"post-90470","1":"post","2":"type-post","3":"status-publish","4":"format-standard","5":"has-post-thumbnail","7":"category-policia"},"_links":{"self":[{"href":"https:\/\/senoticias.com.br\/se\/wp-json\/wp\/v2\/posts\/90470"}],"collection":[{"href":"https:\/\/senoticias.com.br\/se\/wp-json\/wp\/v2\/posts"}],"about":[{"href":"https:\/\/senoticias.com.br\/se\/wp-json\/wp\/v2\/types\/post"}],"author":[{"embeddable":true,"href":"https:\/\/senoticias.com.br\/se\/wp-json\/wp\/v2\/users\/1"}],"replies":[{"embeddable":true,"href":"https:\/\/senoticias.com.br\/se\/wp-json\/wp\/v2\/comments?post=90470"}],"version-history":[{"count":0,"href":"https:\/\/senoticias.com.br\/se\/wp-json\/wp\/v2\/posts\/90470\/revisions"}],"wp:featuredmedia":[{"embeddable":true,"href":"https:\/\/senoticias.com.br\/se\/wp-json\/wp\/v2\/media\/90471"}],"wp:attachment":[{"href":"https:\/\/senoticias.com.br\/se\/wp-json\/wp\/v2\/media?parent=90470"}],"wp:term":[{"taxonomy":"category","embeddable":true,"href":"https:\/\/senoticias.com.br\/se\/wp-json\/wp\/v2\/categories?post=90470"},{"taxonomy":"post_tag","embeddable":true,"href":"https:\/\/senoticias.com.br\/se\/wp-json\/wp\/v2\/tags?post=90470"}],"curies":[{"name":"wp","href":"https:\/\/api.w.org\/{rel}","templated":true}]}}