{"id":90459,"date":"2016-04-07T19:52:03","date_gmt":"2016-04-07T22:52:03","guid":{"rendered":"http:\/\/senoticias.com.br\/se\/?p=90459"},"modified":"2016-04-07T23:46:27","modified_gmt":"2016-04-08T02:46:27","slug":"a-prioridade-de-conte-e-manter-diego-costa-no-chelsea","status":"publish","type":"post","link":"https:\/\/senoticias.com.br\/se\/a-prioridade-de-conte-e-manter-diego-costa-no-chelsea\/","title":{"rendered":"Novo t\u00e9cnico do Chelsea quer manter Diego Costa"},"content":{"rendered":"<div id=\"attachment_90468\" style=\"width: 360px\" class=\"wp-caption alignright\"><a href=\"http:\/\/senoticias.com.br\/se\/wp-content\/uploads\/2016\/04\/Diego-costa.jpg\"><img loading=\"lazy\" decoding=\"async\" aria-describedby=\"caption-attachment-90468\" class=\"size-full wp-image-90468\" alt=\"Al\u00e9m da manuten\u00e7\u00e3o do centroavante, o Chelsea deve comprar mais um jogador para a posi\u00e7\u00e3o. (Foto: John Sibley \/ Reuters)\" src=\"http:\/\/senoticias.com.br\/se\/wp-content\/uploads\/2016\/04\/Diego-costa.jpg\" width=\"350\" height=\"350\" srcset=\"https:\/\/senoticias.com.br\/se\/wp-content\/uploads\/2016\/04\/Diego-costa.jpg 350w, https:\/\/senoticias.com.br\/se\/wp-content\/uploads\/2016\/04\/Diego-costa-150x150.jpg 150w, https:\/\/senoticias.com.br\/se\/wp-content\/uploads\/2016\/04\/Diego-costa-300x300.jpg 300w, https:\/\/senoticias.com.br\/se\/wp-content\/uploads\/2016\/04\/Diego-costa-50x50.jpg 50w, https:\/\/senoticias.com.br\/se\/wp-content\/uploads\/2016\/04\/Diego-costa-342x342.jpg 342w, https:\/\/senoticias.com.br\/se\/wp-content\/uploads\/2016\/04\/Diego-costa-70x70.jpg 70w, https:\/\/senoticias.com.br\/se\/wp-content\/uploads\/2016\/04\/Diego-costa-55x55.jpg 55w\" sizes=\"(max-width: 350px) 100vw, 350px\" \/><\/a><p id=\"caption-attachment-90468\" class=\"wp-caption-text\">Al\u00e9m da manuten\u00e7\u00e3o do centroavante, o Chelsea deve comprar mais um jogador para a posi\u00e7\u00e3o. (Foto: John Sibley \/ Reuters)<\/p><\/div>\n<p style=\"text-align: justify;\">Anunciado oficialmente na segunda-feira como novo t\u00e9cnico do Chelsea depois da Eurocopa, o t\u00e9cnico <strong><em>Antonio Conte<\/em><\/strong>, atualmente na sele\u00e7\u00e3o italiana, n\u00e3o conta com Alexandre Pato na pr\u00f3xima temporada. \u00c9 o que garante o jornal ingl\u00eas &#8220;Daily Mail&#8221; nesta ter\u00e7a-feira.<\/p>\n<p style=\"text-align: justify;\">De acordo com o di\u00e1rio, a prioridade de Conte \u00e9 manter <strong><em>Diego Costa<\/em><\/strong>, que estaria insatisfeito no clube. O &#8220;Daily Mail&#8221; diz que Falcao Garcia, Loic Remy e Pato est\u00e3o fora dos planos do italiano para o ataque dos Blues.<\/p>\n<p style=\"text-align: justify;\">Os contratos de empr\u00e9stimo de Falcao e Pato acabam no final da temporada. Segundo a reportagem, o clube ingl\u00eas n\u00e3o pretende renovar com o colombiano e o brasileiro. J\u00e1 Remy dever\u00e1 ser vendido. Pato estreou pelo time s\u00f3 no \u00faltimo s\u00e1bado, ap\u00f3s 60 dias sem ser utilizado pelo t\u00e9cnico Guus Hiddink.<\/p>\n<p style=\"text-align: justify;\">O brasileiro entrou no primeiro tempo, no lugar de Remy, e marcou um gol de p\u00eanalti na vit\u00f3ria de 4 a 0 sobre o Aston Villa.<\/p>\n<p style=\"text-align: justify;\">&#8211; Eu fiquei muito surpreso porque o treinador falou: &#8220;Pato, entra&#8221;. Eu marquei um gol e meu time venceu, ent\u00e3o foi um \u00f3timo dia. Estou muito feliz, um dia perfeito &#8211; disse o atacante, emprestado pelo Corinthians, ao canal oficial do Chelsea.<\/p>\n<p style=\"text-align: justify;\">Sem Pato, Falcao e Remy nos planos para 2016\/2017, a prioridade de Conte seria convencer <strong><em>Diego Costa<\/em><\/strong> a n\u00e3o deixar os Blues. Por\u00e9m, se o brasileiro naturalizado espanhol realmente sair, o italiano ter\u00e1 que contratar um centroavante. O &#8220;Daily Mail&#8221; especula tr\u00eas nomes: Cavani, do Paris Saint-Germain, Higua\u00edn, do Napoli, e Lukaku, do Everton.<\/p>\n<p style=\"text-align: justify;\"><strong>Acompanhe o SE Not\u00edcias no <a href=\"https:\/\/twitter.com\/Senoticias\" target=\"_blank\">Twitter<\/a>, <a href=\"https:\/\/www.instagram.com\/senoticias\/\" target=\"_blank\">Instagram <\/a>e no <a href=\"https:\/\/www.facebook.com\/senoticias1\" target=\"_blank\">Facebook.<\/a><\/strong><\/p>\n<p style=\"text-align: justify;\"><strong>\u00a0<\/strong><\/p>\n<p style=\"text-align: justify;\"><strong>Fonte: <a href=\"http:\/\/globoesporte.globo.com\/futebol\/futebol-internacional\/futebol-ingles\/noticia\/2016\/04\/jornal-conte-quer-manter-diego-costa-mas-descarta-pato-no-chelsea.html\" target=\"_blank\">Portal Globo Esporte<\/a>.<\/strong><\/p>\n","protected":false},"excerpt":{"rendered":"<p>Anunciado oficialmente na segunda-feira como novo t\u00e9cnico do Chelsea depois da Eurocopa, o t\u00e9cnico Antonio Conte, atualmente na sele\u00e7\u00e3o italiana, n\u00e3o conta com Alexandre Pato na pr\u00f3xima temporada. \u00c9 o que garante o jornal ingl\u00eas &#8220;Daily Mail&#8221; nesta ter\u00e7a-feira. De acordo com o di\u00e1rio, a prioridade de Conte \u00e9 manter Diego Costa, que estaria insatisfeito [&hellip;]<\/p>\n","protected":false},"author":3,"featured_media":90468,"comment_status":"closed","ping_status":"closed","sticky":false,"template":"","format":"standard","meta":{"footnotes":""},"categories":[26],"tags":[721,722,723],"class_list":{"0":"post-90459","1":"post","2":"type-post","3":"status-publish","4":"format-standard","5":"has-post-thumbnail","7":"category-esportes","8":"tag-a-prioridade-de-conte-e-manter-diego-costa-no-chelsea","9":"tag-diego-costa","10":"tag-diego-costa-no-chelsea"},"_links":{"self":[{"href":"https:\/\/senoticias.com.br\/se\/wp-json\/wp\/v2\/posts\/90459"}],"collection":[{"href":"https:\/\/senoticias.com.br\/se\/wp-json\/wp\/v2\/posts"}],"about":[{"href":"https:\/\/senoticias.com.br\/se\/wp-json\/wp\/v2\/types\/post"}],"author":[{"embeddable":true,"href":"https:\/\/senoticias.com.br\/se\/wp-json\/wp\/v2\/users\/3"}],"replies":[{"embeddable":true,"href":"https:\/\/senoticias.com.br\/se\/wp-json\/wp\/v2\/comments?post=90459"}],"version-history":[{"count":0,"href":"https:\/\/senoticias.com.br\/se\/wp-json\/wp\/v2\/posts\/90459\/revisions"}],"wp:featuredmedia":[{"embeddable":true,"href":"https:\/\/senoticias.com.br\/se\/wp-json\/wp\/v2\/media\/90468"}],"wp:attachment":[{"href":"https:\/\/senoticias.com.br\/se\/wp-json\/wp\/v2\/media?parent=90459"}],"wp:term":[{"taxonomy":"category","embeddable":true,"href":"https:\/\/senoticias.com.br\/se\/wp-json\/wp\/v2\/categories?post=90459"},{"taxonomy":"post_tag","embeddable":true,"href":"https:\/\/senoticias.com.br\/se\/wp-json\/wp\/v2\/tags?post=90459"}],"curies":[{"name":"wp","href":"https:\/\/api.w.org\/{rel}","templated":true}]}}