{"id":90333,"date":"2016-04-05T07:25:41","date_gmt":"2016-04-05T10:25:41","guid":{"rendered":"http:\/\/senoticias.com.br\/se\/?p=90333"},"modified":"2016-04-05T15:43:08","modified_gmt":"2016-04-05T18:43:08","slug":"no-interior-de-sergipe-vereador-posta-penis-em-grupo-de-whatsapp-e-causa-constrangimentos","status":"publish","type":"post","link":"https:\/\/senoticias.com.br\/se\/no-interior-de-sergipe-vereador-posta-penis-em-grupo-de-whatsapp-e-causa-constrangimentos\/","title":{"rendered":"No interior de Sergipe, vereador posta p\u00eanis em grupo de WhatSapp e causa constrangimentos"},"content":{"rendered":"<p style=\"text-align: justify;\"><em>Texto de Delmanira Brito, publicado no <a href=\"http:\/\/www.visitedores.com\/delmanira\/1366\/voce-deve-ter-cuidados-ao-usar-o-aplicativo-whatsapp.html\" target=\"_blank\">site<\/a> Visite Dores<\/em><\/p>\n<p style=\"text-align: justify;\">O aplicativo de troca de mensagens de texto, imagem, v\u00eddeos e voz tornaram-se um dos mais populares do mundo. Os benef\u00edcios do Whatsapp s\u00e3o muitos, mas tamb\u00e9m existem v\u00e1rios cuidados que precisam ser tomados por quem usa o programa. Tamb\u00e9m pondere antes de escrever ou enviar algo nos grupos, pois h\u00e1 a chance daquele v\u00eddeo ou foto ser encaminhada para outras pessoas. E isto pode causar uma grande dor de cabe\u00e7a para quem enviou ou mesmo constrangimentos aos membros do grupo que recebeu.<\/p>\n<p>&nbsp;<\/p>\n<div id=\"attachment_90335\" style=\"width: 609px\" class=\"wp-caption aligncenter\"><a href=\"http:\/\/senoticias.com.br\/se\/wp-content\/uploads\/2016\/04\/SENOTICIAS-e1459853160585.jpg\"><img loading=\"lazy\" decoding=\"async\" aria-describedby=\"caption-attachment-90335\" class=\"size-full wp-image-90335\" alt=\" Cuidado! Atitudes erradas podem te levar \u00e0 lista negra dos amigos, colegas de trabalho ou familiares\" src=\"http:\/\/senoticias.com.br\/se\/wp-content\/uploads\/2016\/04\/SENOTICIAS-e1459853160585.jpg\" width=\"599\" height=\"899\" \/><\/a><p id=\"caption-attachment-90335\" class=\"wp-caption-text\"><br \/>Cuidado! Atitudes erradas podem te levar \u00e0 lista negra dos amigos, colegas de trabalho ou familiares. (Foto de arquivo\/iStock<\/p><\/div>\n<p>&nbsp;<\/p>\n<p style=\"text-align: justify;\">Foi o que aconteceu com um vereador do munic\u00edpio de Nossa Senhora das Dores interior sergipano na ultima sexta-feira, 01 de abril (a data \u00e9 considerada dia da mentira, mas, o caso foi ver\u00eddico).<\/p>\n<p>&nbsp;<\/p>\n<p style=\"text-align: justify;\">Um vereador (que n\u00e3o vou citar o nome) postou umas fotos de um p\u00eanis que dava a entender que era dele enviando para algu\u00e9m e deu o azar de compartilhar em um grupo que foi endere\u00e7ado errado.<\/p>\n<p style=\"text-align: justify;\">Claro que causou constrangimentos para v\u00e1rias pessoas que se manifestaram que seus aparelhos estavam nas m\u00e3os de crian\u00e7as brincando com joguinhos, que se tornou uma pratica dos pais darem o aparelho para as crian\u00e7as brincar.<\/p>\n<p style=\"text-align: justify;\">\u201cJ\u00e1 para outras pessoas preferiram n\u00e3o levar em considera\u00e7\u00e3o e sa\u00edram em defesa do vereador \u201csomos todos seres humanos, fazemos coisas certas e coisas erradas, para viver em grupo, precisamos saber conviver com as falhas dos outros\u201d.<\/p>\n<p style=\"text-align: justify;\">\u201cO vereador alegou que mandou erradas as fotos, pedindo mil desculpas para todos os membros do grupo, e foi al\u00e9m, pedindo que as pessoas levassem em considera\u00e7\u00e3o o homem conhecedor da moral e dos bons costumes e que jamais iria postar umas imagens daquele tipo e al\u00e9m de ser um pai de fam\u00edlia e um homem publico que ele \u00e9.\u201d Estas fotos publicadas tamb\u00e9m deixaram a esposa do vereador que as postou em situa\u00e7\u00e3o n\u00e3o muito confort\u00e1vel, mas, ela preferiu manter se em silencio no grupo.<\/p>\n<p>&nbsp;<\/p>\n<p style=\"text-align: justify;\">Ainda teve outro vereador (que tamb\u00e9m n\u00e3o vou citar o nome) que faz parte deste mesmo grupo que resolveu sai em defesa do amigo e postou a seguinte desculpa; As fotos foram enviadas como uma brincadeira para o tal vereador e o mesmo foi enviar para outra pessoa e como estava conversando com o amigo vereador ele se distraiu e acabou postando em um grupo errado, (a desculpa que o vereador amigo fez em defesa do vereador em quest\u00e3o ficou pior, mais aceit\u00e1vel a desculpa que o vereador postou primeiro pedindo desculpas pelo erro). \u00c0s vezes tem pessoas que tentam consertar um erro e acaba mais atrapalhando do que mesmo ajudando, por isso \u00e0s vezes usar o bom senso de ficar quieto ajudaria mais ao amigo.<\/p>\n<p style=\"text-align: justify;\">\u201cUma mensagem ou foto equivocada prejudica a imagem de qualquer um\u201d. E para n\u00e3o passar vergonha com os membros de grupos, essa regra \u00e9 primordial: entender para que serve cada grupo. Procure sempre entender qual \u00e9 o objetivo do grupo. Rede social tamb\u00e9m tem suas regras de etiqueta. No entanto, a vida em sociedade, incluindo a virtual, pela diversidade de personalidades, exige o estabelecimento de regras de conduta para a preserva\u00e7\u00e3o da harmonia e da colabora\u00e7\u00e3o. Homens p\u00fablicos ent\u00e3o sigam estas regrinhas!<\/p>\n<p>*Nunca tire ou mande uma foto sua que voc\u00ea n\u00e3o gostaria que sua esposa ou namorada visse.<br \/>\n*Reconhe\u00e7a que qualquer foto que voc\u00ea enviar ser\u00e1 vista por outros, com ou sem a sua permiss\u00e3o.<\/p>\n<p style=\"text-align: justify;\">*Depois de mandar uma foto pelo celular, voc\u00ea n\u00e3o tem mais controle sobre como ela poder\u00e1 ser usada ou sobre como afetar\u00e1 sua reputa\u00e7\u00e3o. \u201cNunca foi t\u00e3o f\u00e1cil enviar ou armazenar provas de mau comportamento para que outros possam ver\u201d.<\/p>\n<p>\u201cA pr\u00e1tica de enviar mensagens, fotos ou v\u00eddeos sexualmente expl\u00edcitos pelo celular, \u201cIsso \u00e9 bem comum hoje\u201d, voc\u00ea come\u00e7a trocando mensagens e, quando vai ver, j\u00e1 est\u00e1 trocando fotos picantes.\u201d<\/p>\n<p><strong>Por Delmanira Brito, site Visite Dores<\/strong><\/p>\n<p><strong>Acompanhe o SE Not\u00edcias no\u00a0<a href=\"https:\/\/twitter.com\/Senoticias\" target=\"_blank\">Twitter<\/a>,\u00a0<a href=\"https:\/\/www.instagram.com\/senoticias\/\" target=\"_blank\">Instagram<\/a>\u00a0e no\u00a0<a href=\"https:\/\/www.facebook.com\/senoticias1\" target=\"_blank\">Facebook<\/a><\/strong><\/p>\n","protected":false},"excerpt":{"rendered":"<p>Texto de Delmanira Brito, publicado no site Visite Dores O aplicativo de troca de mensagens de texto, imagem, v\u00eddeos e voz tornaram-se um dos mais populares do mundo. Os benef\u00edcios do Whatsapp s\u00e3o muitos, mas tamb\u00e9m existem v\u00e1rios cuidados que precisam ser tomados por quem usa o programa. Tamb\u00e9m pondere antes de escrever ou enviar [&hellip;]<\/p>\n","protected":false},"author":1,"featured_media":90335,"comment_status":"closed","ping_status":"closed","sticky":false,"template":"","format":"standard","meta":{"footnotes":""},"categories":[310,38],"tags":[700,701,699],"class_list":{"0":"post-90333","1":"post","2":"type-post","3":"status-publish","4":"format-standard","5":"has-post-thumbnail","7":"category-destaques-da-semana","8":"category-municipios","9":"tag-nossa-senhora-das-dores","10":"tag-penis","11":"tag-vereador"},"_links":{"self":[{"href":"https:\/\/senoticias.com.br\/se\/wp-json\/wp\/v2\/posts\/90333"}],"collection":[{"href":"https:\/\/senoticias.com.br\/se\/wp-json\/wp\/v2\/posts"}],"about":[{"href":"https:\/\/senoticias.com.br\/se\/wp-json\/wp\/v2\/types\/post"}],"author":[{"embeddable":true,"href":"https:\/\/senoticias.com.br\/se\/wp-json\/wp\/v2\/users\/1"}],"replies":[{"embeddable":true,"href":"https:\/\/senoticias.com.br\/se\/wp-json\/wp\/v2\/comments?post=90333"}],"version-history":[{"count":0,"href":"https:\/\/senoticias.com.br\/se\/wp-json\/wp\/v2\/posts\/90333\/revisions"}],"wp:featuredmedia":[{"embeddable":true,"href":"https:\/\/senoticias.com.br\/se\/wp-json\/wp\/v2\/media\/90335"}],"wp:attachment":[{"href":"https:\/\/senoticias.com.br\/se\/wp-json\/wp\/v2\/media?parent=90333"}],"wp:term":[{"taxonomy":"category","embeddable":true,"href":"https:\/\/senoticias.com.br\/se\/wp-json\/wp\/v2\/categories?post=90333"},{"taxonomy":"post_tag","embeddable":true,"href":"https:\/\/senoticias.com.br\/se\/wp-json\/wp\/v2\/tags?post=90333"}],"curies":[{"name":"wp","href":"https:\/\/api.w.org\/{rel}","templated":true}]}}