{"id":90330,"date":"2016-04-05T06:49:23","date_gmt":"2016-04-05T09:49:23","guid":{"rendered":"http:\/\/senoticias.com.br\/se\/?p=90330"},"modified":"2016-04-05T07:10:23","modified_gmt":"2016-04-05T10:10:23","slug":"eduardo-amorim-surpreende-e-encosta-em-valadares-filho-e-edvaldo-diz-jornalista","status":"publish","type":"post","link":"https:\/\/senoticias.com.br\/se\/eduardo-amorim-surpreende-e-encosta-em-valadares-filho-e-edvaldo-diz-jornalista\/","title":{"rendered":"Eduardo Amorim surpreende e encosta em Valadares Filho e Edvaldo, diz jornalista"},"content":{"rendered":"<p style=\"text-align: justify;\"><em>A nota abaixo foi extra\u00edda do <a href=\"http:\/\/www.nenoticias.com.br\/95594_eduardo-amorim-surpreende-e-encosta-em-valadares-filho-e-edvaldo.html\" target=\"_blank\">site<\/a> NE Not\u00edcias\u00a0<\/em><\/p>\n<p style=\"text-align: justify;\">Segundo nota publicada nesta quarta-feira (4), para quem pensava que era coisa de menino que n\u00e3o se perdoava por n\u00e3o ter conquistado o brinquedo sonhado, o\u00a0senador\u00a0Eduardo Amorim (PSC) come\u00e7a a preocupar.<\/p>\n<div id=\"attachment_90332\" style=\"width: 609px\" class=\"wp-caption aligncenter\"><a href=\"http:\/\/senoticias.com.br\/se\/wp-content\/uploads\/2016\/04\/SENOTICIAS-AMORIM-e1459849907556.jpg\"><img loading=\"lazy\" decoding=\"async\" aria-describedby=\"caption-attachment-90332\" class=\"size-full wp-image-90332\" alt=\"Eduardo Amorim surpreende e encosta em Valadares Filho e Edvaldo\" src=\"http:\/\/senoticias.com.br\/se\/wp-content\/uploads\/2016\/04\/SENOTICIAS-AMORIM-e1459849907556.jpg\" width=\"599\" height=\"377\" \/><\/a><p id=\"caption-attachment-90332\" class=\"wp-caption-text\">Eduardo Amorim surpreende e encosta em Valadares Filho e Edvaldo. (Foto: NENot\u00edcias)<\/p><\/div>\n<p style=\"text-align: justify;\">Quem conversa a s\u00f3s com aliados mais pr\u00f3ximos do ex-prefeito\u00a0Edvaldo Nogueira (PCdoB), do deputado federal Valadares Filho (PSB) e do governador Jackson Barreto (PMDB), ouve sempre a mesma coisa: a disputa est\u00e1 embolada entre os tr\u00eas.<\/p>\n<p style=\"text-align: justify;\">Quando falam em &#8220;tr\u00eas&#8221;, referem-se a Edvaldo, Valadares Filho e Eduardo Amorim.<\/p>\n<p style=\"text-align: justify;\">Entre os mais pr\u00f3ximos do\u00a0governador\u00a0Jackson Barreto (PMDB), ningu\u00e9m esconde sua prefer\u00eandia por Zezinho Sobral (PMDB), mas n\u00e3o \u00e9 dif\u00edcil encontrar quem diga que &#8220;\u00e9 melhor apoiar Edvaldo&#8221;.<\/p>\n<p style=\"text-align: justify;\">Os governistas pr\u00f3-Edvaldo falam em &#8220;inviabilidade\u00a0eleitoral\u00a0de Zezinho&#8221; e que n\u00e3o \u00e9 correto querer tudo para o PMDB e achar que ter\u00e1 os mesmos aliados na campanha para governador, em 2018.<\/p>\n<p style=\"text-align: justify;\">Os governistas descartam qualquer possibiulidade de apoio a Valadares Filho.<\/p>\n<p style=\"text-align: justify;\">Sinal de que a maioria, no PMDB, n\u00e3o sente cheiro de vit\u00f3ira no nome de Zezinho foi dado na sua despedida da Secretaria de Sa\u00fade: dos deputados, apenas Luciano Bispo (PMDB) estava presente.<\/p>\n<p style=\"text-align: justify;\"><strong>Acompanhe o SE Not\u00edcias no\u00a0<a href=\"https:\/\/twitter.com\/Senoticias\" target=\"_blank\">Twitter<\/a>,\u00a0<a href=\"https:\/\/www.instagram.com\/senoticias\/\" target=\"_blank\">Instagram<\/a>\u00a0e no\u00a0<a href=\"https:\/\/www.facebook.com\/senoticias1\" target=\"_blank\">Facebook<\/a><\/strong><\/p>\n","protected":false},"excerpt":{"rendered":"<p>A nota abaixo foi extra\u00edda do site NE Not\u00edcias\u00a0 Segundo nota publicada nesta quarta-feira (4), para quem pensava que era coisa de menino que n\u00e3o se perdoava por n\u00e3o ter conquistado o brinquedo sonhado, o\u00a0senador\u00a0Eduardo Amorim (PSC) come\u00e7a a preocupar. Quem conversa a s\u00f3s com aliados mais pr\u00f3ximos do ex-prefeito\u00a0Edvaldo Nogueira (PCdoB), do deputado federal [&hellip;]<\/p>\n","protected":false},"author":1,"featured_media":90332,"comment_status":"closed","ping_status":"closed","sticky":false,"template":"","format":"standard","meta":{"footnotes":""},"categories":[6,1],"tags":[696,698,697],"class_list":{"0":"post-90330","1":"post","2":"type-post","3":"status-publish","4":"format-standard","5":"has-post-thumbnail","7":"category-politica","8":"category-sem-categoria","9":"tag-eduardo-amorim","10":"tag-edvaldo-nogueira","11":"tag-valadares-filho"},"_links":{"self":[{"href":"https:\/\/senoticias.com.br\/se\/wp-json\/wp\/v2\/posts\/90330"}],"collection":[{"href":"https:\/\/senoticias.com.br\/se\/wp-json\/wp\/v2\/posts"}],"about":[{"href":"https:\/\/senoticias.com.br\/se\/wp-json\/wp\/v2\/types\/post"}],"author":[{"embeddable":true,"href":"https:\/\/senoticias.com.br\/se\/wp-json\/wp\/v2\/users\/1"}],"replies":[{"embeddable":true,"href":"https:\/\/senoticias.com.br\/se\/wp-json\/wp\/v2\/comments?post=90330"}],"version-history":[{"count":0,"href":"https:\/\/senoticias.com.br\/se\/wp-json\/wp\/v2\/posts\/90330\/revisions"}],"wp:featuredmedia":[{"embeddable":true,"href":"https:\/\/senoticias.com.br\/se\/wp-json\/wp\/v2\/media\/90332"}],"wp:attachment":[{"href":"https:\/\/senoticias.com.br\/se\/wp-json\/wp\/v2\/media?parent=90330"}],"wp:term":[{"taxonomy":"category","embeddable":true,"href":"https:\/\/senoticias.com.br\/se\/wp-json\/wp\/v2\/categories?post=90330"},{"taxonomy":"post_tag","embeddable":true,"href":"https:\/\/senoticias.com.br\/se\/wp-json\/wp\/v2\/tags?post=90330"}],"curies":[{"name":"wp","href":"https:\/\/api.w.org\/{rel}","templated":true}]}}