{"id":90327,"date":"2016-04-04T22:02:55","date_gmt":"2016-04-05T01:02:55","guid":{"rendered":"http:\/\/senoticias.com.br\/se\/?p=90327"},"modified":"2016-04-05T14:47:31","modified_gmt":"2016-04-05T17:47:31","slug":"em-show-de-caetano-e-gil-publico-grita-nao-vai-ter-golpe","status":"publish","type":"post","link":"https:\/\/senoticias.com.br\/se\/em-show-de-caetano-e-gil-publico-grita-nao-vai-ter-golpe\/","title":{"rendered":"Em show de Caetano e Gil, p\u00fablico grita &#8220;n\u00e3o vai ter golpe!&#8221;"},"content":{"rendered":"<p style=\"text-align: justify;\"><strong><em>Por Pragmatismopolitico<\/em><\/strong><\/p>\n<p style=\"text-align: justify;\">A apresenta\u00e7\u00e3o dos m\u00fasicos Caetano Veloso e Gilberto Gil, ontem em Salvador,\u00a0<strong>reuniu mais de 100 mil pessoas e foi marcada pelos gritos de \u201cN\u00e3o vai ter golpe\u201d.<\/strong><\/p>\n<div id=\"attachment_90328\" style=\"width: 609px\" class=\"wp-caption aligncenter\"><a href=\"http:\/\/senoticias.com.br\/se\/wp-content\/uploads\/2016\/04\/SENot\u00edcias-show-caetano-gil-golpe-e1459817978818.jpg\"><img loading=\"lazy\" decoding=\"async\" aria-describedby=\"caption-attachment-90328\" class=\"size-full wp-image-90328\" alt=\"Durante show de Caetano Veloso e Gilberto Gil em Salvador, plateia grita &quot;n\u00e3o vai ter golpe&quot;. Apresenta\u00e7\u00e3o reuniu mais de 100 mil pessoas no Farol da Barra\" src=\"http:\/\/senoticias.com.br\/se\/wp-content\/uploads\/2016\/04\/SENot\u00edcias-show-caetano-gil-golpe-e1459817978818.jpg\" width=\"599\" height=\"356\" \/><\/a><p id=\"caption-attachment-90328\" class=\"wp-caption-text\">Durante show de Caetano Veloso e Gilberto Gil em Salvador, plateia grita &#8220;n\u00e3o vai ter golpe&#8221;. Apresenta\u00e7\u00e3o reuniu mais de 100 mil pessoas no Farol da Barra. (Foto: Reprodu\u00e7\u00e3o\/Ascom)<\/p><\/div>\n<p style=\"text-align: justify;\">Antes de come\u00e7ar a cantar a pr\u00f3xima m\u00fasica, Caetano sorriu e respondeu positivamente aos coros da plateia: \u201cN\u00e3o vai\u201d, disse o cantor ap\u00f3s o final da m\u00fasica.<\/p>\n<p style=\"text-align: justify;\">Caetano j\u00e1 havia se manifestado sobre o tema no programa \u201cAltas Horas\u201d, da TV Globo,\u00a0<strong>quando comparou as manifesta\u00e7\u00f5es a favor do impeachment a atos de apoio ao golpe de 1964<\/strong>, que deram origem \u00e0 ditadura militar.<\/p>\n<p style=\"text-align: justify;\">\u201cA manifesta\u00e7\u00e3o, para mim, n\u00e3o foi suficientemente diferente da passeata da Fam\u00edlia com Deus [pela Liberdade], que apoiou o golpe de 64\u201d, declarou o cantor baiano no programa.<\/p>\n<p style=\"text-align: justify;\">Ainda durante a can\u00e7\u00e3o \u201cOdeio\u201d, houve tamb\u00e9m manifesta\u00e7\u00f5es do p\u00fablico direcionadas ao presidente da C\u00e2mara de Deputados, Eduardo Cunha (PMDB). Ap\u00f3s cada vez que Caetano cantava refr\u00e3o da can\u00e7\u00e3o, com a frase \u201cOdeio Voc\u00ea\u201d, o p\u00fablico respondia \u201cCunha!\u201d.<\/p>\n<p><strong>V\u00eddeos:<\/strong><\/p>\n<p>&nbsp;<\/p>\n<p><iframe loading=\"lazy\" src=\"https:\/\/www.youtube.com\/embed\/aRKKUVzIIbU\" height=\"315\" width=\"590\" allowfullscreen=\"\" frameborder=\"0\"><\/iframe><\/p>\n<p>&nbsp;<\/p>\n<p><strong>Acompanhe o SE Not\u00edcias no\u00a0<a href=\"https:\/\/twitter.com\/Senoticias\" target=\"_blank\">Twitter<\/a>,\u00a0<a href=\"https:\/\/www.instagram.com\/senoticias\/\" target=\"_blank\">Instagram<\/a>\u00a0e no\u00a0<a href=\"https:\/\/www.facebook.com\/senoticias1\" target=\"_blank\">Facebook<\/a><\/strong><\/p>\n","protected":false},"excerpt":{"rendered":"<p>Por Pragmatismopolitico A apresenta\u00e7\u00e3o dos m\u00fasicos Caetano Veloso e Gilberto Gil, ontem em Salvador,\u00a0reuniu mais de 100 mil pessoas e foi marcada pelos gritos de \u201cN\u00e3o vai ter golpe\u201d. Antes de come\u00e7ar a cantar a pr\u00f3xima m\u00fasica, Caetano sorriu e respondeu positivamente aos coros da plateia: \u201cN\u00e3o vai\u201d, disse o cantor ap\u00f3s o final da [&hellip;]<\/p>\n","protected":false},"author":1,"featured_media":90328,"comment_status":"closed","ping_status":"closed","sticky":false,"template":"","format":"standard","meta":{"footnotes":""},"categories":[310,6],"tags":[],"class_list":{"0":"post-90327","1":"post","2":"type-post","3":"status-publish","4":"format-standard","5":"has-post-thumbnail","7":"category-destaques-da-semana","8":"category-politica"},"_links":{"self":[{"href":"https:\/\/senoticias.com.br\/se\/wp-json\/wp\/v2\/posts\/90327"}],"collection":[{"href":"https:\/\/senoticias.com.br\/se\/wp-json\/wp\/v2\/posts"}],"about":[{"href":"https:\/\/senoticias.com.br\/se\/wp-json\/wp\/v2\/types\/post"}],"author":[{"embeddable":true,"href":"https:\/\/senoticias.com.br\/se\/wp-json\/wp\/v2\/users\/1"}],"replies":[{"embeddable":true,"href":"https:\/\/senoticias.com.br\/se\/wp-json\/wp\/v2\/comments?post=90327"}],"version-history":[{"count":0,"href":"https:\/\/senoticias.com.br\/se\/wp-json\/wp\/v2\/posts\/90327\/revisions"}],"wp:featuredmedia":[{"embeddable":true,"href":"https:\/\/senoticias.com.br\/se\/wp-json\/wp\/v2\/media\/90328"}],"wp:attachment":[{"href":"https:\/\/senoticias.com.br\/se\/wp-json\/wp\/v2\/media?parent=90327"}],"wp:term":[{"taxonomy":"category","embeddable":true,"href":"https:\/\/senoticias.com.br\/se\/wp-json\/wp\/v2\/categories?post=90327"},{"taxonomy":"post_tag","embeddable":true,"href":"https:\/\/senoticias.com.br\/se\/wp-json\/wp\/v2\/tags?post=90327"}],"curies":[{"name":"wp","href":"https:\/\/api.w.org\/{rel}","templated":true}]}}