{"id":90260,"date":"2016-04-02T13:51:00","date_gmt":"2016-04-02T16:51:00","guid":{"rendered":"http:\/\/senoticias.com.br\/se\/?p=90260"},"modified":"2016-04-02T14:02:01","modified_gmt":"2016-04-02T17:02:01","slug":"prazo-final-para-filiacao-partidaria-de-candidatos-termina-neste-sabado","status":"publish","type":"post","link":"https:\/\/senoticias.com.br\/se\/prazo-final-para-filiacao-partidaria-de-candidatos-termina-neste-sabado\/","title":{"rendered":"Prazo final para filia\u00e7\u00e3o partid\u00e1ria de candidatos termina neste s\u00e1bado"},"content":{"rendered":"<p style=\"text-align: justify;\"><em><strong>Do <a href=\"http:\/\/g1.globo.com\/se\/sergipe\/noticia\/2016\/04\/prazo-final-para-filiacao-partidaria-de-candidatos-termina-neste-sabado.html\" target=\"_blank\">G1<\/a> SE<\/strong><\/em><\/p>\n<div id=\"attachment_90262\" style=\"width: 310px\" class=\"wp-caption alignright\"><a href=\"http:\/\/senoticias.com.br\/se\/wp-content\/uploads\/2016\/04\/SENOTICIAS-ELEI\u00c7\u00d5ES.jpeg\"><img loading=\"lazy\" decoding=\"async\" aria-describedby=\"caption-attachment-90262\" class=\"size-medium wp-image-90262\" alt=\"Data \u00e9 para quem pretende se candidatar a prefeito, vice-prefeito ou vereador.(Foto: reprodu\u00e7\u00e3o\/WEB)\" src=\"http:\/\/senoticias.com.br\/se\/wp-content\/uploads\/2016\/04\/SENOTICIAS-ELEI\u00c7\u00d5ES-300x153.jpeg\" width=\"300\" height=\"153\" srcset=\"https:\/\/senoticias.com.br\/se\/wp-content\/uploads\/2016\/04\/SENOTICIAS-ELEI\u00c7\u00d5ES-300x153.jpeg 300w, https:\/\/senoticias.com.br\/se\/wp-content\/uploads\/2016\/04\/SENOTICIAS-ELEI\u00c7\u00d5ES-342x174.jpeg 342w, https:\/\/senoticias.com.br\/se\/wp-content\/uploads\/2016\/04\/SENOTICIAS-ELEI\u00c7\u00d5ES.jpeg 430w\" sizes=\"(max-width: 300px) 100vw, 300px\" \/><\/a><p id=\"caption-attachment-90262\" class=\"wp-caption-text\">Data \u00e9 para quem pretende se candidatar a prefeito, vice-prefeito ou vereador.(Foto: reprodu\u00e7\u00e3o\/WEB)<\/p><\/div>\n<p style=\"text-align: justify;\">O Tribunal Regional Eleitoral de\u00a0Sergipe\u00a0(TRE\/SE) informou que termina neste s\u00e1bado (2) o per\u00edodo de filia\u00e7\u00e3o partid\u00e1ria de quem pretende se candidatar a prefeito, vice-prefeito ou vereador nas elei\u00e7\u00f5es deste ano. Os interessados devem estar com a filia\u00e7\u00e3o aprovada pelo partido pol\u00edtico at\u00e9 hoje, desde que o estatuto partid\u00e1rio n\u00e3o estipule um prazo superior de filia\u00e7\u00e3o.<\/p>\n<p style=\"text-align: justify;\">O artigo 9\u00ba da Lei das Elei\u00e7\u00f5es (Lei n\u00b0 9.504\/97) estabelece que o candidato deve possuir domic\u00edlio eleitoral, na circunscri\u00e7\u00e3o onde ir\u00e1 concorrer, um ano antes do pleito, pelo menos. Afirma ainda que deve estar com a filia\u00e7\u00e3o aprovada pelo partido, no m\u00ednimo, seis meses antes da data da elei\u00e7\u00e3o.<\/p>\n<p style=\"text-align: justify;\">ntes da Reforma Eleitoral da lei n\u00ba 13.165 do ano passado, o postulante a candidato deveria estar filiado ao partido pelo menos um ano antes da elei\u00e7\u00e3o.<\/p>\n<p style=\"text-align: justify;\"><strong>Prepara\u00e7\u00e3o das urnas<br \/>\n<\/strong><br \/>\nNeste s\u00e1bado (2) tamb\u00e9m \u00e9 a data a partir da qual todos os programas de computador de propriedade do Tribunal Superior Eleitoral (TSE), desenvolvidos por ele ou sob sua encomenda, utilizados nas urnas eletr\u00f4nicas e nos computadores da Justi\u00e7a Eleitoral para os processos de vota\u00e7\u00e3o, apura\u00e7\u00e3o e totaliza\u00e7\u00e3o, poder\u00e3o ter suas fases de especifica\u00e7\u00e3o e de desenvolvimento acompanhadas por t\u00e9cnicos indicados pelos partidos pol\u00edticos, pela Ordem dos Advogados do Brasil (OAB), pelo Minist\u00e9rio P\u00fablico e por pessoas autorizadas em resolu\u00e7\u00e3o espec\u00edfica.<\/p>\n<p style=\"text-align: justify;\"><strong>Acompanhe tamb\u00e9m o SE Not\u00edcias no\u00a0<a href=\"https:\/\/twitter.com\/Senoticias\" target=\"_blank\">Twitter<\/a>,\u00a0<a href=\"https:\/\/www.facebook.com\/senoticias1\" target=\"_blank\">Facebook\u00a0<\/a>e no\u00a0<a href=\"https:\/\/www.instagram.com\/senoticias\/\" target=\"_blank\">Instagram<\/a><\/strong><\/p>\n<p style=\"text-align: justify;\"><em>*Com informa\u00e7\u00f5es do TRE\/SE<\/em><\/p>\n","protected":false},"excerpt":{"rendered":"<p>Do G1 SE O Tribunal Regional Eleitoral de\u00a0Sergipe\u00a0(TRE\/SE) informou que termina neste s\u00e1bado (2) o per\u00edodo de filia\u00e7\u00e3o partid\u00e1ria de quem pretende se candidatar a prefeito, vice-prefeito ou vereador nas elei\u00e7\u00f5es deste ano. Os interessados devem estar com a filia\u00e7\u00e3o aprovada pelo partido pol\u00edtico at\u00e9 hoje, desde que o estatuto partid\u00e1rio n\u00e3o estipule um prazo [&hellip;]<\/p>\n","protected":false},"author":1,"featured_media":90262,"comment_status":"closed","ping_status":"closed","sticky":false,"template":"","format":"standard","meta":{"footnotes":""},"categories":[6,1],"tags":[635,633,634],"class_list":{"0":"post-90260","1":"post","2":"type-post","3":"status-publish","4":"format-standard","5":"has-post-thumbnail","7":"category-politica","8":"category-sem-categoria","9":"tag-eleicoes-2016","10":"tag-filiacao-partidaria","11":"tag-filiacao-partidaria-de-candidatos"},"_links":{"self":[{"href":"https:\/\/senoticias.com.br\/se\/wp-json\/wp\/v2\/posts\/90260"}],"collection":[{"href":"https:\/\/senoticias.com.br\/se\/wp-json\/wp\/v2\/posts"}],"about":[{"href":"https:\/\/senoticias.com.br\/se\/wp-json\/wp\/v2\/types\/post"}],"author":[{"embeddable":true,"href":"https:\/\/senoticias.com.br\/se\/wp-json\/wp\/v2\/users\/1"}],"replies":[{"embeddable":true,"href":"https:\/\/senoticias.com.br\/se\/wp-json\/wp\/v2\/comments?post=90260"}],"version-history":[{"count":0,"href":"https:\/\/senoticias.com.br\/se\/wp-json\/wp\/v2\/posts\/90260\/revisions"}],"wp:featuredmedia":[{"embeddable":true,"href":"https:\/\/senoticias.com.br\/se\/wp-json\/wp\/v2\/media\/90262"}],"wp:attachment":[{"href":"https:\/\/senoticias.com.br\/se\/wp-json\/wp\/v2\/media?parent=90260"}],"wp:term":[{"taxonomy":"category","embeddable":true,"href":"https:\/\/senoticias.com.br\/se\/wp-json\/wp\/v2\/categories?post=90260"},{"taxonomy":"post_tag","embeddable":true,"href":"https:\/\/senoticias.com.br\/se\/wp-json\/wp\/v2\/tags?post=90260"}],"curies":[{"name":"wp","href":"https:\/\/api.w.org\/{rel}","templated":true}]}}