{"id":90257,"date":"2016-04-02T13:31:02","date_gmt":"2016-04-02T16:31:02","guid":{"rendered":"http:\/\/senoticias.com.br\/se\/?p=90257"},"modified":"2016-04-02T13:46:21","modified_gmt":"2016-04-02T16:46:21","slug":"cptran-apreende-31-ciclomotores-em-operacao-pente-fino-na-capital","status":"publish","type":"post","link":"https:\/\/senoticias.com.br\/se\/cptran-apreende-31-ciclomotores-em-operacao-pente-fino-na-capital\/","title":{"rendered":"CPTran apreende 31 ciclomotores em Opera\u00e7\u00e3o Pente Fino na Capital"},"content":{"rendered":"<p style=\"text-align: justify;\">A Pol\u00edcia Militar de Sergipe, por meio da Companhia de Policiamento de Tr\u00e2nsito (CPTran), informa que a partir dessa sexta-feira, dia 1, ciclomotores\u00a0\u00a0est\u00e3o\u00a0obrigados\u00a0a terem seu registro de licenciamento junto ao Departamento Estadual de Tr\u00e2nsito (Detran\/SE).<\/p>\n<div id=\"attachment_90259\" style=\"width: 569px\" class=\"wp-caption aligncenter\"><a href=\"http:\/\/senoticias.com.br\/se\/wp-content\/uploads\/2016\/04\/SENOTICIAS-MOTONETAS-e1459615562274.jpg\"><img loading=\"lazy\" decoding=\"async\" aria-describedby=\"caption-attachment-90259\" class=\"size-full wp-image-90259\" alt=\"CPTRan apreendeu 31 ciclomotores em Opera\u00e7\u00e3o Pente Fino na Capital. (Foto: arquivo\/INfonet)\" src=\"http:\/\/senoticias.com.br\/se\/wp-content\/uploads\/2016\/04\/SENOTICIAS-MOTONETAS-e1459615562274.jpg\" width=\"559\" height=\"371\" \/><\/a><p id=\"caption-attachment-90259\" class=\"wp-caption-text\">CPTRan apreendeu 31 ciclomotores em Opera\u00e7\u00e3o Pente Fino na Capital. (Foto: arquivo\/INfonet)<\/p><\/div>\n<p style=\"text-align: justify;\">Foi realizada a Opera\u00e7\u00e3o Pente Fino na avenida Ministro Barreto Sobral,\u00a0sob o Comando da tenente Cl\u00e1udia,\u00a0juntamente com os alunos do Curso de Capacita\u00e7\u00e3o de Tr\u00e2nsito do\u00a0<a href=\"http:\/\/www.pm.se.gov.br\/unidades\/capital\/8o-batalhao-de-policia-comunitaria-8o-bpcom\/\" target=\"_blank\">8\u00ba Batalh\u00e3o de Pol\u00edcia Comunit\u00e1ria (8\u00ba BPCom)<\/a>, onde foi recuperado um ciclomotor com\u00a0restri\u00e7\u00e3o\u00a0de roubo.<\/p>\n<p style=\"text-align: justify;\">No decorrer do dia, a a\u00e7\u00e3o foi realizada em diversos pontos da capital. Como resultado foram removidos 31\u00a0ciclomotores, todos enquadrados no Art. 230 V do CTB (conduzir o ve\u00edculo n\u00e3o licenciado).<\/p>\n<p style=\"text-align: justify;\">A<strong>companhe tamb\u00e9m o SEnot\u00edcias no\u00a0<a href=\"https:\/\/twitter.com\/\" target=\"_blank\">Twitter<\/a>,\u00a0<a href=\"https:\/\/www.facebook.com\/senoticias1\/\" target=\"_blank\">Facebook<\/a>\u00a0e no\u00a0<a href=\"https:\/\/www.instagram.com\/\" target=\"_blank\">Instagram<\/a><\/strong><\/p>\n<p style=\"text-align: justify;\"><em><strong>Informa\u00e7\u00f5es da Pol\u00edcia Militar de Sergipe<\/strong><\/em><\/p>\n","protected":false},"excerpt":{"rendered":"<p>A Pol\u00edcia Militar de Sergipe, por meio da Companhia de Policiamento de Tr\u00e2nsito (CPTran), informa que a partir dessa sexta-feira, dia 1, ciclomotores\u00a0\u00a0est\u00e3o\u00a0obrigados\u00a0a terem seu registro de licenciamento junto ao Departamento Estadual de Tr\u00e2nsito (Detran\/SE). Foi realizada a Opera\u00e7\u00e3o Pente Fino na avenida Ministro Barreto Sobral,\u00a0sob o Comando da tenente Cl\u00e1udia,\u00a0juntamente com os alunos do [&hellip;]<\/p>\n","protected":false},"author":3,"featured_media":90259,"comment_status":"closed","ping_status":"closed","sticky":false,"template":"","format":"standard","meta":{"footnotes":""},"categories":[7,1],"tags":[632,631,610],"class_list":{"0":"post-90257","1":"post","2":"type-post","3":"status-publish","4":"format-standard","5":"has-post-thumbnail","7":"category-policia","8":"category-sem-categoria","9":"tag-cinquentinhas","10":"tag-cptran","11":"tag-motonetas"},"_links":{"self":[{"href":"https:\/\/senoticias.com.br\/se\/wp-json\/wp\/v2\/posts\/90257"}],"collection":[{"href":"https:\/\/senoticias.com.br\/se\/wp-json\/wp\/v2\/posts"}],"about":[{"href":"https:\/\/senoticias.com.br\/se\/wp-json\/wp\/v2\/types\/post"}],"author":[{"embeddable":true,"href":"https:\/\/senoticias.com.br\/se\/wp-json\/wp\/v2\/users\/3"}],"replies":[{"embeddable":true,"href":"https:\/\/senoticias.com.br\/se\/wp-json\/wp\/v2\/comments?post=90257"}],"version-history":[{"count":0,"href":"https:\/\/senoticias.com.br\/se\/wp-json\/wp\/v2\/posts\/90257\/revisions"}],"wp:featuredmedia":[{"embeddable":true,"href":"https:\/\/senoticias.com.br\/se\/wp-json\/wp\/v2\/media\/90259"}],"wp:attachment":[{"href":"https:\/\/senoticias.com.br\/se\/wp-json\/wp\/v2\/media?parent=90257"}],"wp:term":[{"taxonomy":"category","embeddable":true,"href":"https:\/\/senoticias.com.br\/se\/wp-json\/wp\/v2\/categories?post=90257"},{"taxonomy":"post_tag","embeddable":true,"href":"https:\/\/senoticias.com.br\/se\/wp-json\/wp\/v2\/tags?post=90257"}],"curies":[{"name":"wp","href":"https:\/\/api.w.org\/{rel}","templated":true}]}}