{"id":90226,"date":"2016-04-01T11:52:48","date_gmt":"2016-04-01T14:52:48","guid":{"rendered":"http:\/\/senoticias.com.br\/se\/?p=90226"},"modified":"2016-04-01T12:12:25","modified_gmt":"2016-04-01T15:12:25","slug":"conta-de-energia-eletrica-deve-ficar-mais-barata-a-partir-de-hoje","status":"publish","type":"post","link":"https:\/\/senoticias.com.br\/se\/conta-de-energia-eletrica-deve-ficar-mais-barata-a-partir-de-hoje\/","title":{"rendered":"Conta de energia el\u00e9trica deve ficar mais barata a partir de hoje"},"content":{"rendered":"<p style=\"text-align: justify;\">Consumidores em todo o Brasil, que mantiverem o n\u00edvel de gasto de energia el\u00e9trica, dever\u00e3o ter uma redu\u00e7\u00e3o na conta de luz em abril. \u00c9 que a partir de hoje (1\u00ba), o custo para produzir energia ficar\u00e1 menor, quando passa a vigorar a bandeira tarif\u00e1ria verde, sem cobran\u00e7a extra na conta do consumidor para cobrir o custo maior de gera\u00e7\u00e3o.<\/p>\n<div id=\"attachment_90228\" style=\"width: 607px\" class=\"wp-caption aligncenter\"><a href=\"http:\/\/senoticias.com.br\/se\/wp-content\/uploads\/2016\/04\/energiaeletrica.jpg\"><img loading=\"lazy\" decoding=\"async\" aria-describedby=\"caption-attachment-90228\" class=\"size-full wp-image-90228\" alt=\"Conta de energia el\u00e9trica deve ficar mais barata a partir de hoje \" src=\"http:\/\/senoticias.com.br\/se\/wp-content\/uploads\/2016\/04\/energiaeletrica.jpg\" width=\"597\" height=\"336\" srcset=\"https:\/\/senoticias.com.br\/se\/wp-content\/uploads\/2016\/04\/energiaeletrica.jpg 597w, https:\/\/senoticias.com.br\/se\/wp-content\/uploads\/2016\/04\/energiaeletrica-300x168.jpg 300w, https:\/\/senoticias.com.br\/se\/wp-content\/uploads\/2016\/04\/energiaeletrica-342x192.jpg 342w\" sizes=\"(max-width: 597px) 100vw, 597px\" \/><\/a><p id=\"caption-attachment-90228\" class=\"wp-caption-text\">Conta de energia el\u00e9trica deve ficar mais barata a partir de hoje<\/p><\/div>\n<p style=\"text-align: justify;\">A expectativa do Minist\u00e9rio de Minas e Energia \u00e9 que a redu\u00e7\u00e3o m\u00e9dia na conta de luz fique entre 6% e 7%.<\/p>\n<p style=\"text-align: justify;\">Segundo a Ag\u00eancia Nacional de Energia El\u00e9trica (Aneel), a bandeira tarif\u00e1ria \u00e9 uma forma diferente de cobrar um valor que era inclu\u00eddo na conta de energia, no reajuste tarif\u00e1rio anual das distribuidoras. A cor da bandeira indica o custo da energia para mais ou para menos, em fun\u00e7\u00e3o das condi\u00e7\u00f5es de gera\u00e7\u00e3o de eletricidade.<\/p>\n<p style=\"text-align: justify;\">Desde que foi implementado o sistema de bandeiras tarif\u00e1rias, de janeiro de 2015 at\u00e9 fevereiro de 2016, a bandeira se manteve vermelha. Em mar\u00e7o, passou para amarela.<\/p>\n<p style=\"text-align: justify;\">O aumento de chuva neste ano melhorou o volume dos reservat\u00f3rios das hidrel\u00e9tricas e, aliado \u00e0 redu\u00e7\u00e3o da demanda e \u00e0 inclus\u00e3o de novas usinas no sistema, possibilitou a mudan\u00e7a das bandeiras tarif\u00e1rias nos \u00faltimos meses. Com a alta dos reservat\u00f3rios, foi poss\u00edvel fazer o desligamento \u2013 em mar\u00e7o \u2013 das usinas termel\u00e9tricas, que t\u00eam custo de gera\u00e7\u00e3o mais alto. Isso tamb\u00e9m colaborou para a mudan\u00e7a da bandeira tarif\u00e1ria.<\/p>\n<p style=\"text-align: justify;\">A bandeira em vigor neste m\u00eas foi decidida esta semana em reuni\u00e3o da diretoria da Ag\u00eancia Nacional de Energia El\u00e9trica (Aneel). A mudan\u00e7a foi poss\u00edvel diante da simula\u00e7\u00e3o dos custos de gera\u00e7\u00e3o e distribui\u00e7\u00e3o de energia el\u00e9trica e do superavit acumulado nos \u00faltimos meses nas contas do sistema de bandeiras.<\/p>\n<p style=\"text-align: justify;\"><strong>Acompanhe tamb\u00e9m o SE Not\u00edcias no <a href=\"https:\/\/twitter.com\/Senoticias\" target=\"_blank\">Twitter<\/a>, <a href=\" https:\/\/www.facebook.com\/senoticias1\" target=\"_blank\">Facebook <\/a>e no <a href=\"https:\/\/www.instagram.com\/senoticias\/\" target=\"_blank\">Instagram<\/a><\/strong><\/p>\n<p style=\"text-align: justify;\"><strong>\u00a0<\/strong><\/p>\n<p style=\"text-align: justify;\"><strong>Fonte:\u00a0Ag\u00eancia Brasil\u00a0<\/strong><\/p>\n","protected":false},"excerpt":{"rendered":"<p>Consumidores em todo o Brasil, que mantiverem o n\u00edvel de gasto de energia el\u00e9trica, dever\u00e3o ter uma redu\u00e7\u00e3o na conta de luz em abril. \u00c9 que a partir de hoje (1\u00ba), o custo para produzir energia ficar\u00e1 menor, quando passa a vigorar a bandeira tarif\u00e1ria verde, sem cobran\u00e7a extra na conta do consumidor para cobrir [&hellip;]<\/p>\n","protected":false},"author":3,"featured_media":90228,"comment_status":"closed","ping_status":"closed","sticky":false,"template":"","format":"standard","meta":{"footnotes":""},"categories":[38,6],"tags":[609,606,607,608],"class_list":{"0":"post-90226","1":"post","2":"type-post","3":"status-publish","4":"format-standard","5":"has-post-thumbnail","7":"category-municipios","8":"category-politica","9":"tag-conta-de-energia","10":"tag-conta-de-energia-eletrica-deve-ficar-mais-barata-a-partir-de-hoje","11":"tag-energia","12":"tag-energia-eletrica"},"_links":{"self":[{"href":"https:\/\/senoticias.com.br\/se\/wp-json\/wp\/v2\/posts\/90226"}],"collection":[{"href":"https:\/\/senoticias.com.br\/se\/wp-json\/wp\/v2\/posts"}],"about":[{"href":"https:\/\/senoticias.com.br\/se\/wp-json\/wp\/v2\/types\/post"}],"author":[{"embeddable":true,"href":"https:\/\/senoticias.com.br\/se\/wp-json\/wp\/v2\/users\/3"}],"replies":[{"embeddable":true,"href":"https:\/\/senoticias.com.br\/se\/wp-json\/wp\/v2\/comments?post=90226"}],"version-history":[{"count":0,"href":"https:\/\/senoticias.com.br\/se\/wp-json\/wp\/v2\/posts\/90226\/revisions"}],"wp:featuredmedia":[{"embeddable":true,"href":"https:\/\/senoticias.com.br\/se\/wp-json\/wp\/v2\/media\/90228"}],"wp:attachment":[{"href":"https:\/\/senoticias.com.br\/se\/wp-json\/wp\/v2\/media?parent=90226"}],"wp:term":[{"taxonomy":"category","embeddable":true,"href":"https:\/\/senoticias.com.br\/se\/wp-json\/wp\/v2\/categories?post=90226"},{"taxonomy":"post_tag","embeddable":true,"href":"https:\/\/senoticias.com.br\/se\/wp-json\/wp\/v2\/tags?post=90226"}],"curies":[{"name":"wp","href":"https:\/\/api.w.org\/{rel}","templated":true}]}}