{"id":90224,"date":"2016-04-01T11:03:06","date_gmt":"2016-04-01T14:03:06","guid":{"rendered":"http:\/\/senoticias.com.br\/se\/?p=90224"},"modified":"2016-04-03T08:15:48","modified_gmt":"2016-04-03T11:15:48","slug":"comeca-neste-1o-de-abril-a-fiscalizacao-do-licenciamento-de-ciclomotores","status":"publish","type":"post","link":"https:\/\/senoticias.com.br\/se\/comeca-neste-1o-de-abril-a-fiscalizacao-do-licenciamento-de-ciclomotores\/","title":{"rendered":"Come\u00e7a neste 1\u00ba de abril a fiscaliza\u00e7\u00e3o do licenciamento de ciclomotores"},"content":{"rendered":"<p style=\"text-align: justify;\"><em><strong>Do <a href=\"http:\/\/g1.globo.com\/se\/sergipe\/noticia\/2016\/04\/comeca-neste-1-de-abril-fiscalizacao-do-licenciamento-de-ciclomotores.html\" target=\"_blank\">G1 <\/a>SE<\/strong><\/em><\/p>\n<p style=\"text-align: justify;\">Come\u00e7a nesta sexta-feira (1\u00ba) em\u00a0Sergipe\u00a0a fiscaliza\u00e7\u00e3o com reten\u00e7\u00e3o, remo\u00e7\u00e3o ou apreens\u00e3o dos ve\u00edculos ciclomotores irregulares, ou seja, aqueles que n\u00e3o foram registrados e licenciados. Assim sendo, os condutores e propriet\u00e1rios que descumprirem a lei poder\u00e3o ser multados conforme o que determina o C\u00f3digo de Tr\u00e2nsito Brasileiro (CTB).<\/p>\n<p style=\"text-align: justify;\">O emplacamento continua sendo realizado nas unidades de atendimento do Departamento Estadual de Tr\u00e2nsito (Detran). Para circular com esses ve\u00edculos, os condutores devem, obrigatoriamente, portar o Certificado de Registro e Licenciamento de Ve\u00edculo (CRLV) e a Autoriza\u00e7\u00e3o para Conduzir Ciclomotor (ACC) ou Carteira Nacional de Habilita\u00e7\u00e3o (CNH) categoria A.<\/p>\n<div id=\"attachment_90227\" style=\"width: 608px\" class=\"wp-caption aligncenter\"><a href=\"http:\/\/senoticias.com.br\/se\/wp-content\/uploads\/2016\/04\/SENOTICIAS-motoneta.jpg\"><img loading=\"lazy\" decoding=\"async\" aria-describedby=\"caption-attachment-90227\" class=\"size-full wp-image-90227\" alt=\"Ve\u00edculos n\u00e3o registrados e licenciados ser\u00e3o apreendidos. (Foto: arquivo\/SENot\u00edcias)\" src=\"http:\/\/senoticias.com.br\/se\/wp-content\/uploads\/2016\/04\/SENOTICIAS-motoneta.jpg\" width=\"598\" height=\"399\" srcset=\"https:\/\/senoticias.com.br\/se\/wp-content\/uploads\/2016\/04\/SENOTICIAS-motoneta.jpg 598w, https:\/\/senoticias.com.br\/se\/wp-content\/uploads\/2016\/04\/SENOTICIAS-motoneta-300x200.jpg 300w, https:\/\/senoticias.com.br\/se\/wp-content\/uploads\/2016\/04\/SENOTICIAS-motoneta-342x228.jpg 342w\" sizes=\"(max-width: 598px) 100vw, 598px\" \/><\/a><p id=\"caption-attachment-90227\" class=\"wp-caption-text\">Ve\u00edculos n\u00e3o registrados e licenciados ser\u00e3o apreendidos.<br \/>(Foto: arquivo\/SENot\u00edcias)<\/p><\/div>\n<p style=\"text-align: justify;\">O Detran alerta ainda para a necessidade de utilizar equipamentos de seguran\u00e7a obrigat\u00f3rios como o capacete e os espelhos retrovisores de ambos os lados.<\/p>\n<p style=\"text-align: justify;\">Segundo a diretora de Atendimento e Credenciamento da autarquia, Luciana D\u00e9da, n\u00e3o haver\u00e1 mais prorroga\u00e7\u00e3o de prazo para o emplacamento dos ciclomotores. \u201cTentamos facilitar para a popula\u00e7\u00e3o a regulariza\u00e7\u00e3o das cinquentinhas. J\u00e1 adiamos a data para fiscaliza\u00e7\u00e3o algumas vezes, realizamos a\u00e7\u00f5es educativas e mutir\u00f5es de vistoria no interior do Estado. \u00c9 muito importante que a popula\u00e7\u00e3o perceba que o registro tem como foco a seguran\u00e7a da sociedade e dos pr\u00f3prios condutores\u201d, falou a diretora.<\/p>\n<p style=\"text-align: justify;\">Para ter o certificado de registro do ciclomotor, o propriet\u00e1rio precisa ir a uma unidade do Detran com o laudo de vistoria, c\u00f3pias e originais da identidade e CPF do propriet\u00e1rio e declara\u00e7\u00e3o de proced\u00eancia do ve\u00edculo, que est\u00e1 dispon\u00edvel no site do Detran.<\/p>\n<p style=\"text-align: justify;\"><strong>Habilita\u00e7\u00e3o do condutor<br \/>\n<\/strong><br \/>\nApesar da lei que obriga a ACC ou a CNH na categoria A, o Conselho Nacional de Tr\u00e2nsito (<a href=\"http:\/\/g1.globo.com\/tudo-sobre\/contran\/\">Contran<\/a>) prorrogou at\u00e9 31 de maio deste ano para os condutores se qualifiquem para receberem o documento. Com isso, ficou adiada para o dia 1\u00ba de junho a fiscaliza\u00e7\u00e3o pelos agentes de tr\u00e2nsito da obrigatoriedade de habilita\u00e7\u00e3o para os propriet\u00e1rios de ciclomotor.<\/p>\n<p style=\"text-align: justify;\">A partir dessa data, o motociclista que for flagrado sem a documenta\u00e7\u00e3o poder\u00e1 pagar uma multa no valor R$ 574,62 &#8211; infra\u00e7\u00e3o grav\u00edssima correspondente a R$ 191,54 tr\u00eas vezes. O condutor de ciclomotor sem habilita\u00e7\u00e3o precisar\u00e1 ainda acionar uma pessoa habilitada para resgatar a moto, caso contr\u00e1rio, o ve\u00edculo ser\u00e1 apreendido.<\/p>\n<p style=\"text-align: justify;\"><strong>Acompanhe tamb\u00e9m o SEnot\u00edcias no\u00a0<a href=\"https:\/\/twitter.com\/\" target=\"_blank\">Twitter<\/a>,\u00a0<a href=\"https:\/\/www.facebook.com\/senoticias1\/\" target=\"_blank\">Facebook<\/a>\u00a0e no\u00a0<a href=\"https:\/\/www.instagram.com\/\" target=\"_blank\">Instagra<\/a><\/strong><\/p>\n","protected":false},"excerpt":{"rendered":"<p>Do G1 SE Come\u00e7a nesta sexta-feira (1\u00ba) em\u00a0Sergipe\u00a0a fiscaliza\u00e7\u00e3o com reten\u00e7\u00e3o, remo\u00e7\u00e3o ou apreens\u00e3o dos ve\u00edculos ciclomotores irregulares, ou seja, aqueles que n\u00e3o foram registrados e licenciados. Assim sendo, os condutores e propriet\u00e1rios que descumprirem a lei poder\u00e3o ser multados conforme o que determina o C\u00f3digo de Tr\u00e2nsito Brasileiro (CTB). O emplacamento continua sendo realizado [&hellip;]<\/p>\n","protected":false},"author":1,"featured_media":90227,"comment_status":"closed","ping_status":"closed","sticky":false,"template":"","format":"standard","meta":{"footnotes":""},"categories":[38,6,1],"tags":[611,610],"class_list":{"0":"post-90224","1":"post","2":"type-post","3":"status-publish","4":"format-standard","5":"has-post-thumbnail","7":"category-municipios","8":"category-politica","9":"category-sem-categoria","10":"tag-emplacamento","11":"tag-motonetas"},"_links":{"self":[{"href":"https:\/\/senoticias.com.br\/se\/wp-json\/wp\/v2\/posts\/90224"}],"collection":[{"href":"https:\/\/senoticias.com.br\/se\/wp-json\/wp\/v2\/posts"}],"about":[{"href":"https:\/\/senoticias.com.br\/se\/wp-json\/wp\/v2\/types\/post"}],"author":[{"embeddable":true,"href":"https:\/\/senoticias.com.br\/se\/wp-json\/wp\/v2\/users\/1"}],"replies":[{"embeddable":true,"href":"https:\/\/senoticias.com.br\/se\/wp-json\/wp\/v2\/comments?post=90224"}],"version-history":[{"count":0,"href":"https:\/\/senoticias.com.br\/se\/wp-json\/wp\/v2\/posts\/90224\/revisions"}],"wp:featuredmedia":[{"embeddable":true,"href":"https:\/\/senoticias.com.br\/se\/wp-json\/wp\/v2\/media\/90227"}],"wp:attachment":[{"href":"https:\/\/senoticias.com.br\/se\/wp-json\/wp\/v2\/media?parent=90224"}],"wp:term":[{"taxonomy":"category","embeddable":true,"href":"https:\/\/senoticias.com.br\/se\/wp-json\/wp\/v2\/categories?post=90224"},{"taxonomy":"post_tag","embeddable":true,"href":"https:\/\/senoticias.com.br\/se\/wp-json\/wp\/v2\/tags?post=90224"}],"curies":[{"name":"wp","href":"https:\/\/api.w.org\/{rel}","templated":true}]}}