{"id":90086,"date":"2016-03-28T10:22:38","date_gmt":"2016-03-28T13:22:38","guid":{"rendered":"http:\/\/senoticias.com.br\/se\/?p=90086"},"modified":"2016-03-29T11:08:07","modified_gmt":"2016-03-29T14:08:07","slug":"prf-registra-reducao-de-5238-nos-indices-de-acidentes-nas-rodovias-federais-de-sergipe","status":"publish","type":"post","link":"https:\/\/senoticias.com.br\/se\/prf-registra-reducao-de-5238-nos-indices-de-acidentes-nas-rodovias-federais-de-sergipe\/","title":{"rendered":"PRF registra redu\u00e7\u00e3o de 52,38% nos \u00edndices de acidentes nas rodovias federais de Sergipe"},"content":{"rendered":"<p style=\"text-align: justify;\">Dados da Pol\u00edcia Rodovi\u00e1ria Federal (PRF) apontam uma redu\u00e7\u00e3o de 52,38% no n\u00famero de acidentes nas rodovias federais de Sergipe durante a Opera\u00e7\u00e3o Semana Santa 2016. De quinta-feira (24) at\u00e9 o domingo de P\u00e1scoa (27), foram registrados 10 acidentes, com oito feridos e uma morte. Em 2015 (02 a 05 de abril), foram 21 acidentes, com sete feridos e uma morte.<\/p>\n<p style=\"text-align: justify;\"><b>\u00c1lcool e dire\u00e7\u00e3o<\/b><\/p>\n<p style=\"text-align: justify;\">Policiais Rodovi\u00e1rios Federais estiveram mobilizados em trechos considerados cr\u00edticos para aumentar a sensa\u00e7\u00e3o de seguran\u00e7a dos usu\u00e1rios de rodovias federais. Apesar do esfor\u00e7o de fiscaliza\u00e7\u00e3o em que 464 testes de alcoolemia foram realizados e dos trabalhos de sensibiliza\u00e7\u00e3o em rela\u00e7\u00e3o \u00e0 bebida alco\u00f3lica ao volante, oito condutores foram flagrados dirigindo embriagados, destes quatro foram presos.<\/p>\n<p style=\"text-align: justify;\"><b>Excessos que matam<\/b><\/p>\n<p style=\"text-align: justify;\">Muitos condutores ainda insistem em desobedecer aos limites de velocidade das vias. Somente nesses dias de Opera\u00e7\u00e3o Semana Santa, 496 ve\u00edculos foram flagrados com excesso de velocidade. A ultrapassagem proibida tamb\u00e9m foi alvo de fiscaliza\u00e7\u00e3o e 39 condutores foram multados pela infra\u00e7\u00e3o.<\/p>\n<p style=\"text-align: justify;\"><b>Educa\u00e7\u00e3o para o tr\u00e2nsito<\/b><\/p>\n<p style=\"text-align: justify;\">Durante os dias de opera\u00e7\u00e3o, a PRF realizou campanhas educativas com o objetivo de alertar condutores e passageiros sobre a import\u00e2ncia da utiliza\u00e7\u00e3o dos equipamentos de seguran\u00e7a e o respeito \u00e0s normas de circula\u00e7\u00e3o previstas no C\u00f3digo de Tr\u00e2nsito Brasileiro. No total, 663 pessoas assistiram a palestras e foram orientadas em 16 a\u00e7\u00f5es educativas.<\/p>\n<p style=\"text-align: justify;\"><b>Resumo da Opera\u00e7\u00e3o Semana Santa 2016:<\/b><\/p>\n<p style=\"text-align: justify;\"><a href=\"http:\/\/senoticias.com.br\/se\/wp-content\/uploads\/2016\/03\/SENOTICIAS-DADOS.png\"><img loading=\"lazy\" decoding=\"async\" class=\"aligncenter size-full wp-image-90087\" alt=\"SENOTICIAS - DADOS\" src=\"http:\/\/senoticias.com.br\/se\/wp-content\/uploads\/2016\/03\/SENOTICIAS-DADOS.png\" width=\"500\" height=\"258\" srcset=\"https:\/\/senoticias.com.br\/se\/wp-content\/uploads\/2016\/03\/SENOTICIAS-DADOS.png 500w, https:\/\/senoticias.com.br\/se\/wp-content\/uploads\/2016\/03\/SENOTICIAS-DADOS-300x154.png 300w, https:\/\/senoticias.com.br\/se\/wp-content\/uploads\/2016\/03\/SENOTICIAS-DADOS-342x176.png 342w\" sizes=\"(max-width: 500px) 100vw, 500px\" \/><\/a><\/p>\n<p style=\"text-align: justify;\"><strong>Acompanhe tamb\u00e9m o SEnot\u00edcias no\u00a0<a href=\"https:\/\/twitter.com\/\" target=\"_blank\">Twitter<\/a>,\u00a0<a href=\"https:\/\/www.facebook.com\/senoticias1\/\" target=\"_blank\">Facebook<\/a>\u00a0e no\u00a0<a href=\"https:\/\/www.instagram.com\/\" target=\"_blank\">Instagram<\/a><\/strong><\/p>\n<p style=\"text-align: justify;\"><b><i>Assessoria de Comunica\u00e7\u00e3o Social \/ PRF \/ Sergipe<\/i><\/b><\/p>\n","protected":false},"excerpt":{"rendered":"<p>Dados da Pol\u00edcia Rodovi\u00e1ria Federal (PRF) apontam uma redu\u00e7\u00e3o de 52,38% no n\u00famero de acidentes nas rodovias federais de Sergipe durante a Opera\u00e7\u00e3o Semana Santa 2016. De quinta-feira (24) at\u00e9 o domingo de P\u00e1scoa (27), foram registrados 10 acidentes, com oito feridos e uma morte. Em 2015 (02 a 05 de abril), foram 21 acidentes, [&hellip;]<\/p>\n","protected":false},"author":1,"featured_media":90087,"comment_status":"closed","ping_status":"closed","sticky":false,"template":"","format":"standard","meta":{"footnotes":""},"categories":[7],"tags":[451,452,453],"class_list":{"0":"post-90086","1":"post","2":"type-post","3":"status-publish","4":"format-standard","5":"has-post-thumbnail","7":"category-policia","8":"tag-operacao-semana-santa-2016","9":"tag-reducao-de-acidentes-nas-rodovias-federais","10":"tag-reducao-de-acidentes-nas-rodovias-federais-de-sergipe"},"_links":{"self":[{"href":"https:\/\/senoticias.com.br\/se\/wp-json\/wp\/v2\/posts\/90086"}],"collection":[{"href":"https:\/\/senoticias.com.br\/se\/wp-json\/wp\/v2\/posts"}],"about":[{"href":"https:\/\/senoticias.com.br\/se\/wp-json\/wp\/v2\/types\/post"}],"author":[{"embeddable":true,"href":"https:\/\/senoticias.com.br\/se\/wp-json\/wp\/v2\/users\/1"}],"replies":[{"embeddable":true,"href":"https:\/\/senoticias.com.br\/se\/wp-json\/wp\/v2\/comments?post=90086"}],"version-history":[{"count":0,"href":"https:\/\/senoticias.com.br\/se\/wp-json\/wp\/v2\/posts\/90086\/revisions"}],"wp:featuredmedia":[{"embeddable":true,"href":"https:\/\/senoticias.com.br\/se\/wp-json\/wp\/v2\/media\/90087"}],"wp:attachment":[{"href":"https:\/\/senoticias.com.br\/se\/wp-json\/wp\/v2\/media?parent=90086"}],"wp:term":[{"taxonomy":"category","embeddable":true,"href":"https:\/\/senoticias.com.br\/se\/wp-json\/wp\/v2\/categories?post=90086"},{"taxonomy":"post_tag","embeddable":true,"href":"https:\/\/senoticias.com.br\/se\/wp-json\/wp\/v2\/tags?post=90086"}],"curies":[{"name":"wp","href":"https:\/\/api.w.org\/{rel}","templated":true}]}}