{"id":90083,"date":"2016-03-28T10:14:05","date_gmt":"2016-03-28T13:14:05","guid":{"rendered":"http:\/\/senoticias.com.br\/se\/?p=90083"},"modified":"2016-03-30T11:39:38","modified_gmt":"2016-03-30T14:39:38","slug":"governo-de-sergipe-promove-entrega-da-medalha-tobias-barreto-2016","status":"publish","type":"post","link":"https:\/\/senoticias.com.br\/se\/governo-de-sergipe-promove-entrega-da-medalha-tobias-barreto-2016\/","title":{"rendered":"Governo de Sergipe realiza entrega das Medalhas Tobias Barreto nesta quinta-feira"},"content":{"rendered":"<p style=\"text-align: justify;\">Com o objetivo de valorizar o trabalho de artistas e produtores que contribuem com o desenvolvimento cultural do Estado, o Governo de Sergipe, atrav\u00e9s da Secretaria de Estado da Cultura (Secult), promove na quinta-feira, 31 de mar\u00e7o, a entrega da Medalha do M\u00e9rito Cultural Tobias Barreto. A homenagem \u00e9 prestada, anualmente, para pessoas ou entidades atuantes entre as \u00e1reas de m\u00fasica, teatro, dan\u00e7a, artes visuais, literatura, cultura popular, pesquisa ou apoio cultural.<\/p>\n<div id=\"attachment_90084\" style=\"width: 609px\" class=\"wp-caption aligncenter\"><a href=\"http:\/\/senoticias.com.br\/se\/wp-content\/uploads\/2016\/03\/SENOTICIAS-Governo-do-Estado-entrega-Medalha-Tobias-Barreto-e1459170709282.jpg\"><img loading=\"lazy\" decoding=\"async\" aria-describedby=\"caption-attachment-90084\" class=\"size-full wp-image-90084\" alt=\" promove na quinta-feira, 31 de mar\u00e7o, a entrega da Medalha do M\u00e9rito Cultural Tobias Barreto.\" src=\"http:\/\/senoticias.com.br\/se\/wp-content\/uploads\/2016\/03\/SENOTICIAS-Governo-do-Estado-entrega-Medalha-Tobias-Barreto-e1459170709282.jpg\" width=\"599\" height=\"417\" \/><\/a><p id=\"caption-attachment-90084\" class=\"wp-caption-text\">Governo promove na quinta-feira, 31 de mar\u00e7o, a entrega da Medalha do M\u00e9rito Cultural Tobias Barreto.(Foto: ASN)<\/p><\/div>\n<p style=\"text-align: justify;\">Este ano, a cerim\u00f4nia contar\u00e1 com a presen\u00e7a do Ministro da Cultura, Juca Ferreira, que tamb\u00e9m est\u00e1 entre os oito homenageados desta edi\u00e7\u00e3o. \u201cA presen\u00e7a do Ministro \u00e9 muito importante para n\u00f3s, n\u00e3o apenas pela representatividade que ele tem no Governo Federal, mas tamb\u00e9m porque teremos a oportunidade de prestar um reconhecimento, mesmo que tardio, pela sua fundamental participa\u00e7\u00e3o na conquista da chancela da Pra\u00e7a S\u00e3o Francisco, em S\u00e3o Crist\u00f3v\u00e3o, como 18\u00ba Patrim\u00f4nio Mundial no Brasil\u201d, justificou o secret\u00e1rio de Estado da Cultura, Elber Batalha.<\/p>\n<p style=\"text-align: justify;\">A defini\u00e7\u00e3o dos homenageados parte de uma lista tr\u00edplice de personalidades e entidades indicadas pelo Conselho Estadual de Cultura em comum acordo com a Secult. De cada tr\u00eas indicados, recebe a Medalha apenas aquele que for escolhido pelo Governador do Estado. \u2018\u201cEntregar uma comenda que carrega o nome do grande Tobias Barreto \u00e9 uma alegria e uma honra. A Medalha simboliza o reconhecimento aos servi\u00e7os prestados \u00e0 nossa cultura\u201d, declarou o governador do Estado, Jackson Barreto.<\/p>\n<p style=\"text-align: justify;\"><strong> Sobre a Medalha<\/strong><\/p>\n<p style=\"text-align: justify;\">A Medalha do M\u00e9rito Cultural Tobias Barreto foi institu\u00edda atrav\u00e9s da Lei Estadual N\u00ba 2.55 de 21 de Novembro de 1985. Foi criada com a finalidade de distinguir personalidades e institui\u00e7\u00f5es que, por seus m\u00e9ritos e sua coopera\u00e7\u00e3o, tenham se destacado no Estado ou nacionalmente, contribuindo para o desenvolvimento das atividades culturais de Sergipe.<br \/>\nO evento de entrega das Medalhas acontece a partir das 19h30, no audit\u00f3rio do Museu da Gente Sergipana, aberto ao p\u00fablico. Confira a lista completa dos homenageados deste ano:<\/p>\n<p>HOMENAGEADOS 2016<\/p>\n<p>Denys Le\u00e3o Silva &#8211; Teatro<br \/>\nJos\u00e9 Ronaldo De Menezes (Z\u00e9 Rolinha) &#8211; Cultura Popular<br \/>\nMaria Eugenia Teixeira &#8211; Apoio \u00e0 Cultura<br \/>\nIrineu Silva Fontes &#8211; Empreendedorismo Cultural<br \/>\nMaestro Medeiros &#8211; M\u00fasica<br \/>\nJudite Melo &#8211; Artes Pl\u00e1sticas<br \/>\nMurilo Melins &#8211; Literatura<br \/>\nJo\u00e3o Luiz Silva Ferreira &#8211; Personalidade da Cultura<\/p>\n<p>Fotografia \u2013 Pr\u00eamio Especial<br \/>\nLineu Lins<br \/>\nJairo Andrade<br \/>\nMarcel Nauer<br \/>\nWalmir Lopes De Almeida<\/p>\n<p>A<strong>companhe tamb\u00e9m o SEnot\u00edcias no\u00a0<a href=\"https:\/\/twitter.com\/\" target=\"_blank\">Twitter<\/a>,\u00a0<a href=\"https:\/\/www.facebook.com\/senoticias1\/\" target=\"_blank\">Facebook<\/a>\u00a0e no\u00a0<a href=\"https:\/\/www.instagram.com\/\" target=\"_blank\">Instagram<\/a><\/strong><\/p>\n<p><strong>Ascom \/ Sec. de Estado da Cultura<\/strong><\/p>\n","protected":false},"excerpt":{"rendered":"<p>Com o objetivo de valorizar o trabalho de artistas e produtores que contribuem com o desenvolvimento cultural do Estado, o Governo de Sergipe, atrav\u00e9s da Secretaria de Estado da Cultura (Secult), promove na quinta-feira, 31 de mar\u00e7o, a entrega da Medalha do M\u00e9rito Cultural Tobias Barreto. A homenagem \u00e9 prestada, anualmente, para pessoas ou entidades [&hellip;]<\/p>\n","protected":false},"author":1,"featured_media":90084,"comment_status":"closed","ping_status":"closed","sticky":false,"template":"","format":"standard","meta":{"footnotes":""},"categories":[6],"tags":[448,450,447,449],"class_list":{"0":"post-90083","1":"post","2":"type-post","3":"status-publish","4":"format-standard","5":"has-post-thumbnail","7":"category-politica","8":"tag-governo-de-sergipe","9":"tag-medalha-do-merito-cultural-tobias-barreto","10":"tag-medalha-tobias-barreto-2016","11":"tag-secretaria-de-estado-da-cultura"},"_links":{"self":[{"href":"https:\/\/senoticias.com.br\/se\/wp-json\/wp\/v2\/posts\/90083"}],"collection":[{"href":"https:\/\/senoticias.com.br\/se\/wp-json\/wp\/v2\/posts"}],"about":[{"href":"https:\/\/senoticias.com.br\/se\/wp-json\/wp\/v2\/types\/post"}],"author":[{"embeddable":true,"href":"https:\/\/senoticias.com.br\/se\/wp-json\/wp\/v2\/users\/1"}],"replies":[{"embeddable":true,"href":"https:\/\/senoticias.com.br\/se\/wp-json\/wp\/v2\/comments?post=90083"}],"version-history":[{"count":0,"href":"https:\/\/senoticias.com.br\/se\/wp-json\/wp\/v2\/posts\/90083\/revisions"}],"wp:featuredmedia":[{"embeddable":true,"href":"https:\/\/senoticias.com.br\/se\/wp-json\/wp\/v2\/media\/90084"}],"wp:attachment":[{"href":"https:\/\/senoticias.com.br\/se\/wp-json\/wp\/v2\/media?parent=90083"}],"wp:term":[{"taxonomy":"category","embeddable":true,"href":"https:\/\/senoticias.com.br\/se\/wp-json\/wp\/v2\/categories?post=90083"},{"taxonomy":"post_tag","embeddable":true,"href":"https:\/\/senoticias.com.br\/se\/wp-json\/wp\/v2\/tags?post=90083"}],"curies":[{"name":"wp","href":"https:\/\/api.w.org\/{rel}","templated":true}]}}