{"id":90080,"date":"2016-03-28T07:15:52","date_gmt":"2016-03-28T10:15:52","guid":{"rendered":"http:\/\/senoticias.com.br\/se\/?p=90080"},"modified":"2016-03-28T07:15:52","modified_gmt":"2016-03-28T10:15:52","slug":"policia-prende-ladrao-em-posse-de-arma-da-guarda-civil-paulista-em-aracaju","status":"publish","type":"post","link":"https:\/\/senoticias.com.br\/se\/policia-prende-ladrao-em-posse-de-arma-da-guarda-civil-paulista-em-aracaju\/","title":{"rendered":"Pol\u00edcia prende ladr\u00e3o em posse de arma da Guarda Civil paulista, em Aracaju"},"content":{"rendered":"<div id=\"attachment_90081\" style=\"width: 310px\" class=\"wp-caption alignright\"><a href=\"http:\/\/senoticias.com.br\/se\/wp-content\/uploads\/2016\/03\/SENOTICIAS-ARMA1.png\"><img loading=\"lazy\" decoding=\"async\" aria-describedby=\"caption-attachment-90081\" class=\"size-full wp-image-90081\" alt=\"PM prende suspeito em posse de arma da Guarda Civil paulista no Ponto Novo. (Foto: PM\/SE)\" src=\"http:\/\/senoticias.com.br\/se\/wp-content\/uploads\/2016\/03\/SENOTICIAS-ARMA1.png\" width=\"300\" height=\"405\" srcset=\"https:\/\/senoticias.com.br\/se\/wp-content\/uploads\/2016\/03\/SENOTICIAS-ARMA1.png 300w, https:\/\/senoticias.com.br\/se\/wp-content\/uploads\/2016\/03\/SENOTICIAS-ARMA1-222x300.png 222w\" sizes=\"(max-width: 300px) 100vw, 300px\" \/><\/a><p id=\"caption-attachment-90081\" class=\"wp-caption-text\">PM prende suspeito em posse de arma da Guarda Civil paulista no Ponto Novo. (Foto: PM\/SE)<\/p><\/div>\n<p style=\"text-align: justify;\">A Pol\u00edcia Militar do Estado de Sergipe, por meio do Batalh\u00e3o de Pol\u00edcia de Choque (BPChq), prendeu na manh\u00e3 do s\u00e1bado, 26, no bairro Ponto Novo, na cidade de Aracaju, Wanderson Batista dos Santos, de 18 anos, por roubo de bicicleta e porte ilegal de arma de fogo.<\/p>\n<p style=\"text-align: justify;\">A guarni\u00e7\u00e3o Pastor Supervisor, composta pelo capit\u00e3o Augusto C\u00e9sar, cabo Wellington e os soldados Josimar e Brum, iniciava o servi\u00e7o de patrulhamento t\u00e1tico pelas ruas, quando recebeu informa\u00e7\u00f5es sobre um roubo que acabara de ocorrer, bem como as caracter\u00edsticas do seu autor.<\/p>\n<p style=\"text-align: justify;\">Ap\u00f3s dilig\u00eancias, o suspeito foi localizado na Rua Nestor Sampaio, nas proximidades da Padaria Cruzeiro. Com ele, a pol\u00edcia apreendeu um rev\u00f3lver calibre 38, de propriedade da Guarda Civil Metropolitana de S\u00e3o Paulo, e seis muni\u00e7\u00f5es, sendo uma percutida, al\u00e9m da bicicleta roubada.<\/p>\n<p style=\"text-align: justify;\">Ap\u00f3s a localiza\u00e7\u00e3o da v\u00edtima, as partes foram encaminhadas \u00e0 Delegacia Plantonista para a lavratura do Auto de Pris\u00e3o em Flagrante Delito. Segundo o capit\u00e3o Augusto C\u00e9sar, comandante da guarni\u00e7\u00e3o, \u201co sucesso da ocorr\u00eancia se deve ao encorajamento da popula\u00e7\u00e3o que denunciou o crime, pois, sem as informa\u00e7\u00f5es precisas, seria muito dif\u00edcil identificar o suspeito\u201d.<\/p>\n<p style=\"text-align: justify;\"><strong>Choque<\/strong><\/p>\n<p style=\"text-align: justify;\">O Batalh\u00e3o de Pol\u00edcia de Choque est\u00e1 sediado \u00e0 Rua Castro Alves, n\u00ba 481, bairro Ponto Novo, Aracaju\/SE e tem a caracter\u00edstica especial de ser uma tropa de pronta resposta, ou seja, uma tropa adequadamente adestrada e preparada para miss\u00f5es de vulto.<\/p>\n<p style=\"text-align: justify;\">A<strong>companhe tamb\u00e9m o SEnot\u00edcias no\u00a0<a href=\"https:\/\/twitter.com\/\" target=\"_blank\">Twitter<\/a>,\u00a0<a href=\"https:\/\/www.facebook.com\/senoticias1\/\" target=\"_blank\">Facebook<\/a>\u00a0e no\u00a0<a href=\"https:\/\/www.instagram.com\/\" target=\"_blank\">Instagram<\/a><\/strong><\/p>\n<p style=\"text-align: justify;\"><em><strong>Ascom\/PM\/SE<\/strong><\/em><\/p>\n","protected":false},"excerpt":{"rendered":"<p>A Pol\u00edcia Militar do Estado de Sergipe, por meio do Batalh\u00e3o de Pol\u00edcia de Choque (BPChq), prendeu na manh\u00e3 do s\u00e1bado, 26, no bairro Ponto Novo, na cidade de Aracaju, Wanderson Batista dos Santos, de 18 anos, por roubo de bicicleta e porte ilegal de arma de fogo. A guarni\u00e7\u00e3o Pastor Supervisor, composta pelo capit\u00e3o [&hellip;]<\/p>\n","protected":false},"author":1,"featured_media":90081,"comment_status":"closed","ping_status":"closed","sticky":false,"template":"","format":"standard","meta":{"footnotes":""},"categories":[7],"tags":[],"class_list":{"0":"post-90080","1":"post","2":"type-post","3":"status-publish","4":"format-standard","5":"has-post-thumbnail","7":"category-policia"},"_links":{"self":[{"href":"https:\/\/senoticias.com.br\/se\/wp-json\/wp\/v2\/posts\/90080"}],"collection":[{"href":"https:\/\/senoticias.com.br\/se\/wp-json\/wp\/v2\/posts"}],"about":[{"href":"https:\/\/senoticias.com.br\/se\/wp-json\/wp\/v2\/types\/post"}],"author":[{"embeddable":true,"href":"https:\/\/senoticias.com.br\/se\/wp-json\/wp\/v2\/users\/1"}],"replies":[{"embeddable":true,"href":"https:\/\/senoticias.com.br\/se\/wp-json\/wp\/v2\/comments?post=90080"}],"version-history":[{"count":0,"href":"https:\/\/senoticias.com.br\/se\/wp-json\/wp\/v2\/posts\/90080\/revisions"}],"wp:featuredmedia":[{"embeddable":true,"href":"https:\/\/senoticias.com.br\/se\/wp-json\/wp\/v2\/media\/90081"}],"wp:attachment":[{"href":"https:\/\/senoticias.com.br\/se\/wp-json\/wp\/v2\/media?parent=90080"}],"wp:term":[{"taxonomy":"category","embeddable":true,"href":"https:\/\/senoticias.com.br\/se\/wp-json\/wp\/v2\/categories?post=90080"},{"taxonomy":"post_tag","embeddable":true,"href":"https:\/\/senoticias.com.br\/se\/wp-json\/wp\/v2\/tags?post=90080"}],"curies":[{"name":"wp","href":"https:\/\/api.w.org\/{rel}","templated":true}]}}