{"id":90068,"date":"2016-03-27T18:13:22","date_gmt":"2016-03-27T21:13:22","guid":{"rendered":"http:\/\/senoticias.com.br\/se\/?p=90068"},"modified":"2016-03-27T18:17:35","modified_gmt":"2016-03-27T21:17:35","slug":"mulher-morre-depois-de-carro-capotar-e-cair-em-rio-no-interior-de-sergipe","status":"publish","type":"post","link":"https:\/\/senoticias.com.br\/se\/mulher-morre-depois-de-carro-capotar-e-cair-em-rio-no-interior-de-sergipe\/","title":{"rendered":"Mulher morre depois de carro capotar e cair em rio, no interior de Sergipe"},"content":{"rendered":"<p style=\"text-align: justify;\"><em><strong>Do <a href=\"http:\/\/g1.globo.com\/se\/sergipe\/noticia\/2016\/03\/mulher-morre-depois-de-carro-capotar-e-cair-em-rio.html\" target=\"_blank\">G1 <\/a>SE<\/strong><\/em><\/p>\n<p style=\"text-align: justify;\">Uma mulher morreu no fim da manh\u00e3 deste domingo (27) na cidade de\u00a0Porto da Folha, distante 190 quil\u00f4metros de\u00a0Aracaju, Alto Sert\u00e3o, depois que o carro onde ela estava capotou e caiu no Rio Capivara.<\/p>\n<div id=\"attachment_90069\" style=\"width: 608px\" class=\"wp-caption aligncenter\"><a href=\"http:\/\/senoticias.com.br\/se\/wp-content\/uploads\/2016\/03\/SENOTICIAS-ACIDENTE-e1459113092528.jpg\"><img loading=\"lazy\" decoding=\"async\" aria-describedby=\"caption-attachment-90069\" class=\"size-full wp-image-90069\" alt=\"Carro capotou e caiu no rio na manh\u00e3 deste domingo (Foto: Divulga\u00e7\u00e3o\/Cleberson de Fran\u00e7a 'Clebinho de Z\u00e9 Moela'). (Foto: WhtaSapp\/SENot\u00edcias)\" src=\"http:\/\/senoticias.com.br\/se\/wp-content\/uploads\/2016\/03\/SENOTICIAS-ACIDENTE-e1459113092528.jpg\" width=\"598\" height=\"598\" \/><\/a><p id=\"caption-attachment-90069\" class=\"wp-caption-text\">Carro capotou e caiu no rio na manh\u00e3 deste domingo (Foto: Divulga\u00e7\u00e3o\/Cleberson de Fran\u00e7a &#8216;Clebinho de Z\u00e9 Moela&#8217;). (Foto: WhtaSapp\/SENot\u00edcias)<\/p><\/div>\n<p style=\"text-align: justify;\">O Instituto M\u00e9dico Legal (IML) foi acionado no in\u00edcio da tarde de hoje para recolher o corpo. Moradores da cidade enviaram fotos do acidente para a reda\u00e7\u00e3o do G1\u00a0Sergipe.\u00a0 Segundo eles, o ve\u00edculo capotou em um barranco localizado na Rua Santa Cruz, conhecida como \u201cfundo da rua de cima\u201d.<\/p>\n<p style=\"text-align: justify;\">Ainda de acordo com os moradores, outras pessoas estavam no carro, mas conseguiram sair do ve\u00edculo. Segundo o Instituto M\u00e9dico Legal, a causa da morte da mulher ainda n\u00e3o pode ser confirmada. A popula\u00e7\u00e3o afirma que ela morreu afogada dentro do carro.<\/p>\n<p style=\"text-align: justify;\"><strong>Acompanhe tamb\u00e9m o SEnot\u00edcias no\u00a0<a href=\"https:\/\/twitter.com\/\" target=\"_blank\">Twitter<\/a>,\u00a0<a href=\"https:\/\/www.facebook.com\/senoticias1\/\" target=\"_blank\">Facebook<\/a>\u00a0e no\u00a0<a href=\"https:\/\/www.instagram.com\/\" target=\"_blank\">Instagram<\/a><\/strong><\/p>\n","protected":false},"excerpt":{"rendered":"<p>Do G1 SE Uma mulher morreu no fim da manh\u00e3 deste domingo (27) na cidade de\u00a0Porto da Folha, distante 190 quil\u00f4metros de\u00a0Aracaju, Alto Sert\u00e3o, depois que o carro onde ela estava capotou e caiu no Rio Capivara. O Instituto M\u00e9dico Legal (IML) foi acionado no in\u00edcio da tarde de hoje para recolher o corpo. Moradores [&hellip;]<\/p>\n","protected":false},"author":1,"featured_media":90069,"comment_status":"closed","ping_status":"closed","sticky":false,"template":"","format":"standard","meta":{"footnotes":""},"categories":[15],"tags":[432,431],"class_list":{"0":"post-90068","1":"post","2":"type-post","3":"status-publish","4":"format-standard","5":"has-post-thumbnail","7":"category-destaques","8":"tag-mulher-morre-depois-de-carro-capotar-e-cair-em-rio","9":"tag-mulher-morre-em-porto-da-folha"},"_links":{"self":[{"href":"https:\/\/senoticias.com.br\/se\/wp-json\/wp\/v2\/posts\/90068"}],"collection":[{"href":"https:\/\/senoticias.com.br\/se\/wp-json\/wp\/v2\/posts"}],"about":[{"href":"https:\/\/senoticias.com.br\/se\/wp-json\/wp\/v2\/types\/post"}],"author":[{"embeddable":true,"href":"https:\/\/senoticias.com.br\/se\/wp-json\/wp\/v2\/users\/1"}],"replies":[{"embeddable":true,"href":"https:\/\/senoticias.com.br\/se\/wp-json\/wp\/v2\/comments?post=90068"}],"version-history":[{"count":0,"href":"https:\/\/senoticias.com.br\/se\/wp-json\/wp\/v2\/posts\/90068\/revisions"}],"wp:featuredmedia":[{"embeddable":true,"href":"https:\/\/senoticias.com.br\/se\/wp-json\/wp\/v2\/media\/90069"}],"wp:attachment":[{"href":"https:\/\/senoticias.com.br\/se\/wp-json\/wp\/v2\/media?parent=90068"}],"wp:term":[{"taxonomy":"category","embeddable":true,"href":"https:\/\/senoticias.com.br\/se\/wp-json\/wp\/v2\/categories?post=90068"},{"taxonomy":"post_tag","embeddable":true,"href":"https:\/\/senoticias.com.br\/se\/wp-json\/wp\/v2\/tags?post=90068"}],"curies":[{"name":"wp","href":"https:\/\/api.w.org\/{rel}","templated":true}]}}