{"id":90040,"date":"2016-03-26T20:59:54","date_gmt":"2016-03-26T23:59:54","guid":{"rendered":"http:\/\/senoticias.com.br\/se\/?p=90040"},"modified":"2016-03-27T18:13:09","modified_gmt":"2016-03-27T21:13:09","slug":"flamengo-leva-gol-de-pernao-perde-em-volta-redonda-e-flerta-com-crise","status":"publish","type":"post","link":"https:\/\/senoticias.com.br\/se\/flamengo-leva-gol-de-pernao-perde-em-volta-redonda-e-flerta-com-crise\/","title":{"rendered":"Flamengo leva gol de Pern\u00e3o, perde em Volta Redonda e flerta com crise"},"content":{"rendered":"<p style=\"text-align: justify;\"><em><strong>Gazeta Press\u00a0&#8211;\u00a0Volta Redonda,\u00a0RJ<\/strong><\/em><\/p>\n<p style=\"text-align: justify;\">O Flamengo viu sua m\u00e1 fase se estender neste s\u00e1bado com mais um resultado negativo. Depois da elimina\u00e7\u00e3o da Primeira Liga com derrota para o Atl\u00e9tico Paranaense no meio de semana, os comandados de Muricy Ramalho foram derrotados pelo Volta Redonda por 1 a 0, gol de Rafael Pern\u00e3o, no Raulino de Oliveira, pela terceira rodada da Ta\u00e7a Guanabara.<\/p>\n<p style=\"text-align: justify;\">Com o resultado, o Flamengo caiu para a quarta coloca\u00e7\u00e3o na tabela, e ainda pode ser ultrapassado por Fluminense e Boavista, que jogam neste domingo. O Volta Redonda, agora com seis pontos em tr\u00eas jogos, dorme na segunda coloca\u00e7\u00e3o.<\/p>\n<div id=\"attachment_90041\" style=\"width: 608px\" class=\"wp-caption aligncenter\"><a href=\"http:\/\/senoticias.com.br\/se\/wp-content\/uploads\/2016\/03\/SENOTICIAS-flamengo-e1459036715621.jpg\"><img loading=\"lazy\" decoding=\"async\" aria-describedby=\"caption-attachment-90041\" class=\"size-full wp-image-90041\" alt=\"Eliminado na Primeira Liga no meio da semana, time frustrou de novo (Foto: Gilvan de Souza\/Flamengo)\" src=\"http:\/\/senoticias.com.br\/se\/wp-content\/uploads\/2016\/03\/SENOTICIAS-flamengo-e1459036715621.jpg\" width=\"598\" height=\"399\" \/><\/a><p id=\"caption-attachment-90041\" class=\"wp-caption-text\">Eliminado na Primeira Liga no meio da semana, time frustrou de novo (Foto: Gilvan de Souza\/Flamengo)<\/p><\/div>\n<p style=\"text-align: justify;\">O Flamengo, que n\u00e3o vence e n\u00e3o marca gols h\u00e1 quatro jogos, volta a campo na pr\u00f3xima quarta-feira no cl\u00e1ssico contra o Vasco, no Man\u00e9 Garrincha, em Bras\u00edlia, pela quarta rodada da Ta\u00e7a Guanabara. J\u00e1 o Volta Redonda encara o Botafogo em S\u00e3o Janu\u00e1rio no mesmo dia.<\/p>\n<p style=\"text-align: justify;\"><strong>O jogo \u2013<\/strong>\u00a0O primeiro tempo come\u00e7ou com as duas equipes em ritmo lento. O Volta Redonda se posta na marca\u00e7\u00e3o e tentava pressionar a sa\u00edda de bola do Fla, que tinha muitas dificuldades. A bola rolava de p\u00e9 em p\u00e9 na retaguarda Rubro-Negra.<\/p>\n<p style=\"text-align: justify;\">Com problemas na transi\u00e7\u00e3o para o ataque, o primeiro chute em gol saiu apenas aos 13 minutos. Em jogada iniciada por Ar\u00e3o na direita, Gabriel aproveitou a sobra e encheu o p\u00e9 da entrada da \u00e1rea, mas a bola sobe e sai pela linha de fundo.\u00a0O Volta Redonda responde em arrancada de Vin\u00edcius Pacheco pela esquerda. Marcado por C\u00e9sar Martins, o ex-flamenguista entrou na \u00e1rea e acertou a rede pelo lado de fora.<\/p>\n<p style=\"text-align: justify;\">O jogo seguiu morno e com poucas chances de gol at\u00e9 que Ederson fez boa jogada pela esquerda da \u00e1rea aos 26, e chutou cruzado. A bola foi colocada mas sem for\u00e7a, e Mota fez a defesa.\u00a0O Flamengo subiu de produ\u00e7\u00e3o e ensaiou uma press\u00e3o sobre a equipe do Sul Fluminense. Na bola parada, aos 30, quase o Fla abre o placar. Falta na esquerda do ataque e Gabriel arriscou direto para o gol, e acertou o travess\u00e3o do Volta\u00e7o.<\/p>\n<p style=\"text-align: justify;\">O Volta Redonda levou perigo aos 37 num bate rebate na \u00e1rea do Fla, que Paulo Victor teve de trabalhar. No fim, a bola sobrou para Vin\u00edcius Pacheco que isolou por cima da meta Rubro-Negra.\u00a0Na volta do intervalo, o Flamengo voltou mais ligado e perdeu chances incr\u00edveis, mas tamb\u00e9m se arriscou muito na defesa.<\/p>\n<p style=\"text-align: justify;\">Aos tr\u00eas, Ederson deu uma de ponta esquerda e cruzou rasteiro. Felipe Vizeu dominou e rolou para Cirino que vinha de tr\u00e1s. O atacente encheu o p\u00e9 e Mota se esticou para salvar o gol.\u00a0Em outra boa jogada, o Fla teve sua melhor chance at\u00e9 aquele momento no jogo. Plea direita, Cirino tocou na frente para Ar\u00e3o, que cruzou de primeira por baixo. Vizeu entrou pela pequena \u00e1rea e tocou de primeira, mas a bola foi em cima de Mota.<\/p>\n<p style=\"text-align: justify;\">Aos 25, Felipe Vizeu perdeu mais um na pequena \u00e1rea. Chiquinho desceu em velocidade pela esquerda e cruzou rasteiro O centroavante ent\u00e3o entrou de carrinho e a bola bateu no seu joelho e foi pela linha de fundo.\u00a0Depois de perder chances incr\u00edveis de abrir o placar, o Flamengo acusou o desgaste diminuiu o ritmo. O Volta Redonda se animou, foi pra cima e se deu bem. Aos 40, Niltinho fez um Carnaval na ap\u00e1tica defesa Rubro-Negra e chutou rasteiro. Rafael Pern\u00e3o entrou sozinho e tocou para o fundo da rede, para decretar o placar final do confronto.<\/p>\n<p><strong>FICHA T\u00c9CNICA<\/strong><br \/>\n<strong>VOLTA REDONDA 1 X 0 FLAMENGO<\/strong><\/p>\n<p><strong>Local:<\/strong>\u00a0est\u00e1dio Raulino de Oliveira, em Volta Redonda (RJ)<br \/>\n<strong>Data:<\/strong>\u00a026 de mar\u00e7o de 2016, s\u00e1bado<br \/>\n<strong>Hor\u00e1rio:<\/strong>\u00a018h30 (de Bras\u00edlia)<br \/>\n<strong>Renda:<\/strong>\u00a0R$ 54.110,00<br \/>\n<strong>P\u00fablico:<\/strong>\u00a02.255 pagantes (3.128 presentes)<br \/>\n<strong>\u00c1rbitro:<\/strong>\u00a0Jo\u00e3o Batista Arruda<br \/>\n<strong>Assistentes:<\/strong>\u00a0Gabriel Conti Viana e Gilberto Stina Pereira<br \/>\n<strong>Cart\u00f5es amarelos:<\/strong>\u00a0Bruno Barra, Niltinho, Hugo, Luan (Volta Redonda); C\u00e9sar Martins (Flamengo)<\/p>\n<p><strong>Gol:<\/strong><br \/>\nVOLTA REDONDA: Rafael Pern\u00e3o, aos 40 minutos do segundo tempo<\/p>\n<p><strong>VOLTA REDONDA:<\/strong>\u00a0Mota; Luis Gustavo, Luan, Ma\u00edlson e Cristiano; Bruno Barra, Marcelo, Dija Baiano (Niltinho) e Vin\u00edc\u00edus Pacheco (Lopes Tigr\u00e3o); Hugo (Rafael Pern\u00e3o) e Tiago Amaral<br \/>\n<strong>T\u00e9cnico:<\/strong>\u00a0Felipe Surian<\/p>\n<p><strong>FLAMENGO:<\/strong>\u00a0Paulo Victor; Rodinei, C\u00e9sar Martins, Wallace e Chiquinho; M\u00e1rcio Ara\u00fajo, Willian Ar\u00e3o, Gabriel (Alan Patrick), Ederson; Marcelo Cirino e Felipe Vizeu<br \/>\n<strong>T\u00e9cnico:<\/strong>\u00a0Muricy Ramalho<\/p>\n<p><strong>Acompanhe tamb\u00e9m o SEnot\u00edcias no\u00a0<a href=\"https:\/\/twitter.com\/\" target=\"_blank\">Twitter<\/a>,\u00a0<a href=\"https:\/\/www.facebook.com\/senoticias1\/\" target=\"_blank\">Facebook<\/a>\u00a0e no\u00a0<a href=\"https:\/\/www.instagram.com\/\" target=\"_blank\">Instagram<\/a><\/strong><\/p>\n","protected":false},"excerpt":{"rendered":"<p>Gazeta Press\u00a0&#8211;\u00a0Volta Redonda,\u00a0RJ O Flamengo viu sua m\u00e1 fase se estender neste s\u00e1bado com mais um resultado negativo. Depois da elimina\u00e7\u00e3o da Primeira Liga com derrota para o Atl\u00e9tico Paranaense no meio de semana, os comandados de Muricy Ramalho foram derrotados pelo Volta Redonda por 1 a 0, gol de Rafael Pern\u00e3o, no Raulino de [&hellip;]<\/p>\n","protected":false},"author":1,"featured_media":90041,"comment_status":"closed","ping_status":"closed","sticky":false,"template":"","format":"standard","meta":{"footnotes":""},"categories":[26],"tags":[404,405,392,393,406,394],"class_list":{"0":"post-90040","1":"post","2":"type-post","3":"status-publish","4":"format-standard","5":"has-post-thumbnail","7":"category-esportes","8":"tag-campeonato-carioca","9":"tag-campeonato-carioca-2016","10":"tag-flamengo","11":"tag-flamengo-perde-para-o-volta-redonda","12":"tag-futebol","13":"tag-volta-redonda-x-flamento"},"_links":{"self":[{"href":"https:\/\/senoticias.com.br\/se\/wp-json\/wp\/v2\/posts\/90040"}],"collection":[{"href":"https:\/\/senoticias.com.br\/se\/wp-json\/wp\/v2\/posts"}],"about":[{"href":"https:\/\/senoticias.com.br\/se\/wp-json\/wp\/v2\/types\/post"}],"author":[{"embeddable":true,"href":"https:\/\/senoticias.com.br\/se\/wp-json\/wp\/v2\/users\/1"}],"replies":[{"embeddable":true,"href":"https:\/\/senoticias.com.br\/se\/wp-json\/wp\/v2\/comments?post=90040"}],"version-history":[{"count":0,"href":"https:\/\/senoticias.com.br\/se\/wp-json\/wp\/v2\/posts\/90040\/revisions"}],"wp:featuredmedia":[{"embeddable":true,"href":"https:\/\/senoticias.com.br\/se\/wp-json\/wp\/v2\/media\/90041"}],"wp:attachment":[{"href":"https:\/\/senoticias.com.br\/se\/wp-json\/wp\/v2\/media?parent=90040"}],"wp:term":[{"taxonomy":"category","embeddable":true,"href":"https:\/\/senoticias.com.br\/se\/wp-json\/wp\/v2\/categories?post=90040"},{"taxonomy":"post_tag","embeddable":true,"href":"https:\/\/senoticias.com.br\/se\/wp-json\/wp\/v2\/tags?post=90040"}],"curies":[{"name":"wp","href":"https:\/\/api.w.org\/{rel}","templated":true}]}}