{"id":90037,"date":"2016-03-26T20:27:32","date_gmt":"2016-03-26T23:27:32","guid":{"rendered":"http:\/\/senoticias.com.br\/se\/?p=90037"},"modified":"2016-03-26T20:28:26","modified_gmt":"2016-03-26T23:28:26","slug":"justica-manda-soltar-nove-presos-da-26a-fase-da-operacao-lava-jato","status":"publish","type":"post","link":"https:\/\/senoticias.com.br\/se\/justica-manda-soltar-nove-presos-da-26a-fase-da-operacao-lava-jato\/","title":{"rendered":"Justi\u00e7a manda soltar nove presos da 26\u00aa fase da Opera\u00e7\u00e3o Lava Jato"},"content":{"rendered":"<p style=\"text-align: justify;\">Juiz\u00a0\u00a0Sergio Moro decide n\u00e3o prolongar as pris\u00f5es tempor\u00e1rias de executivos e doleiros detidos na 26\u00aa fase da Lava Jato e deve encaminhar planilha que apontaria pagamentos da Odebrecht a cerca de 300 pol\u00edticos ao STF.<\/p>\n<div id=\"attachment_90038\" style=\"width: 608px\" class=\"wp-caption aligncenter\"><a href=\"http:\/\/senoticias.com.br\/se\/wp-content\/uploads\/2016\/03\/SENOTICIAS-LAVA-JATO-e1459034758130.jpeg\"><img loading=\"lazy\" decoding=\"async\" aria-describedby=\"caption-attachment-90038\" class=\"size-full wp-image-90038\" alt=\" A 26\u00aa fase da Opera\u00e7\u00e3o Lava-Jato, foi deflagrada na ter\u00e7a-feira (22). Suspeitos estavam na Superintend\u00eancia da Pol\u00edcia Federal, em Curitiba (PR) (Foto: Wagner Ros\u00e1rio\/VEJA.com)\" src=\"http:\/\/senoticias.com.br\/se\/wp-content\/uploads\/2016\/03\/SENOTICIAS-LAVA-JATO-e1459034758130.jpeg\" width=\"598\" height=\"449\" \/><\/a><p id=\"caption-attachment-90038\" class=\"wp-caption-text\"><br \/>A 26\u00aa fase da Opera\u00e7\u00e3o Lava-Jato, foi deflagrada na ter\u00e7a-feira (22). Suspeitos estavam na Superintend\u00eancia da Pol\u00edcia Federal, em Curitiba (PR) (Foto: Wagner Ros\u00e1rio\/VEJA.com)<\/p><\/div>\n<p style=\"text-align: justify;\">O juiz Sergio Moro, da 13\u00aa Vara Federal Criminal de Curitiba, determinou neste s\u00e1bado (26\/03) a libera\u00e7\u00e3o de nove presos tempor\u00e1rios da 26\u00aa fase da Opera\u00e7\u00e3o Lava Jato. Em despacho, Moro diz que n\u00e3o \u00e9 o caso de prorrogar as pris\u00f5es, mas determinou que nenhum deles poder\u00e1 deixar o pa\u00eds durante as investiga\u00e7\u00f5es e devem entregar os passaportes no prazo de tr\u00eas dias.&lt;&#8220;Diante dos ind\u00edcios de que executivos do Grupo Odebrecht foram deslocados para o exterior durante as investiga\u00e7\u00f5es, nele obtendo ref\u00fagio, imponho como medida cautelar alternativa \u00e0 pris\u00e3o a proibi\u00e7\u00e3o de que os investigados ora soltos deixem o pa\u00eds&#8221;, diz o despacho.<\/p>\n<p style=\"text-align: justify;\">Moro decidiu n\u00e3o prolongar as pris\u00f5es tempor\u00e1rias, que haviam vencido neste s\u00e1bado, de Alvaro Jos\u00e9 Galliez Novis, Ant\u00f4nio Claudio Albernaz Cordeiro, Ant\u00f4nio Pessoa de Souza Couto, Isaias Ubiraci Chaves Santos, Jo\u00e3o Alberto Lovera, Paul Elie Altit, Roberto Prisco Para\u00edso Ramos, Rodrigo Costa Melo e Sergio Luiz Neves.<\/p>\n<p style=\"text-align: justify;\">As nove pessoas presas temporariamente s\u00e3o investigadas por crimes que envolvem fraudes documentais. A pris\u00e3o foi decidida, segundo despacho feito na \u00e9poca, porque havia o risco de oculta\u00e7\u00e3o, destrui\u00e7\u00e3o e falsifica\u00e7\u00e3o de provas.<\/p>\n<p style=\"text-align: justify;\">O juiz tamb\u00e9m justificou a pris\u00e3o na garantia de que essas pessoas seriam ouvidas separadamente pela autoridade policial, &#8220;sem que recebam influ\u00eancias uns dos outros&#8221;.<\/p>\n<p style=\"text-align: justify;\"><strong>Planilhas da Odebrecht<\/strong><\/p>\n<p style=\"text-align: justify;\">No despacho, Moro tamb\u00e9m afirmou que \u00e9 &#8220;prov\u00e1vel&#8221; que envie ao Supremo Tribunal Federal (STF) uma planilha que apontaria pagamentos da Odebrecht a cerca de 300 pol\u00edticos, incluindo alguns com foro privilegiado. A lista foi encontrada pela Pol\u00edcia Federal na casa de Benedicto Barbosa da Silva J\u00fanior, presidente da Odebrecht Infraestrutura.<\/p>\n<p style=\"text-align: justify;\">De acordo com o juiz, \u00e9 prematura qualquer conclus\u00e3o quanto \u00e0 natureza dos pagamentos, se s\u00e3o il\u00edcitos ou n\u00e3o.<\/p>\n<p style=\"text-align: justify;\">&#8220;Os pagamentos retratados nas planilhas da resid\u00eancia do executivo Benedicto Barbosa podem retratar doa\u00e7\u00f5es eleitorais l\u00edcitas ou mesmo pagamentos que n\u00e3o tenham se efetivado&#8221;, diz Moro. &#8220;A cautela recomenda, por\u00e9m, que a quest\u00e3o seja submetida desde logo ao Egr\u00e9gio Supremo Tribunal Federal.&#8221;<\/p>\n<p style=\"text-align: justify;\"><strong>Acompanhe tamb\u00e9m o SEnot\u00edcias no\u00a0<a href=\"https:\/\/twitter.com\/\" target=\"_blank\">Twitter<\/a>,\u00a0<a href=\"https:\/\/www.facebook.com\/senoticias1\/\" target=\"_blank\">Facebook<\/a>\u00a0e no\u00a0<a href=\"https:\/\/www.instagram.com\/\" target=\"_blank\">Instagram<\/a><\/strong><\/p>\n<p style=\"text-align: justify;\"><em><strong>por Reda\u00e7\u00e3o, Portal Terra<\/strong><\/em><\/p>\n","protected":false},"excerpt":{"rendered":"<p>Juiz\u00a0\u00a0Sergio Moro decide n\u00e3o prolongar as pris\u00f5es tempor\u00e1rias de executivos e doleiros detidos na 26\u00aa fase da Lava Jato e deve encaminhar planilha que apontaria pagamentos da Odebrecht a cerca de 300 pol\u00edticos ao STF. O juiz Sergio Moro, da 13\u00aa Vara Federal Criminal de Curitiba, determinou neste s\u00e1bado (26\/03) a libera\u00e7\u00e3o de nove presos [&hellip;]<\/p>\n","protected":false},"author":1,"featured_media":90038,"comment_status":"closed","ping_status":"closed","sticky":false,"template":"","format":"standard","meta":{"footnotes":""},"categories":[6],"tags":[387,388,390,385,391,389,386],"class_list":{"0":"post-90037","1":"post","2":"type-post","3":"status-publish","4":"format-standard","5":"has-post-thumbnail","7":"category-politica","8":"tag-26a-fase-da-lava-jato","9":"tag-grupo-odebrecht","10":"tag-juiz-sergio-moro","11":"tag-lava-jato","12":"tag-moro","13":"tag-odebrecht","14":"tag-sergio-moro"},"_links":{"self":[{"href":"https:\/\/senoticias.com.br\/se\/wp-json\/wp\/v2\/posts\/90037"}],"collection":[{"href":"https:\/\/senoticias.com.br\/se\/wp-json\/wp\/v2\/posts"}],"about":[{"href":"https:\/\/senoticias.com.br\/se\/wp-json\/wp\/v2\/types\/post"}],"author":[{"embeddable":true,"href":"https:\/\/senoticias.com.br\/se\/wp-json\/wp\/v2\/users\/1"}],"replies":[{"embeddable":true,"href":"https:\/\/senoticias.com.br\/se\/wp-json\/wp\/v2\/comments?post=90037"}],"version-history":[{"count":0,"href":"https:\/\/senoticias.com.br\/se\/wp-json\/wp\/v2\/posts\/90037\/revisions"}],"wp:featuredmedia":[{"embeddable":true,"href":"https:\/\/senoticias.com.br\/se\/wp-json\/wp\/v2\/media\/90038"}],"wp:attachment":[{"href":"https:\/\/senoticias.com.br\/se\/wp-json\/wp\/v2\/media?parent=90037"}],"wp:term":[{"taxonomy":"category","embeddable":true,"href":"https:\/\/senoticias.com.br\/se\/wp-json\/wp\/v2\/categories?post=90037"},{"taxonomy":"post_tag","embeddable":true,"href":"https:\/\/senoticias.com.br\/se\/wp-json\/wp\/v2\/tags?post=90037"}],"curies":[{"name":"wp","href":"https:\/\/api.w.org\/{rel}","templated":true}]}}